{"id":51196,"date":"2025-10-20T12:10:16","date_gmt":"2025-10-20T15:10:16","guid":{"rendered":"https:\/\/atecordoba.org\/?p=51196"},"modified":"2025-10-20T12:27:52","modified_gmt":"2025-10-20T15:27:52","slug":"conferencia-de-prensa-denuncia-penal-contra-el-fiscal-de-aragon-y-la-policia-por-la-represion-en-la-municipalidad","status":"publish","type":"post","link":"https:\/\/atecordoba.org\/?p=51196","title":{"rendered":"Conferencia de Prensa: Denuncia penal contra el Fiscal De Arag\u00f3n y la polic\u00eda por la represi\u00f3n en la Municipalidad"},"content":{"rendered":"<p><img loading=\"lazy\" decoding=\"async\" class=\"aligncenter wp-image-51197 \" src=\"https:\/\/atecordoba.org\/wp-content\/uploads\/2025\/10\/portada-tribunales-645x1024.jpeg\" alt=\"\" width=\"622\" height=\"987\" \/><\/p>\n<p>Este viernes 24 de octubre, a las 9 horas, en la Sala de Prensa de Tribunales II, el Secretario General Federico Giuliani, junto al equipo jur\u00eddico de ATE encabezado por el abogado Claudio Orosz, realizar\u00e1 una conferencia de prensa donde dar\u00e1 a conocer una denuncia penal contra los polic\u00edas intervinientes y contra el fiscal Ernesto de Arag\u00f3n, por la represi\u00f3n sufrida durante la protesta que realizaron ATE y la CTAA frente al \u00e1rea de pol\u00edticas sociales de la Municipalidad de C\u00f3rdoba, el pasado 28 de agosto.<\/p>\n<p>En la oportunidad, Giuliani explicar\u00e1 ante la prensa los fundamentos de la denuncia en base a un video realizado por la ONG Mapa de la Polic\u00eda, que desvirt\u00faa absolutamente la versi\u00f3n policial y demuestra que no se arrojaron piedras, ni hubo amenazas contra los polic\u00edas presentes en el lugar, que ni Giuliani ni los 14 dirigentes restantes detenidos ingresaron violentamente a la dependencia, que los polic\u00edas impidieron el di\u00e1logo entre los funcionarios y los manifestantes, y el resto de las falsedades que el fiscal De Arag\u00f3n introdujo en la causa.<\/p>\n<p>La denuncia acusa a De Arag\u00f3n y los polic\u00edas de privaci\u00f3n ileg\u00edtima de la libertad y lesiones graves -que implic\u00f3 un brazo quebrado de Giuliani por la violencia policial-, entre otras ilegalidades.<\/p>\n","protected":false},"excerpt":{"rendered":"<p>Este viernes 24 de octubre, a las 9 horas, en la Sala de Prensa de Tribunales II, el Secretario General Federico Giuliani, junto al equipo jur\u00eddico de ATE encabezado por el abogado Claudio Orosz, realizar\u00e1 una conferencia de prensa donde dar\u00e1 a conocer una denuncia penal contra los polic\u00edas intervinientes y contra el fiscal Ernesto [&hellip;]<\/p>\n","protected":false},"author":7,"featured_media":51197,"comment_status":"open","ping_status":"open","sticky":false,"template":"","format":"standard","meta":{"_exactmetrics_skip_tracking":false,"_exactmetrics_sitenote_active":false,"_exactmetrics_sitenote_note":"","_exactmetrics_sitenote_category":0,"jnews-multi-image_gallery":[],"jnews_single_post":{"format":"standard","override":[{"template":"1","parallax":"1","fullscreen":"1","layout":"no-sidebar-narrow","sidebar":"default-sidebar","second_sidebar":"default-sidebar","sticky_sidebar":"1","share_position":"bottom","share_float_style":"share-monocrhome","show_share_counter":"1","show_view_counter":"1","show_post_meta":"1","show_post_author_image":"1","show_post_date":"1","post_date_format":"default","post_date_format_custom":"Y\/m\/d","show_post_category":"1","show_post_reading_time":"0","post_reading_time_wpm":"300","post_calculate_word_method":"str_word_count","show_zoom_button":"0","zoom_button_out_step":"2","zoom_button_in_step":"3","show_post_tag":"1","number_popup_post":"1","show_post_related":"1","show_inline_post_related":"0"}],"image_override":[{"single_post_thumbnail_size":"crop-500","single_post_gallery_size":"crop-500"}],"trending_post_position":"meta","trending_post_label":"Trending","sponsored_post_label":"Sponsored by","disable_ad":"0"},"jnews_primary_category":[],"jnews_social_meta":[],"jnews_review":[],"enable_review":"","type":"percentage","name":"","summary":"","brand":"","sku":"","good":[],"bad":[],"score_override":"","override_value":"","rating":[],"price":[],"jnews_override_counter":{"view_counter_number":"0","share_counter_number":"0","like_counter_number":"0","dislike_counter_number":"0"},"jnews_post_split":{"post_split":[{"template":"1","tag":"h2","numbering":"asc","mode":"normal","first":"0","enable_toc":"0","toc_type":"normal"}]},"footnotes":""},"categories":[341],"tags":[],"class_list":["post-51196","post","type-post","status-publish","format-standard","has-post-thumbnail","hentry","category-cdp"],"jetpack_featured_media_url":"https:\/\/atecordoba.org\/wp-content\/uploads\/2025\/10\/portada-tribunales-e1760972949805.jpeg","_links":{"self":[{"href":"https:\/\/atecordoba.org\/index.php?rest_route=\/wp\/v2\/posts\/51196","targetHints":{"allow":["GET"]}}],"collection":[{"href":"https:\/\/atecordoba.org\/index.php?rest_route=\/wp\/v2\/posts"}],"about":[{"href":"https:\/\/atecordoba.org\/index.php?rest_route=\/wp\/v2\/types\/post"}],"author":[{"embeddable":true,"href":"https:\/\/atecordoba.org\/index.php?rest_route=\/wp\/v2\/users\/7"}],"replies":[{"embeddable":true,"href":"https:\/\/atecordoba.org\/index.php?rest_route=%2Fwp%2Fv2%2Fcomments&post=51196"}],"version-history":[{"count":6,"href":"https:\/\/atecordoba.org\/index.php?rest_route=\/wp\/v2\/posts\/51196\/revisions"}],"predecessor-version":[{"id":51205,"href":"https:\/\/atecordoba.org\/index.php?rest_route=\/wp\/v2\/posts\/51196\/revisions\/51205"}],"wp:featuredmedia":[{"embeddable":true,"href":"https:\/\/atecordoba.org\/index.php?rest_route=\/wp\/v2\/media\/51197"}],"wp:attachment":[{"href":"https:\/\/atecordoba.org\/index.php?rest_route=%2Fwp%2Fv2%2Fmedia&parent=51196"}],"wp:term":[{"taxonomy":"category","embeddable":true,"href":"https:\/\/atecordoba.org\/index.php?rest_route=%2Fwp%2Fv2%2Fcategories&post=51196"},{"taxonomy":"post_tag","embeddable":true,"href":"https:\/\/atecordoba.org\/index.php?rest_route=%2Fwp%2Fv2%2Ftags&post=51196"}],"curies":[{"name":"wp","href":"https:\/\/api.w.org\/{rel}","templated":true}]}}