{"id":5119,"date":"2015-04-27T16:02:44","date_gmt":"2015-04-27T19:02:44","guid":{"rendered":"http:\/\/www.atecordoba.org\/?p=5119"},"modified":"2015-04-27T16:02:44","modified_gmt":"2015-04-27T19:02:44","slug":"congreso-provincial-de-ate-respaldo-a-avila-vazquez","status":"publish","type":"post","link":"https:\/\/atecordoba.org\/?p=5119","title":{"rendered":"Congreso Provincial de ATE respald\u00f3 a \u00c1vila V\u00e1zquez"},"content":{"rendered":"<p><em>El 19\u00ba congreso provincial de ATE, realizado el pasado viernes 24 de abril en la ciudad de R\u00edo Tercero, se expres\u00f3 por unanimidad en respaldo del m\u00e9dico Medardo \u00c1vila V\u00e1zquez, atacado por encabezar un informe epidemiol\u00f3gico en la localidad de Monte Ma\u00edz que establece claros v\u00ednculos entre los casos de c\u00e1ncer y otras enfermedades con el uso de agroqu\u00edmicos en la regi\u00f3n.<\/em><\/p>\n<p><a href=\"http:\/\/www.atecordoba.org\/wp-content\/uploads\/2015\/04\/IMG_7647-e1430161256612.jpg\"><img loading=\"lazy\" decoding=\"async\" class=\"aligncenter size-full wp-image-5120\" src=\"http:\/\/www.atecordoba.org\/wp-content\/uploads\/2015\/04\/IMG_7647-e1430161256612.jpg\" alt=\"IMG_7647\" width=\"550\" height=\"309\" \/><\/a><\/p>\n<p>En la resoluci\u00f3n del Congreso se declar\u00f3 la solidaridad con el investigador de la UNC, v\u00edctima de una cruenta campa\u00f1a difamatoria desde distintas unidades acad\u00e9micas de la casa de estudios, e inst\u00f3 a las autoridades universitarias a apoyar el trabajo realizado en Monte Ma\u00edz, as\u00ed como el de todos los profesionales comprometidos con la salud p\u00fablica.<\/p>\n<p>Adem\u00e1s, el Congreso repudi\u00f3 la utilizaci\u00f3n indiscriminada de agroqu\u00edmicos como el Glifosato en el marco de un modelo productivo que afecta la salud de las poblaciones, mientras prioriza el negocio basado en la contaminaci\u00f3n y la intoxicaci\u00f3n de la comunidad. Diversos antecedentes confirman esta situaci\u00f3n en C\u00f3rdoba, como el caso de barrio Ituzaing\u00f3 en la capital provincial.<\/p>\n<p>La Organizaci\u00f3n Mundial de la Salud (OMS) ya se expres\u00f3 sobre el uso del Glifosato como un agroqu\u00edmico que genera c\u00e1ncer. En esa l\u00ednea, los resultados del estudio encabezado por \u00c1vila V\u00e1zquez, constat\u00f3 que en Monte Ma\u00edz se encuentra una tasa de enfermos de esa patolog\u00eda que multiplica por cinco el promedio nacional.<\/p>\n<p>\u00c1vila V\u00e1zquez form\u00f3 parte de la presentaci\u00f3n, el a\u00f1o pasado, del Departamento de Salud de ATE C\u00f3rdoba.<\/p>\n<p style=\"text-align: right;\">Mar\u00eda Teresa Romero<\/p>\n<p style=\"text-align: right;\">Secretaria General<\/p>\n","protected":false},"excerpt":{"rendered":"<p>El 19\u00ba congreso provincial de ATE, realizado el pasado viernes 24 de abril en la ciudad de R\u00edo Tercero, se expres\u00f3 por unanimidad en respaldo del m\u00e9dico Medardo \u00c1vila V\u00e1zquez, atacado por encabezar un informe epidemiol\u00f3gico en la localidad de Monte Ma\u00edz que establece claros v\u00ednculos entre los casos de c\u00e1ncer y otras enfermedades con [&hellip;]<\/p>\n","protected":false},"author":1,"featured_media":19220,"comment_status":"open","ping_status":"open","sticky":false,"template":"","format":"standard","meta":{"_exactmetrics_skip_tracking":false,"_exactmetrics_sitenote_active":false,"_exactmetrics_sitenote_note":"","_exactmetrics_sitenote_category":0,"jnews-multi-image_gallery":[],"jnews_single_post":[],"jnews_primary_category":[],"jnews_social_meta":[],"jnews_review":[],"enable_review":"","type":"","name":"","summary":"","brand":"","sku":"","good":[],"bad":[],"score_override":"","override_value":"","rating":[],"price":[],"jnews_override_counter":[],"jnews_post_split":[],"footnotes":""},"categories":[1],"tags":[],"class_list":["post-5119","post","type-post","status-publish","format-standard","has-post-thumbnail","hentry","category-sin-categoria"],"jetpack_featured_media_url":"https:\/\/atecordoba.org\/wp-content\/uploads\/2020\/05\/logo-nuevochico-e1561581322808.png","_links":{"self":[{"href":"https:\/\/atecordoba.org\/index.php?rest_route=\/wp\/v2\/posts\/5119","targetHints":{"allow":["GET"]}}],"collection":[{"href":"https:\/\/atecordoba.org\/index.php?rest_route=\/wp\/v2\/posts"}],"about":[{"href":"https:\/\/atecordoba.org\/index.php?rest_route=\/wp\/v2\/types\/post"}],"author":[{"embeddable":true,"href":"https:\/\/atecordoba.org\/index.php?rest_route=\/wp\/v2\/users\/1"}],"replies":[{"embeddable":true,"href":"https:\/\/atecordoba.org\/index.php?rest_route=%2Fwp%2Fv2%2Fcomments&post=5119"}],"version-history":[{"count":0,"href":"https:\/\/atecordoba.org\/index.php?rest_route=\/wp\/v2\/posts\/5119\/revisions"}],"wp:featuredmedia":[{"embeddable":true,"href":"https:\/\/atecordoba.org\/index.php?rest_route=\/wp\/v2\/media\/19220"}],"wp:attachment":[{"href":"https:\/\/atecordoba.org\/index.php?rest_route=%2Fwp%2Fv2%2Fmedia&parent=5119"}],"wp:term":[{"taxonomy":"category","embeddable":true,"href":"https:\/\/atecordoba.org\/index.php?rest_route=%2Fwp%2Fv2%2Fcategories&post=5119"},{"taxonomy":"post_tag","embeddable":true,"href":"https:\/\/atecordoba.org\/index.php?rest_route=%2Fwp%2Fv2%2Ftags&post=5119"}],"curies":[{"name":"wp","href":"https:\/\/api.w.org\/{rel}","templated":true}]}}