{"id":51166,"date":"2025-10-17T13:37:41","date_gmt":"2025-10-17T16:37:41","guid":{"rendered":"https:\/\/atecordoba.org\/?p=51166"},"modified":"2025-10-17T13:37:41","modified_gmt":"2025-10-17T16:37:41","slug":"giuliani-declaro-en-tribunales-y-presento-pruebas-contundentes-sobre-las-mentiras-que-utilizaron-la-policia-y-la-fiscalia-para-imputarlo","status":"publish","type":"post","link":"https:\/\/atecordoba.org\/?p=51166","title":{"rendered":"Giuliani declar\u00f3 en Tribunales y present\u00f3 pruebas contundentes sobre las mentiras que utilizaron la polic\u00eda y la fiscal\u00eda para imputarlo"},"content":{"rendered":"<p><img loading=\"lazy\" decoding=\"async\" class=\"aligncenter wp-image-51167 \" src=\"https:\/\/atecordoba.org\/wp-content\/uploads\/2025\/10\/WhatsApp-Image-2025-10-17-at-10.20.03-576x1024.jpeg\" alt=\"\" width=\"577\" height=\"1026\" \/>El secretario General de ATE y la CTAA C\u00f3rdoba, Federico Giuliani, realiz\u00f3 una declaraci\u00f3n indagatoria esta ma\u00f1ana en la Fiscal\u00eda de la provincia del Distrito 1 Turno 4, en la causa instrumentada por el fiscal Ernesto De Arag\u00f3n, en el marco de la brutal represi\u00f3n que la polic\u00eda de la provincia realiz\u00f3 contra una manifestaci\u00f3n de la Federaci\u00f3n Nacional Territorial (FeNaT-CTAA), frente a la Secretar\u00eda de Pol\u00edticas P\u00fablicas de la Municipalidad de C\u00f3rdoba el 28 de agosto, donde un millar de manifestantes reclamaban alimentos para comederos populares de la Capital provincial.<\/p>\n<p>Giuliani, junto a otras y otros 14 compa\u00f1eros y compa\u00f1eras, result\u00f3 imputado por supuestas amenazas y resistencia al autoridad, en un procedimiento llevado a cabo dentro de la dependencia donde la polic\u00eda le quebr\u00f3 un brazo, mientras maltrataba al resto de los y las dirigentes presentes en el lugar. Todo se realiz\u00f3 con la complicidad judicial, que posteriormente las y los mantuvo detenidos hasta la noche, salvo el caso de nuestro secretario General, que debi\u00f3 permanecer cinco d\u00edas demorado, incluso esposado a una cama en el Hospital Misericordia mientras era atendido por la quebradura del brazo, hasta que el Juzgado de Control orden\u00f3 su libertad, dando cuenta de la arbitrariedad y el ensa\u00f1amiento del fiscal De Arag\u00f3n en su contra.<img loading=\"lazy\" decoding=\"async\" class=\"alignleft wp-image-51168 \" src=\"https:\/\/atecordoba.org\/wp-content\/uploads\/2025\/10\/WhatsApp-Image-2025-10-17-at-10.20.01-768x1024.jpeg\" alt=\"\" width=\"417\" height=\"556\" srcset=\"https:\/\/atecordoba.org\/wp-content\/uploads\/2025\/10\/WhatsApp-Image-2025-10-17-at-10.20.01-768x1024.jpeg 768w, https:\/\/atecordoba.org\/wp-content\/uploads\/2025\/10\/WhatsApp-Image-2025-10-17-at-10.20.01-225x300.jpeg 225w, https:\/\/atecordoba.org\/wp-content\/uploads\/2025\/10\/WhatsApp-Image-2025-10-17-at-10.20.01-1152x1536.jpeg 1152w, https:\/\/atecordoba.org\/wp-content\/uploads\/2025\/10\/WhatsApp-Image-2025-10-17-at-10.20.01-750x1000.jpeg 750w, https:\/\/atecordoba.org\/wp-content\/uploads\/2025\/10\/WhatsApp-Image-2025-10-17-at-10.20.01-1140x1520.jpeg 1140w, https:\/\/atecordoba.org\/wp-content\/uploads\/2025\/10\/WhatsApp-Image-2025-10-17-at-10.20.01.jpeg 1200w\" sizes=\"auto, (max-width: 417px) 100vw, 417px\" \/><\/p>\n<p>En ese marco, en la puerta de ingreso a Tribunales II, Giuliani explic\u00f3 que la de hoy se trat\u00f3 de su segunda declaraci\u00f3n indagatoria, tras negarse a declarar en el primer llamado del fiscal, porque la causa todav\u00eda se encontraba en secreto de sumario.<\/p>\n<p>&#8220;Hoy vinimos a desmontar la mentira de la polic\u00eda de C\u00f3rdoba, en la causa armada por el fiscal De Arag\u00f3n y con la responsabilidad pol\u00edtica del ministro de Seguridad Juan Pablo Quinteros&#8221;, dijo el dirigente.<\/p>\n<p>Y agreg\u00f3: &#8220;realic\u00e9 una declaratoria extensa y profunda, exigiendo que se haga Justicia por toda la situaci\u00f3n de privaci\u00f3n ileg\u00edtima de la libertad que sufrimos. Pero vamos a ir por m\u00e1s, porque lo que pas\u00f3 no puede quedar impune.\u00a0Vamos a dejar establecidas las responsabilidad que cada uno de los actores contra ATE y la CTAA, e Insistimos en manifestar que la protesta no es un delito sino un derecho. Por eso nos parece importante la acci\u00f3n que llevamos adelante, que continuar\u00e1n con las denuncias pertinentes para ir marcando la cancha a este cordobesismo que nos quiere quietos y obsecuentes. Vamos a seguir peleando si contin\u00faa la injusticia social en la provincia&#8221;.<\/p>\n<p><strong>Pruebas presentadas<\/strong><\/p>\n<p>Seguidamente, el abogado de ATE, Claudio Orosz, ampli\u00f3 conceptos sobre las accesiones que se vienen llevando adelante desde la defensa de las y los imputados y remarc\u00f3 que se aportaron serie de im\u00e1genes y filmaciones, , a partir del aporte de m\u00faltiples organizaciones, que demuestran c\u00f3mo el operativo por el cual fue imputado Giuliani estuvo fuera de la ley.<\/p>\n<p>&#8220;Las pruebas demuestran que la acusaci\u00f3n que pesa sobre Giuliani y el resto de los compa\u00f1eros es una absoluta falacia de los comisarios que entregaron el procedimiento. Mintieron descaradamente ante la fiscal\u00eda con la complicidad del ministro (de Seguridad Juan Pablo Quinteros) y, obviamente, del fiscal. Hicimos aclaraciones de absoluta pertinencia y utilidad para dilucidar la verdad para que no se siga reprimiendo el derecho constitucional a la protesta y de peticionar ante las autoridades&#8221;.<img loading=\"lazy\" decoding=\"async\" class=\"alignright wp-image-51169 \" src=\"https:\/\/atecordoba.org\/wp-content\/uploads\/2025\/10\/WhatsApp-Image-2025-10-17-at-10.20.01-1-768x1024.jpeg\" alt=\"\" width=\"373\" height=\"497\" srcset=\"https:\/\/atecordoba.org\/wp-content\/uploads\/2025\/10\/WhatsApp-Image-2025-10-17-at-10.20.01-1-768x1024.jpeg 768w, https:\/\/atecordoba.org\/wp-content\/uploads\/2025\/10\/WhatsApp-Image-2025-10-17-at-10.20.01-1-225x300.jpeg 225w, https:\/\/atecordoba.org\/wp-content\/uploads\/2025\/10\/WhatsApp-Image-2025-10-17-at-10.20.01-1-1152x1536.jpeg 1152w, https:\/\/atecordoba.org\/wp-content\/uploads\/2025\/10\/WhatsApp-Image-2025-10-17-at-10.20.01-1-750x1000.jpeg 750w, https:\/\/atecordoba.org\/wp-content\/uploads\/2025\/10\/WhatsApp-Image-2025-10-17-at-10.20.01-1-1140x1520.jpeg 1140w, https:\/\/atecordoba.org\/wp-content\/uploads\/2025\/10\/WhatsApp-Image-2025-10-17-at-10.20.01-1.jpeg 1200w\" sizes=\"auto, (max-width: 373px) 100vw, 373px\" \/><\/p>\n<p>El letrado denunci\u00f3 tambi\u00e9n &#8220;la costumbre tan cordobesa de la polic\u00eda y el ministro, con la complicidad de la Justicia, de autom\u00e1ticamente reprimir e imputar a los luchadores sociales. Lo hicimos por escrito de manera extensa en un texto de nueve hojas y adem\u00e1s acompa\u00f1amos las filmaciones que demuestran que ni se tiraron piedras ni hubo amenazas, ni hubo un ingreso violento a la dependencia, ni se rompieron vidrios. Las pruebas dejan claro que si hubo funcionarios municipales que quisieron dialogar con los manifestantes e intentaron salir a la calle a hablar con la multitud presente, compuesta en su mayor\u00eda por mujeres y ni\u00f1os. Pero eso le fue impedido por la polic\u00eda&#8221;.<\/p>\n<p>Por otro lado, Orosz inform\u00f3 que se hizo reserva de realizar una denuncia penal porque Federico Giuliani &#8220;no solo fue ilegalmente detenido sino que adem\u00e1s se le quebr\u00f3 un brazo en ese procedimiento. La denuncia se presentar\u00e1 en los pr\u00f3ximos d\u00edas, contra los responsables del procedimiento y contra la fiscal\u00eda que hizo estas imputaciones falaces&#8221;.<\/p>\n<p><strong>Rev\u00e9s para De Arag\u00f3n<\/strong><\/p>\n<p>En otro orden, en una causa donde el mismo fiscal De Arag\u00f3n intent\u00f3 arbitrariamente imputar a Giuliani por su participaci\u00f3n en la marcha en repudio a la presencia del Presidente Javier Milei en C\u00f3rdoba el 25 de mayo del a\u00f1o pasado en la Plaza San Mart\u00edn, el abogado de ATE explic\u00f3 que el dirigente &#8220;ejerci\u00f3 el derecho constitucional de manifestarse, de expresarse y de circular, pero De Arag\u00f3n le imput\u00f3 instigaci\u00f3n p\u00fablica a cometer delitos&#8221;.<\/p>\n<p>Orosz remarc\u00f3 que &#8220;el desconocimiento supino de derecho de este funcionario judicial, porque el art\u00edculo 33 del C\u00f3digo de Procedimiento Penal de la Naci\u00f3n establece que ese delito es de exclusiva y excluyente jurisdicci\u00f3n federal y por lo tanto no procede su intervenci\u00f3n como fiscal de la provincia. Por eso el juzgado de control de esa causa, luego de un an\u00e1lisis meduloso de los antecedentes de la jurisprudencia y la doctrina, nos dio la raz\u00f3n y declar\u00f3 la incompetencia provincial, para luego remitirla a la Justicia Federal&#8221;, dando por tierra con la persecuci\u00f3n que impone De Arag\u00f3n al dirigente estatal, armando causas judiciales de manera permanente para amedrentarlo.<\/p>\n<p>&#8220;La Justicia Federal nos da muchas m\u00e1s garant\u00edas, ya que fue visitada por la Comisi\u00f3n Interamericana de DDHH y particip\u00f3 de los diversos eventos que la Comisi\u00f3n tuvo en Argentina y en Montevideo hace dos a\u00f1os. Ah\u00ed qued\u00f3 claro que no se puede reprimir la protesta social cuando es pac\u00edfica, y menos judicializarla con figuras como la instigaci\u00f3n o el entorpecimiento del transporte. El Cordobesismo van a tener que entender que las convenciones y la Constituci\u00f3n rigen en la provincia&#8221;, concluy\u00f3 el abogado.<\/p>\n","protected":false},"excerpt":{"rendered":"<p>El secretario General de ATE y la CTAA C\u00f3rdoba, Federico Giuliani, realiz\u00f3 una declaraci\u00f3n indagatoria esta ma\u00f1ana en la Fiscal\u00eda de la provincia del Distrito 1 Turno 4, en la causa instrumentada por el fiscal Ernesto De Arag\u00f3n, en el marco de la brutal represi\u00f3n que la polic\u00eda de la provincia realiz\u00f3 contra una manifestaci\u00f3n [&hellip;]<\/p>\n","protected":false},"author":7,"featured_media":51167,"comment_status":"open","ping_status":"open","sticky":false,"template":"","format":"standard","meta":{"_exactmetrics_skip_tracking":false,"_exactmetrics_sitenote_active":false,"_exactmetrics_sitenote_note":"","_exactmetrics_sitenote_category":0,"jnews-multi-image_gallery":[],"jnews_single_post":[],"jnews_primary_category":[],"jnews_social_meta":[],"jnews_review":[],"enable_review":"","type":"","name":"","summary":"","brand":"","sku":"","good":[],"bad":[],"score_override":"","override_value":"","rating":[],"price":[],"jnews_override_counter":[],"jnews_post_split":[],"footnotes":""},"categories":[341],"tags":[],"class_list":["post-51166","post","type-post","status-publish","format-standard","has-post-thumbnail","hentry","category-cdp"],"jetpack_featured_media_url":"https:\/\/atecordoba.org\/wp-content\/uploads\/2025\/10\/WhatsApp-Image-2025-10-17-at-10.20.03-e1760718539789.jpeg","_links":{"self":[{"href":"https:\/\/atecordoba.org\/index.php?rest_route=\/wp\/v2\/posts\/51166","targetHints":{"allow":["GET"]}}],"collection":[{"href":"https:\/\/atecordoba.org\/index.php?rest_route=\/wp\/v2\/posts"}],"about":[{"href":"https:\/\/atecordoba.org\/index.php?rest_route=\/wp\/v2\/types\/post"}],"author":[{"embeddable":true,"href":"https:\/\/atecordoba.org\/index.php?rest_route=\/wp\/v2\/users\/7"}],"replies":[{"embeddable":true,"href":"https:\/\/atecordoba.org\/index.php?rest_route=%2Fwp%2Fv2%2Fcomments&post=51166"}],"version-history":[{"count":1,"href":"https:\/\/atecordoba.org\/index.php?rest_route=\/wp\/v2\/posts\/51166\/revisions"}],"predecessor-version":[{"id":51170,"href":"https:\/\/atecordoba.org\/index.php?rest_route=\/wp\/v2\/posts\/51166\/revisions\/51170"}],"wp:featuredmedia":[{"embeddable":true,"href":"https:\/\/atecordoba.org\/index.php?rest_route=\/wp\/v2\/media\/51167"}],"wp:attachment":[{"href":"https:\/\/atecordoba.org\/index.php?rest_route=%2Fwp%2Fv2%2Fmedia&parent=51166"}],"wp:term":[{"taxonomy":"category","embeddable":true,"href":"https:\/\/atecordoba.org\/index.php?rest_route=%2Fwp%2Fv2%2Fcategories&post=51166"},{"taxonomy":"post_tag","embeddable":true,"href":"https:\/\/atecordoba.org\/index.php?rest_route=%2Fwp%2Fv2%2Ftags&post=51166"}],"curies":[{"name":"wp","href":"https:\/\/api.w.org\/{rel}","templated":true}]}}