{"id":51155,"date":"2025-10-16T14:54:19","date_gmt":"2025-10-16T17:54:19","guid":{"rendered":"https:\/\/atecordoba.org\/?p=51155"},"modified":"2025-10-16T15:10:41","modified_gmt":"2025-10-16T18:10:41","slug":"villa-ciudad-parque-asamblea-definio-la-agenda-gremial-para-elevarla-al-departamento-ejecutivo","status":"publish","type":"post","link":"https:\/\/atecordoba.org\/?p=51155","title":{"rendered":"Villa Ciudad Parque: asamblea defini\u00f3 la agenda gremial para elevarla al Departamento Ejecutivo"},"content":{"rendered":"<p><img loading=\"lazy\" decoding=\"async\" class=\"aligncenter wp-image-51156 size-large\" src=\"https:\/\/atecordoba.org\/wp-content\/uploads\/2025\/10\/WhatsApp-Image-2025-10-16-at-13.52.48-768x1024.jpeg\" alt=\"\" width=\"768\" height=\"1024\" \/>Una importante asamblea de trabajadores y trabajadoras municipales de Villa Ciudad Parque se llev\u00f3 cabo hoy convocada por ATE para definir la agenda de reclamos gremiales y acciones organizativas, de cara a plantearle al<br \/>\nDepartamento Ejecutivo en la pr\u00f3xima reuni\u00f3n paritaria con la patronal.<\/p>\n<p>Como primer punto se abord\u00f3 la cuesti\u00f3n salarial, ya que el \u00faltimo acuerdo se venci\u00f3 en septiembre y aun resta definir el \u00faltimo trimestre del 2025, consensuando el pedido de una recomposici\u00f3n del 30% para lo que resta del a\u00f1o, m\u00e1s un bono navide\u00f1o.<\/p>\n<p>Tambi\u00e9n se trat\u00f3 la problem\u00e1tica de las condiciones laborales, insistiendo en la necesidad de estudiar la situaci\u00f3n escalafonaria y las recategorizaciones pendientes, as\u00f3 como la urgente evaluaci\u00f3n de qu\u00e9 cantidad de trabajadores y trabajadoras se encuentran en situaci\u00f3n irregular, sin los beneficios de obra social ni los aportes previsionales.<\/p>\n<p>Otro punto que habl\u00f3 la asamblea fue plantear la realizaci\u00f3n de un relevamiento del personal de la comuna, invit\u00e1ndolos a que se afilen al sindicato. Muchos no afiliados participaron de la asamblea lo que exige una pronta campa\u00f1a de afiliaciones en el sector.<\/p>\n<p><strong>Vacunaciones<\/strong><\/p>\n<p>Por otro lado, ATE present\u00f3 un plan de vacunaci\u00f3n para las y los trabajadores que trabajan en los galpones municipales, para el personal que cumple funciones en la recolecci\u00f3n y reciclaje de residuos, y para aquellos y aquellas que trabajan en el centro de salud.<\/p>\n<p>Se defini\u00f3 la necesidad de vacunar contra hepatitis B y antitet\u00e1nica, entre otras<\/p>\n<p>Vale mencionar que ATE present\u00f3 a la comuna un proyecto de vacunatorio que aun no logr\u00f3 tener respuesta de parte del Departamento Ejecutivo.<\/p>\n<p>&nbsp;<\/p>\n","protected":false},"excerpt":{"rendered":"<p>Una importante asamblea de trabajadores y trabajadoras municipales de Villa Ciudad Parque se llev\u00f3 cabo hoy convocada por ATE para definir la agenda de reclamos gremiales y acciones organizativas, de cara a plantearle al Departamento Ejecutivo en la pr\u00f3xima reuni\u00f3n paritaria con la patronal. Como primer punto se abord\u00f3 la cuesti\u00f3n salarial, ya que el [&hellip;]<\/p>\n","protected":false},"author":7,"featured_media":51156,"comment_status":"open","ping_status":"open","sticky":false,"template":"","format":"standard","meta":{"_exactmetrics_skip_tracking":false,"_exactmetrics_sitenote_active":false,"_exactmetrics_sitenote_note":"","_exactmetrics_sitenote_category":0,"jnews-multi-image_gallery":[],"jnews_single_post":{"format":"standard","override":[{"template":"1","parallax":"1","fullscreen":"1","layout":"no-sidebar-narrow","sidebar":"default-sidebar","second_sidebar":"default-sidebar","sticky_sidebar":"1","share_position":"bottom","share_float_style":"share-monocrhome","show_share_counter":"1","show_view_counter":"1","show_post_meta":"1","show_post_author_image":"1","show_post_date":"1","post_date_format":"default","post_date_format_custom":"Y\/m\/d","show_post_category":"1","show_post_reading_time":"0","post_reading_time_wpm":"300","post_calculate_word_method":"str_word_count","show_zoom_button":"0","zoom_button_out_step":"2","zoom_button_in_step":"3","show_post_tag":"1","number_popup_post":"1","show_post_related":"1","show_inline_post_related":"0"}],"image_override":[{"single_post_thumbnail_size":"crop-500","single_post_gallery_size":"crop-500"}],"trending_post_position":"meta","trending_post_label":"Trending","sponsored_post_label":"Sponsored by","disable_ad":"0"},"jnews_primary_category":[],"jnews_social_meta":[],"jnews_review":[],"enable_review":"","type":"percentage","name":"","summary":"","brand":"","sku":"","good":[],"bad":[],"score_override":"","override_value":"","rating":[],"price":[],"jnews_override_counter":{"view_counter_number":"0","share_counter_number":"0","like_counter_number":"0","dislike_counter_number":"0"},"jnews_post_split":{"post_split":[{"template":"1","tag":"h2","numbering":"asc","mode":"normal","first":"0","enable_toc":"0","toc_type":"normal"}]},"footnotes":""},"categories":[20],"tags":[],"class_list":["post-51155","post","type-post","status-publish","format-standard","has-post-thumbnail","hentry","category-municipales"],"jetpack_featured_media_url":"https:\/\/atecordoba.org\/wp-content\/uploads\/2025\/10\/WhatsApp-Image-2025-10-16-at-13.52.48-e1760637251148.jpeg","_links":{"self":[{"href":"https:\/\/atecordoba.org\/index.php?rest_route=\/wp\/v2\/posts\/51155","targetHints":{"allow":["GET"]}}],"collection":[{"href":"https:\/\/atecordoba.org\/index.php?rest_route=\/wp\/v2\/posts"}],"about":[{"href":"https:\/\/atecordoba.org\/index.php?rest_route=\/wp\/v2\/types\/post"}],"author":[{"embeddable":true,"href":"https:\/\/atecordoba.org\/index.php?rest_route=\/wp\/v2\/users\/7"}],"replies":[{"embeddable":true,"href":"https:\/\/atecordoba.org\/index.php?rest_route=%2Fwp%2Fv2%2Fcomments&post=51155"}],"version-history":[{"count":4,"href":"https:\/\/atecordoba.org\/index.php?rest_route=\/wp\/v2\/posts\/51155\/revisions"}],"predecessor-version":[{"id":51160,"href":"https:\/\/atecordoba.org\/index.php?rest_route=\/wp\/v2\/posts\/51155\/revisions\/51160"}],"wp:featuredmedia":[{"embeddable":true,"href":"https:\/\/atecordoba.org\/index.php?rest_route=\/wp\/v2\/media\/51156"}],"wp:attachment":[{"href":"https:\/\/atecordoba.org\/index.php?rest_route=%2Fwp%2Fv2%2Fmedia&parent=51155"}],"wp:term":[{"taxonomy":"category","embeddable":true,"href":"https:\/\/atecordoba.org\/index.php?rest_route=%2Fwp%2Fv2%2Fcategories&post=51155"},{"taxonomy":"post_tag","embeddable":true,"href":"https:\/\/atecordoba.org\/index.php?rest_route=%2Fwp%2Fv2%2Ftags&post=51155"}],"curies":[{"name":"wp","href":"https:\/\/api.w.org\/{rel}","templated":true}]}}