{"id":51142,"date":"2025-10-16T09:44:27","date_gmt":"2025-10-16T12:44:27","guid":{"rendered":"https:\/\/atecordoba.org\/?p=51142"},"modified":"2025-10-16T09:44:27","modified_gmt":"2025-10-16T12:44:27","slug":"municipales-se-organizan-y-planifican-estrategias-sindicales","status":"publish","type":"post","link":"https:\/\/atecordoba.org\/?p=51142","title":{"rendered":"Municipales se organizan y planifican estrategias sindicales"},"content":{"rendered":"<p><img loading=\"lazy\" decoding=\"async\" class=\"aligncenter wp-image-51143 size-full\" src=\"https:\/\/atecordoba.org\/wp-content\/uploads\/2025\/10\/flyer-rio-ceballos.jpg\" alt=\"\" width=\"512\" height=\"640\" \/>Los trabajadores y trabajadoras municipales de R\u00edo Ceballos se juntar\u00e1n este viernes a partir de las 19 horas para debatir los temas derivados de la pr\u00e1ctica sindical y la necesaria construcci\u00f3n organizativa en las Sierras Chicas.<\/p>\n<p>El encuentro se realizar\u00e1 en la Hoster\u00eda El Molino (Per\u00fa 281, R\u00edo Ceballos), donde compartiremos un espacio de di\u00e1logo, debate y organizaci\u00f3n colectiva, para seguir construyendo unidad, derechos y dignidad laboral.<\/p>\n<p>De esta\u00a0manera, ATE contin\u00faa organizando a los y las trabajadoras municipales de Sierras Chicas.<\/p>\n<p><strong>La convocatoria<\/strong><\/p>\n<div class=\"x14z9mp xat24cr x1lziwak x1vvkbs xtlvy1s x126k92a\">\n<div dir=\"auto\"><span class=\"html-span xexx8yu xyri2b x18d9i69 x1c1uobl x1hl2dhg x16tdsg8 x1vvkbs x3nfvp2 x1j61x8r x1fcty0u xdj266r xat24cr xm2jcoa x1mpyi22 xxymvpz xlup9mm x1kky2od\"><img loading=\"lazy\" decoding=\"async\" class=\"xz74otr x15mokao x1ga7v0g x16uus16 xbiv7yw\" src=\"https:\/\/static.xx.fbcdn.net\/images\/emoji.php\/v9\/t7e\/1\/16\/1f4c5.png\" alt=\"\" width=\"16\" height=\"16\" \/><\/span>\u00a0Viernes 17 de octubre \u2013 19 horas.<\/div>\n<div dir=\"auto\"><span class=\"html-span xexx8yu xyri2b x18d9i69 x1c1uobl x1hl2dhg x16tdsg8 x1vvkbs x3nfvp2 x1j61x8r x1fcty0u xdj266r xat24cr xm2jcoa x1mpyi22 xxymvpz xlup9mm x1kky2od\"><img loading=\"lazy\" decoding=\"async\" class=\"xz74otr x15mokao x1ga7v0g x16uus16 xbiv7yw\" src=\"https:\/\/static.xx.fbcdn.net\/images\/emoji.php\/v9\/t2d\/1\/16\/1f4cd.png\" alt=\"\" width=\"16\" height=\"16\" \/><\/span>\u00a0Hoster\u00eda El Molino, Per\u00fa 281 \u2013 R\u00edo Ceballos.<\/div>\n<\/div>\n<div class=\"x14z9mp xat24cr x1lziwak x1vvkbs xtlvy1s x126k92a\">\n<div dir=\"auto\"><span class=\"html-span xexx8yu xyri2b x18d9i69 x1c1uobl x1hl2dhg x16tdsg8 x1vvkbs x3nfvp2 x1j61x8r x1fcty0u xdj266r xat24cr xm2jcoa x1mpyi22 xxymvpz xlup9mm x1kky2od\"><img loading=\"lazy\" decoding=\"async\" class=\"xz74otr x15mokao x1ga7v0g x16uus16 xbiv7yw\" src=\"https:\/\/static.xx.fbcdn.net\/images\/emoji.php\/v9\/tfc\/1\/16\/1f7e2.png\" alt=\"\" width=\"16\" height=\"16\" \/><\/span>\u00a0Sumate.<\/div>\n<\/div>\n<div class=\"addtoany_share_save_container addtoany_content addtoany_content_bottom\">\n<div class=\"a2a_kit a2a_kit_size_32 addtoany_list\" data-a2a-url=\"https:\/\/ctaacordoba.org\/juntada-de-municipales-en-rio-ceballos\/\" data-a2a-title=\"Juntada de municipales en R\u00edo Ceballos\"><\/div>\n<\/div>\n","protected":false},"excerpt":{"rendered":"<p>Los trabajadores y trabajadoras municipales de R\u00edo Ceballos se juntar\u00e1n este viernes a partir de las 19 horas para debatir los temas derivados de la pr\u00e1ctica sindical y la necesaria construcci\u00f3n organizativa en las Sierras Chicas. El encuentro se realizar\u00e1 en la Hoster\u00eda El Molino (Per\u00fa 281, R\u00edo Ceballos), donde compartiremos un espacio de di\u00e1logo, [&hellip;]<\/p>\n","protected":false},"author":7,"featured_media":51143,"comment_status":"open","ping_status":"open","sticky":false,"template":"","format":"standard","meta":{"_exactmetrics_skip_tracking":false,"_exactmetrics_sitenote_active":false,"_exactmetrics_sitenote_note":"","_exactmetrics_sitenote_category":0,"jnews-multi-image_gallery":[],"jnews_single_post":[],"jnews_primary_category":[],"jnews_social_meta":[],"jnews_review":[],"enable_review":"","type":"","name":"","summary":"","brand":"","sku":"","good":[],"bad":[],"score_override":"","override_value":"","rating":[],"price":[],"jnews_override_counter":[],"jnews_post_split":[],"footnotes":""},"categories":[20],"tags":[],"class_list":["post-51142","post","type-post","status-publish","format-standard","has-post-thumbnail","hentry","category-municipales"],"jetpack_featured_media_url":"https:\/\/atecordoba.org\/wp-content\/uploads\/2025\/10\/flyer-rio-ceballos-e1760618592163.jpg","_links":{"self":[{"href":"https:\/\/atecordoba.org\/index.php?rest_route=\/wp\/v2\/posts\/51142","targetHints":{"allow":["GET"]}}],"collection":[{"href":"https:\/\/atecordoba.org\/index.php?rest_route=\/wp\/v2\/posts"}],"about":[{"href":"https:\/\/atecordoba.org\/index.php?rest_route=\/wp\/v2\/types\/post"}],"author":[{"embeddable":true,"href":"https:\/\/atecordoba.org\/index.php?rest_route=\/wp\/v2\/users\/7"}],"replies":[{"embeddable":true,"href":"https:\/\/atecordoba.org\/index.php?rest_route=%2Fwp%2Fv2%2Fcomments&post=51142"}],"version-history":[{"count":1,"href":"https:\/\/atecordoba.org\/index.php?rest_route=\/wp\/v2\/posts\/51142\/revisions"}],"predecessor-version":[{"id":51144,"href":"https:\/\/atecordoba.org\/index.php?rest_route=\/wp\/v2\/posts\/51142\/revisions\/51144"}],"wp:featuredmedia":[{"embeddable":true,"href":"https:\/\/atecordoba.org\/index.php?rest_route=\/wp\/v2\/media\/51143"}],"wp:attachment":[{"href":"https:\/\/atecordoba.org\/index.php?rest_route=%2Fwp%2Fv2%2Fmedia&parent=51142"}],"wp:term":[{"taxonomy":"category","embeddable":true,"href":"https:\/\/atecordoba.org\/index.php?rest_route=%2Fwp%2Fv2%2Fcategories&post=51142"},{"taxonomy":"post_tag","embeddable":true,"href":"https:\/\/atecordoba.org\/index.php?rest_route=%2Fwp%2Fv2%2Ftags&post=51142"}],"curies":[{"name":"wp","href":"https:\/\/api.w.org\/{rel}","templated":true}]}}