{"id":51135,"date":"2025-10-15T11:42:43","date_gmt":"2025-10-15T14:42:43","guid":{"rendered":"https:\/\/atecordoba.org\/?p=51135"},"modified":"2025-10-15T11:48:14","modified_gmt":"2025-10-15T14:48:14","slug":"reclamo-de-delegadas-del-paicor-y-auxiliares-de-limpieza-al-secretario-de-la-gobernacion-david-consalvi","status":"publish","type":"post","link":"https:\/\/atecordoba.org\/?p=51135","title":{"rendered":"Reclamo de Delegadas del PAICOR y Auxiliares de Limpieza al secretario de la Gobernaci\u00f3n David Consalvi"},"content":{"rendered":"<p><img loading=\"lazy\" decoding=\"async\" class=\"aligncenter wp-image-51136 \" src=\"https:\/\/atecordoba.org\/wp-content\/uploads\/2025\/10\/auxiliares-rio3-1024x771.jpg\" alt=\"\" width=\"609\" height=\"459\" \/>El Secretario Gremial de ATE R\u00edo Tercero, Juan Baz\u00e1n, junto a la referente Mar\u00eda Sosa, compa\u00f1eras delegadas de PAICOR y Auxiliares de Limpieza de los convenios de Federalizaci\u00f3n, hicieron entrega al Secretario de la Gobernaci\u00f3n, David Consalvi, de un documento, detallando puntos importantes y cr\u00edticos, por los que se requieren una acci\u00f3n inmediata.<\/p>\n<p>Se trata de trabajadoras que integran el sector m\u00e1s precarizado en sus condiciones de trabajo y con peores niveles salariales de la provincia, un colectivo que tiene a cargo la higiene de las escuelas p\u00fablicas y de brindar la asistencia alimentaria para las y los estudiantes, lo que da cuenta de la importancia de su actividad y de la necesidad de que obtengan el reconocimiento correspondiente.<\/p>\n<p><img loading=\"lazy\" decoding=\"async\" class=\" wp-image-51138 alignleft\" src=\"https:\/\/atecordoba.org\/wp-content\/uploads\/2025\/10\/consalvi2-e1760539355639.jpg\" alt=\"\" width=\"268\" height=\"252\" \/><\/p>\n<p><strong>La grilla de reclamos:<\/strong><\/p>\n<p>* Crisis en APROSS, necesidad de contar con cobertura m\u00e9dica conforme su condici\u00f3n laboral.<\/p>\n<p>* Pase a Planta Permanente.<\/p>\n<p>* Actualizaci\u00f3n salarial real con cl\u00e1usula gatillo.<\/p>\n<p>* Reconocimiento de la Econom\u00eda Popular.<\/p>\n<p>* Fin a la persecuci\u00f3n sindical y social.<\/p>\n<p>* \u201cExigimos el cese inmediato de la criminalizaci\u00f3n de la protesta, juicio y castigo a los responsables pol\u00edticos, policiales y judiciales y la restituci\u00f3n plena de derechos civiles, pol\u00edticos y sindicales.<\/p>\n<p>\u201cEl Estado Provincial debe dejar de ser c\u00f3mplice de un modelo de exclusi\u00f3n, represi\u00f3n y precarizaci\u00f3n de las condiciones de vida y trabajo. La salud, el trabajo y la dignidad no se negocian. Por salud digna, trabajo justo y libertad sindical. Unidad, Organizaci\u00f3n y Lucha\u201d, puntualiz\u00f3 ATE tras tomar contacto con el funcionario.<\/p>\n","protected":false},"excerpt":{"rendered":"<p>El Secretario Gremial de ATE R\u00edo Tercero, Juan Baz\u00e1n, junto a la referente Mar\u00eda Sosa, compa\u00f1eras delegadas de PAICOR y Auxiliares de Limpieza de los convenios de Federalizaci\u00f3n, hicieron entrega al Secretario de la Gobernaci\u00f3n, David Consalvi, de un documento, detallando puntos importantes y cr\u00edticos, por los que se requieren una acci\u00f3n inmediata. Se trata [&hellip;]<\/p>\n","protected":false},"author":7,"featured_media":51136,"comment_status":"open","ping_status":"open","sticky":false,"template":"","format":"standard","meta":{"_exactmetrics_skip_tracking":false,"_exactmetrics_sitenote_active":false,"_exactmetrics_sitenote_note":"","_exactmetrics_sitenote_category":0,"jnews-multi-image_gallery":[],"jnews_single_post":{"format":"standard","override":[{"template":"1","parallax":"1","fullscreen":"1","layout":"no-sidebar-narrow","sidebar":"default-sidebar","second_sidebar":"default-sidebar","sticky_sidebar":"1","share_position":"bottom","share_float_style":"share-monocrhome","show_share_counter":"1","show_view_counter":"1","show_post_meta":"1","show_post_author_image":"1","show_post_date":"1","post_date_format":"default","post_date_format_custom":"Y\/m\/d","show_post_category":"1","show_post_reading_time":"0","post_reading_time_wpm":"300","post_calculate_word_method":"str_word_count","show_zoom_button":"0","zoom_button_out_step":"2","zoom_button_in_step":"3","show_post_tag":"1","number_popup_post":"1","show_post_related":"1","show_inline_post_related":"0"}],"image_override":[{"single_post_thumbnail_size":"crop-500","single_post_gallery_size":"crop-500"}],"trending_post_position":"meta","trending_post_label":"Trending","sponsored_post_label":"Sponsored by","disable_ad":"0"},"jnews_primary_category":[],"jnews_social_meta":[],"jnews_review":[],"enable_review":"","type":"percentage","name":"","summary":"","brand":"","sku":"","good":[],"bad":[],"score_override":"","override_value":"","rating":[],"price":[],"jnews_override_counter":{"view_counter_number":"0","share_counter_number":"0","like_counter_number":"0","dislike_counter_number":"0"},"jnews_post_split":{"post_split":[{"template":"1","tag":"h2","numbering":"asc","mode":"normal","first":"0","enable_toc":"0","toc_type":"normal"}]},"footnotes":""},"categories":[8],"tags":[],"class_list":["post-51135","post","type-post","status-publish","format-standard","has-post-thumbnail","hentry","category-provinciales"],"jetpack_featured_media_url":"https:\/\/atecordoba.org\/wp-content\/uploads\/2025\/10\/auxiliares-rio3-e1760539682749.jpg","_links":{"self":[{"href":"https:\/\/atecordoba.org\/index.php?rest_route=\/wp\/v2\/posts\/51135","targetHints":{"allow":["GET"]}}],"collection":[{"href":"https:\/\/atecordoba.org\/index.php?rest_route=\/wp\/v2\/posts"}],"about":[{"href":"https:\/\/atecordoba.org\/index.php?rest_route=\/wp\/v2\/types\/post"}],"author":[{"embeddable":true,"href":"https:\/\/atecordoba.org\/index.php?rest_route=\/wp\/v2\/users\/7"}],"replies":[{"embeddable":true,"href":"https:\/\/atecordoba.org\/index.php?rest_route=%2Fwp%2Fv2%2Fcomments&post=51135"}],"version-history":[{"count":3,"href":"https:\/\/atecordoba.org\/index.php?rest_route=\/wp\/v2\/posts\/51135\/revisions"}],"predecessor-version":[{"id":51141,"href":"https:\/\/atecordoba.org\/index.php?rest_route=\/wp\/v2\/posts\/51135\/revisions\/51141"}],"wp:featuredmedia":[{"embeddable":true,"href":"https:\/\/atecordoba.org\/index.php?rest_route=\/wp\/v2\/media\/51136"}],"wp:attachment":[{"href":"https:\/\/atecordoba.org\/index.php?rest_route=%2Fwp%2Fv2%2Fmedia&parent=51135"}],"wp:term":[{"taxonomy":"category","embeddable":true,"href":"https:\/\/atecordoba.org\/index.php?rest_route=%2Fwp%2Fv2%2Fcategories&post=51135"},{"taxonomy":"post_tag","embeddable":true,"href":"https:\/\/atecordoba.org\/index.php?rest_route=%2Fwp%2Fv2%2Ftags&post=51135"}],"curies":[{"name":"wp","href":"https:\/\/api.w.org\/{rel}","templated":true}]}}