{"id":51131,"date":"2025-10-15T11:16:38","date_gmt":"2025-10-15T14:16:38","guid":{"rendered":"https:\/\/atecordoba.org\/?p=51131"},"modified":"2025-10-15T11:16:38","modified_gmt":"2025-10-15T14:16:38","slug":"encuentro-por-los-derechos-humanos-en-ate-cordoba","status":"publish","type":"post","link":"https:\/\/atecordoba.org\/?p=51131","title":{"rendered":"Encuentro por los Derechos Humanos en ATE C\u00f3rdoba"},"content":{"rendered":"<p><img loading=\"lazy\" decoding=\"async\" class=\"aligncenter wp-image-51132 size-full\" src=\"https:\/\/atecordoba.org\/wp-content\/uploads\/2025\/10\/encuentro-ddhh-flyer-16-10-25.jpg\" alt=\"\" width=\"509\" height=\"720\" \/>Este jueves 16 de octubre a las 18 horas se llevar\u00e1 a cabo en la sede de ATE C\u00f3rdoba un Encuentro por los Derechos Humanos a partir de una amplia convocatoria de Organizaci\u00f3n en Red para debatir en conjunto las acciones que correspondan llevar adelante, para contrarrestar el incremento de la Violencia Institucional y Estatal que ejerce el Gobierno Provincial utilizando como brazo ejecutor a la Polic\u00eda de la Provincia y la Justicia adicta al \u201cCordobesismo\u201d.<\/p>\n<p>En la oportunidad, se presentar\u00e1 la muestra fotogr\u00e1fica \u201cDISPARA\u201d de Mechi Ferreyra, una obra que interpela y refleja las luchas por la Memoria, la Justicia y la Dignidad.<\/p>\n<p>Para la CTA Aut\u00f3noma C\u00f3rdoba, \u201ces inaceptable que ante la crisis social y econ\u00f3mica imperante, donde la lucha necesariamente se profundiza, las pr\u00e1cticas persecutorias y criminalizadoras de la protesta se refuercen. Una decisi\u00f3n de estas caracter\u00edsticas pretende constituirse en un mecanismo disciplinador y de amedrentamiento para quienes luchan frente a tantas injusticias\u201d. \u201cSeguiremos denunciando e interviniendo cada vez que los reclamos genuinos y leg\u00edtimos de la clase trabajadora se resuelvan criminalizando y judicializando la protesta. Ni luchar ni protestar es delito. Desde nuestra Central no claudicaremos en este reclamo, menos a\u00fan cuando tocan a un compa\u00f1ero, y seguiremos exigiendo el cese de la persecuci\u00f3n pol\u00edtica\u201d, se\u00f1ala la Central.<\/p>\n<p>\u201cRechazamos la ofensiva pol\u00edtica, judicial, policial y medi\u00e1tica contra el pueblo trabajador y los sectores populares que no esperan de brazos cruzados ser \u2018carneados\u2019 por las pol\u00edticas de hambre, saqueo y entrega del Gobierno cipayo de Milei, sostenido por gobernadores amigos como Llaryora, que los arroja a la banquina y los deja sin futuro. El Gobierno Provincial tiene que tener \u2018tolerancia cero\u2019 con la corrupci\u00f3n, la Violencia Institucional de la Polic\u00eda, el hambre, la marginalidad y la inseguridad p\u00fablica, en lugar de asediar a los que luchan para que vuelva a imperar la Justicia Social\u201d, concluye la CTAA.<\/p>\n<p>\u201cOrganizarnos en red es la mejor respuesta frente al avance de la violencia y la impunidad\u201d, reza la convocatoria.<\/p>\n<p><strong>Importantes organizaciones presentes<\/strong><\/p>\n<p>Se espera la presencia de familiares de v\u00edctimas de casos de \u201cGatillo F\u00e1cil\u201d; el Comit\u00e9 Nacional para la Prevenci\u00f3n de la Tortura (CNPT), un organismo de monitoreo, control y seguimiento de los lugares donde se encuentran personas en situaciones de encierro, constituido el 28 de diciembre de 2017, que tiene como finalidad actuar como \u00f3rgano rector articulando y coordinando el Sistema Nacional de Prevenci\u00f3n de la Tortura y Otros Tratos o Penas Crueles, Inhumanos o Degradantes.<\/p>\n<p>En ese marco, el encuentro busca dise\u00f1ar y recomendar acciones y pol\u00edticas para la prevenci\u00f3n de la tortura, y promover la aplicaci\u00f3n de directivas, recomendaciones y criterios a las autoridades competentes a nivel nacional, provincial y municipal; la Asamblea Permanente por los Derechos Humanos (APDH), una organizaci\u00f3n no gubernamental fundada en 1975; y los Organismos de la Mesa Provincial de Derechos Humanos.<\/p>\n<p>Tambi\u00e9n se espera a representantes del Centro de Estudios Legales y Sociales (CELS), una organizaci\u00f3n no gubernamental con sede en Buenos Aires, fundada en 1979, orientada a la promoci\u00f3n y defensa de los derechos humanos y el fortalecimiento del sistema democr\u00e1tico, presidido por la abogada Mar\u00eda Jos\u00e9 Gembe; el Mapa de la Polic\u00eda, una organizaci\u00f3n no gubernamental que desarroll\u00f3 una herramienta digital para construir una red de cuidados para contrarrestar y poner en evidencia la Violencia Policial. Con su accionar, por ejemplo, se pudo reconstruir la escena de la represi\u00f3n del pasado 12 de marzo en la que un efectivo de Gendarmer\u00eda Nacional hiri\u00f3 gravemente al fot\u00f3grafo Pablo Grillo, y gracias a lo cual se logr\u00f3 que sea procesado el gendarme H\u00e9ctor Guerrero, acusado por lesiones grav\u00edsimas y abuso de uso de armas agravado por ser miembro de una Fuerza de Seguridad; entre otras entidades.<\/p>\n","protected":false},"excerpt":{"rendered":"<p>Este jueves 16 de octubre a las 18 horas se llevar\u00e1 a cabo en la sede de ATE C\u00f3rdoba un Encuentro por los Derechos Humanos a partir de una amplia convocatoria de Organizaci\u00f3n en Red para debatir en conjunto las acciones que correspondan llevar adelante, para contrarrestar el incremento de la Violencia Institucional y Estatal [&hellip;]<\/p>\n","protected":false},"author":7,"featured_media":51132,"comment_status":"open","ping_status":"open","sticky":false,"template":"","format":"standard","meta":{"_exactmetrics_skip_tracking":false,"_exactmetrics_sitenote_active":false,"_exactmetrics_sitenote_note":"","_exactmetrics_sitenote_category":0,"jnews-multi-image_gallery":[],"jnews_single_post":[],"jnews_primary_category":[],"jnews_social_meta":[],"jnews_review":[],"enable_review":"","type":"","name":"","summary":"","brand":"","sku":"","good":[],"bad":[],"score_override":"","override_value":"","rating":[],"price":[],"jnews_override_counter":[],"jnews_post_split":[],"footnotes":""},"categories":[341,122],"tags":[],"class_list":["post-51131","post","type-post","status-publish","format-standard","has-post-thumbnail","hentry","category-cdp","category-ddhh"],"jetpack_featured_media_url":"https:\/\/atecordoba.org\/wp-content\/uploads\/2025\/10\/encuentro-ddhh-flyer-16-10-25-e1760537791590.jpg","_links":{"self":[{"href":"https:\/\/atecordoba.org\/index.php?rest_route=\/wp\/v2\/posts\/51131","targetHints":{"allow":["GET"]}}],"collection":[{"href":"https:\/\/atecordoba.org\/index.php?rest_route=\/wp\/v2\/posts"}],"about":[{"href":"https:\/\/atecordoba.org\/index.php?rest_route=\/wp\/v2\/types\/post"}],"author":[{"embeddable":true,"href":"https:\/\/atecordoba.org\/index.php?rest_route=\/wp\/v2\/users\/7"}],"replies":[{"embeddable":true,"href":"https:\/\/atecordoba.org\/index.php?rest_route=%2Fwp%2Fv2%2Fcomments&post=51131"}],"version-history":[{"count":1,"href":"https:\/\/atecordoba.org\/index.php?rest_route=\/wp\/v2\/posts\/51131\/revisions"}],"predecessor-version":[{"id":51133,"href":"https:\/\/atecordoba.org\/index.php?rest_route=\/wp\/v2\/posts\/51131\/revisions\/51133"}],"wp:featuredmedia":[{"embeddable":true,"href":"https:\/\/atecordoba.org\/index.php?rest_route=\/wp\/v2\/media\/51132"}],"wp:attachment":[{"href":"https:\/\/atecordoba.org\/index.php?rest_route=%2Fwp%2Fv2%2Fmedia&parent=51131"}],"wp:term":[{"taxonomy":"category","embeddable":true,"href":"https:\/\/atecordoba.org\/index.php?rest_route=%2Fwp%2Fv2%2Fcategories&post=51131"},{"taxonomy":"post_tag","embeddable":true,"href":"https:\/\/atecordoba.org\/index.php?rest_route=%2Fwp%2Fv2%2Ftags&post=51131"}],"curies":[{"name":"wp","href":"https:\/\/api.w.org\/{rel}","templated":true}]}}