{"id":51128,"date":"2025-10-14T13:55:09","date_gmt":"2025-10-14T16:55:09","guid":{"rendered":"https:\/\/atecordoba.org\/?p=51128"},"modified":"2025-10-14T13:55:09","modified_gmt":"2025-10-14T16:55:09","slug":"ate-reunio-a-todas-las-provincias-y-llamo-a-los-estatales-a-votar-contra-milei-el-26-de-octubre-2","status":"publish","type":"post","link":"https:\/\/atecordoba.org\/?p=51128","title":{"rendered":"ATE reuni\u00f3 a todas las provincias y llam\u00f3 a los estatales a votar contra Milei el 26 de octubre"},"content":{"rendered":"<p><em>\u201cLa situaci\u00f3n es insostenible. No se soporta m\u00e1s. El 26 de octubre no puede quedar ni un solo estatal sin votar contra Milei y sus pol\u00edticas de ajuste, saqueo y empobrecimiento\u201d, se\u00f1al\u00f3 Rodolfo Aguiar. El sindicato declar\u00f3 el Estado de Alerta ante el ajuste y exigi\u00f3 la inmediata reapertura de las paritarias.<\/em><\/p>\n<p><img loading=\"lazy\" decoding=\"async\" class=\"aligncenter wp-image-51111 \" src=\"https:\/\/atecordoba.org\/wp-content\/uploads\/2025\/10\/WhatsApp-Image-2025-10-13-at-6.46.00-PM-1024x682.jpeg\" alt=\"\" width=\"612\" height=\"408\" srcset=\"https:\/\/atecordoba.org\/wp-content\/uploads\/2025\/10\/WhatsApp-Image-2025-10-13-at-6.46.00-PM-1024x682.jpeg 1024w, https:\/\/atecordoba.org\/wp-content\/uploads\/2025\/10\/WhatsApp-Image-2025-10-13-at-6.46.00-PM-300x200.jpeg 300w, https:\/\/atecordoba.org\/wp-content\/uploads\/2025\/10\/WhatsApp-Image-2025-10-13-at-6.46.00-PM-768x512.jpeg 768w, https:\/\/atecordoba.org\/wp-content\/uploads\/2025\/10\/WhatsApp-Image-2025-10-13-at-6.46.00-PM-1536x1023.jpeg 1536w, https:\/\/atecordoba.org\/wp-content\/uploads\/2025\/10\/WhatsApp-Image-2025-10-13-at-6.46.00-PM-750x500.jpeg 750w, https:\/\/atecordoba.org\/wp-content\/uploads\/2025\/10\/WhatsApp-Image-2025-10-13-at-6.46.00-PM-1140x760.jpeg 1140w, https:\/\/atecordoba.org\/wp-content\/uploads\/2025\/10\/WhatsApp-Image-2025-10-13-at-6.46.00-PM.jpeg 1600w\" sizes=\"auto, (max-width: 612px) 100vw, 612px\" \/><\/p>\n<p>El Consejo Directivo de ATE Nacional se reuni\u00f3 con la presencia de todas las conducciones provinciales y declar\u00f3 el Estado de Alerta en toda la Administraci\u00f3n P\u00fablica y llam\u00f3 a todos los estatales a votar contra Milei en las pr\u00f3ximas elecciones nacionales del 26 de octubre.<\/p>\n<p>En la oportunidad, estuvo presente el secretario General de ATE C\u00f3rdoba, Federico Giuliani, que dio pleno apoyo y contribuy\u00f3 al respaldo un\u00e1nime de toda la dirigencia estatal al planteo del Consejo Directivo Nacional.<\/p>\n<p>\u201cLa situaci\u00f3n es insostenible. No se soporta m\u00e1s. El 26 de octubre no puede quedar ni un solo estatal sin votar contra Milei y sus pol\u00edticas de ajuste, saqueo y empobrecimiento. Tenemos la oportunidad de seguir quit\u00e1ndole poder al Gobierno y de construir una mejor representaci\u00f3n parlamentaria de la que hemos tenido hasta hoy\u201d, indic\u00f3 Rodolfo Aguiar, Secretario General de ATE Nacional desde el Hotel 27 de Junio del sindicato, ubicado en Defensa 1469 del barrio porte\u00f1o de San Telmo.<img loading=\"lazy\" decoding=\"async\" class=\"alignright wp-image-51125 \" src=\"https:\/\/atecordoba.org\/wp-content\/uploads\/2025\/10\/WhatsApp-Image-2025-10-14-at-13.49.08-1-1024x682.jpeg\" alt=\"\" width=\"419\" height=\"279\" srcset=\"https:\/\/atecordoba.org\/wp-content\/uploads\/2025\/10\/WhatsApp-Image-2025-10-14-at-13.49.08-1-1024x682.jpeg 1024w, https:\/\/atecordoba.org\/wp-content\/uploads\/2025\/10\/WhatsApp-Image-2025-10-14-at-13.49.08-1-300x200.jpeg 300w, https:\/\/atecordoba.org\/wp-content\/uploads\/2025\/10\/WhatsApp-Image-2025-10-14-at-13.49.08-1-768x512.jpeg 768w, https:\/\/atecordoba.org\/wp-content\/uploads\/2025\/10\/WhatsApp-Image-2025-10-14-at-13.49.08-1-750x500.jpeg 750w, https:\/\/atecordoba.org\/wp-content\/uploads\/2025\/10\/WhatsApp-Image-2025-10-14-at-13.49.08-1-1140x760.jpeg 1140w, https:\/\/atecordoba.org\/wp-content\/uploads\/2025\/10\/WhatsApp-Image-2025-10-14-at-13.49.08-1.jpeg 1280w\" sizes=\"auto, (max-width: 419px) 100vw, 419px\" \/><\/p>\n<p>\u201cEl Gobierno tiene que reabrir las paritarias y otorgar un aumento de emergencia, ya que los incrementos previstos hasta fin de a\u00f1o dejar\u00e1n a m\u00e1s del 80% de los empleados p\u00fablicos debajo de la l\u00ednea de pobreza. El nivel de endeudamiento de los hogares es creciente y s\u00f3lo en la \u00faltima semana se verificaron aumentos de m\u00e1s del 10% en los alimentos. Hemos definido comenzar a trabajar en una nueva medida de fuerza de alcance general\u201d, complet\u00f3 el dirigente de ATE.<\/p>\n<p>Cabe recordar que en el \u00faltimo encuentro paritario, el Gobierno otorg\u00f3 un aumento de 1,1% para el mes de octubre y 1,1% en noviembre.<\/p>\n<p>Los referentes nacionales y provinciales analizaron la situaci\u00f3n que atraviesa el Sector P\u00fablico durante la gesti\u00f3n de Javier Milei, haciendo hincapi\u00e9 en el fuerte ajuste y la repercusi\u00f3n en los salarios estatales: la inflaci\u00f3n durante la gesti\u00f3n libertaria hasta el mes de agosto (\u00faltimo dato conocido del Indec) fue de 160,1%, mientras que las paritarias durante el mismo per\u00edodo (rechazadas sistem\u00e1ticamente por ATE y convalidadas por UPCN) alcanz\u00f3 el 92,3%, un 67,8% por debajo de la evoluci\u00f3n de los precios.<img loading=\"lazy\" decoding=\"async\" class=\"aligncenter wp-image-51116 \" src=\"https:\/\/atecordoba.org\/wp-content\/uploads\/2025\/10\/WhatsApp-Image-2025-10-13-at-6.46.01-PM-1-1024x682-1.jpeg\" alt=\"\" width=\"609\" height=\"406\" srcset=\"https:\/\/atecordoba.org\/wp-content\/uploads\/2025\/10\/WhatsApp-Image-2025-10-13-at-6.46.01-PM-1-1024x682-1.jpeg 1024w, https:\/\/atecordoba.org\/wp-content\/uploads\/2025\/10\/WhatsApp-Image-2025-10-13-at-6.46.01-PM-1-1024x682-1-300x200.jpeg 300w, https:\/\/atecordoba.org\/wp-content\/uploads\/2025\/10\/WhatsApp-Image-2025-10-13-at-6.46.01-PM-1-1024x682-1-768x512.jpeg 768w, https:\/\/atecordoba.org\/wp-content\/uploads\/2025\/10\/WhatsApp-Image-2025-10-13-at-6.46.01-PM-1-1024x682-1-750x500.jpeg 750w\" sizes=\"auto, (max-width: 609px) 100vw, 609px\" \/><\/p>\n<p>El sindicato tambi\u00e9n asegur\u00f3 que el ajuste y recorte salarial se profundiza en las provincias y los m\u00e1s de 2.200 municipios de todo el pa\u00eds.<\/p>\n<p>Adem\u00e1s, el sindicato resalt\u00f3 la ilegalidad con la que el Gobierno nacional pretende llevar a cabo su plan de gesti\u00f3n, evidenciado la serie de decretos que ATE logr\u00f3 frenar en la Justicia, como el cierre del INTI y el INTA, el ataque al derecho de huelga, o la intenci\u00f3n de eliminar el D\u00eda del Trabajador del Estado.<\/p>\n","protected":false},"excerpt":{"rendered":"<p>\u201cLa situaci\u00f3n es insostenible. No se soporta m\u00e1s. El 26 de octubre no puede quedar ni un solo estatal sin votar contra Milei y sus pol\u00edticas de ajuste, saqueo y empobrecimiento\u201d, se\u00f1al\u00f3 Rodolfo Aguiar. El sindicato declar\u00f3 el Estado de Alerta ante el ajuste y exigi\u00f3 la inmediata reapertura de las paritarias. El Consejo Directivo [&hellip;]<\/p>\n","protected":false},"author":7,"featured_media":51125,"comment_status":"open","ping_status":"open","sticky":false,"template":"","format":"standard","meta":{"_exactmetrics_skip_tracking":false,"_exactmetrics_sitenote_active":false,"_exactmetrics_sitenote_note":"","_exactmetrics_sitenote_category":0,"jnews-multi-image_gallery":[],"jnews_single_post":[],"jnews_primary_category":[],"jnews_social_meta":[],"jnews_review":[],"enable_review":"","type":"","name":"","summary":"","brand":"","sku":"","good":[],"bad":[],"score_override":"","override_value":"","rating":[],"price":[],"jnews_override_counter":[],"jnews_post_split":[],"footnotes":""},"categories":[756],"tags":[],"class_list":["post-51128","post","type-post","status-publish","format-standard","has-post-thumbnail","hentry","category-consejo-directivo-nacional-cdn"],"jetpack_featured_media_url":"https:\/\/atecordoba.org\/wp-content\/uploads\/2025\/10\/WhatsApp-Image-2025-10-14-at-13.49.08-1.jpeg","_links":{"self":[{"href":"https:\/\/atecordoba.org\/index.php?rest_route=\/wp\/v2\/posts\/51128","targetHints":{"allow":["GET"]}}],"collection":[{"href":"https:\/\/atecordoba.org\/index.php?rest_route=\/wp\/v2\/posts"}],"about":[{"href":"https:\/\/atecordoba.org\/index.php?rest_route=\/wp\/v2\/types\/post"}],"author":[{"embeddable":true,"href":"https:\/\/atecordoba.org\/index.php?rest_route=\/wp\/v2\/users\/7"}],"replies":[{"embeddable":true,"href":"https:\/\/atecordoba.org\/index.php?rest_route=%2Fwp%2Fv2%2Fcomments&post=51128"}],"version-history":[{"count":1,"href":"https:\/\/atecordoba.org\/index.php?rest_route=\/wp\/v2\/posts\/51128\/revisions"}],"predecessor-version":[{"id":51129,"href":"https:\/\/atecordoba.org\/index.php?rest_route=\/wp\/v2\/posts\/51128\/revisions\/51129"}],"wp:featuredmedia":[{"embeddable":true,"href":"https:\/\/atecordoba.org\/index.php?rest_route=\/wp\/v2\/media\/51125"}],"wp:attachment":[{"href":"https:\/\/atecordoba.org\/index.php?rest_route=%2Fwp%2Fv2%2Fmedia&parent=51128"}],"wp:term":[{"taxonomy":"category","embeddable":true,"href":"https:\/\/atecordoba.org\/index.php?rest_route=%2Fwp%2Fv2%2Fcategories&post=51128"},{"taxonomy":"post_tag","embeddable":true,"href":"https:\/\/atecordoba.org\/index.php?rest_route=%2Fwp%2Fv2%2Ftags&post=51128"}],"curies":[{"name":"wp","href":"https:\/\/api.w.org\/{rel}","templated":true}]}}