{"id":51121,"date":"2025-10-14T13:36:46","date_gmt":"2025-10-14T16:36:46","guid":{"rendered":"https:\/\/atecordoba.org\/?p=51121"},"modified":"2025-10-14T13:36:46","modified_gmt":"2025-10-14T16:36:46","slug":"la-justicia-fallo-a-favor-de-ate-por-los-coseguros-ilegales-de-union-personal","status":"publish","type":"post","link":"https:\/\/atecordoba.org\/?p=51121","title":{"rendered":"La Justicia fall\u00f3 a favor de ATE por los coseguros ilegales de Uni\u00f3n Personal"},"content":{"rendered":"<p><em>\u201cSe termin\u00f3 la extorsi\u00f3n. La conducta de algunos gremialistas del Sector P\u00fablico que realizaron esta maniobra sucia es miserable. Pretendieron utilizar la obra social para intentar de manera desesperada frenar las desafiliaciones masivas que est\u00e1n sufriendo a partir del silencio c\u00f3mplice que mantienen desde hace 22 meses\u201d, se\u00f1al\u00f3 Rodolfo Aguiar.<\/em><\/p>\n<p><img loading=\"lazy\" decoding=\"async\" class=\"aligncenter wp-image-51122 \" src=\"https:\/\/atecordoba.org\/wp-content\/uploads\/2025\/10\/justicia-balanza.jpg\" alt=\"\" width=\"709\" height=\"399\" srcset=\"https:\/\/atecordoba.org\/wp-content\/uploads\/2025\/10\/justicia-balanza.jpg 990w, https:\/\/atecordoba.org\/wp-content\/uploads\/2025\/10\/justicia-balanza-300x169.jpg 300w, https:\/\/atecordoba.org\/wp-content\/uploads\/2025\/10\/justicia-balanza-768x432.jpg 768w, https:\/\/atecordoba.org\/wp-content\/uploads\/2025\/10\/justicia-balanza-750x422.jpg 750w\" sizes=\"auto, (max-width: 709px) 100vw, 709px\" \/><\/p>\n<p>El Juzgado Nacional de 1era Instancia del Trabajo N\u00b069 hizo lugar a la cautelar de ATE y orden\u00f3 a la obra social Uni\u00f3n Personal, administrada por UPCN, a suspender de inmediato el cobro de los coseguros ilegales a los afiliados, bonificar a quienes se les cobr\u00f3 injustamente este \u00edtem y multarlos en caso de no acatar la decisi\u00f3n.<\/p>\n<p>\u201cSe termin\u00f3 la extorsi\u00f3n. La conducta de algunos gremialistas del Sector P\u00fablico que realizaron esta maniobra sucia es miserable. Pretendieron utilizar la obra social para intentar de manera desesperada frenar las desafiliaciones masivas que est\u00e1n sufriendo a partir del silencio c\u00f3mplice que mantienen desde hace 22 meses avalando a un Gobierno que de manera permanente y sistem\u00e1tica ha agredido al empleo p\u00fablico e intentado desmantelar numerosas estructuras del Estado\u201d, se\u00f1al\u00f3 Rodolfo Aguiar, Secretario General de ATE Nacional.<\/p>\n<p>El fallo fue firmado por el juez Jos\u00e9 Ignacio Ramonet y ordena \u201csuspender de manera inmediata las modificaciones introducidas respecto de la atenci\u00f3n de los afiliados a la obra social demandada, sin ning\u00fan tipo de discriminaci\u00f3n, en cuanto a afiliados (o no afiliados) a UPCN y se mantenga la bonificaci\u00f3n del coseguro de salud a todos los afiliados de la Obra Social tanto para ellos como para su grupo familiar\u201d.<\/p>\n<p>La decisi\u00f3n se da \u201cbajo apercibimiento de aplicar astreintes por cada d\u00eda de retardo en el cumplimiento, las que ser\u00e1n cuantificadas oportunamente en caso de incumplimiento\u201d.<\/p>\n","protected":false},"excerpt":{"rendered":"<p>\u201cSe termin\u00f3 la extorsi\u00f3n. La conducta de algunos gremialistas del Sector P\u00fablico que realizaron esta maniobra sucia es miserable. Pretendieron utilizar la obra social para intentar de manera desesperada frenar las desafiliaciones masivas que est\u00e1n sufriendo a partir del silencio c\u00f3mplice que mantienen desde hace 22 meses\u201d, se\u00f1al\u00f3 Rodolfo Aguiar. El Juzgado Nacional de 1era [&hellip;]<\/p>\n","protected":false},"author":7,"featured_media":51122,"comment_status":"open","ping_status":"open","sticky":false,"template":"","format":"standard","meta":{"_exactmetrics_skip_tracking":false,"_exactmetrics_sitenote_active":false,"_exactmetrics_sitenote_note":"","_exactmetrics_sitenote_category":0,"jnews-multi-image_gallery":[],"jnews_single_post":[],"jnews_primary_category":[],"jnews_social_meta":[],"jnews_review":[],"enable_review":"","type":"","name":"","summary":"","brand":"","sku":"","good":[],"bad":[],"score_override":"","override_value":"","rating":[],"price":[],"jnews_override_counter":[],"jnews_post_split":[],"footnotes":""},"categories":[756],"tags":[],"class_list":["post-51121","post","type-post","status-publish","format-standard","has-post-thumbnail","hentry","category-consejo-directivo-nacional-cdn"],"jetpack_featured_media_url":"https:\/\/atecordoba.org\/wp-content\/uploads\/2025\/10\/justicia-balanza.jpg","_links":{"self":[{"href":"https:\/\/atecordoba.org\/index.php?rest_route=\/wp\/v2\/posts\/51121","targetHints":{"allow":["GET"]}}],"collection":[{"href":"https:\/\/atecordoba.org\/index.php?rest_route=\/wp\/v2\/posts"}],"about":[{"href":"https:\/\/atecordoba.org\/index.php?rest_route=\/wp\/v2\/types\/post"}],"author":[{"embeddable":true,"href":"https:\/\/atecordoba.org\/index.php?rest_route=\/wp\/v2\/users\/7"}],"replies":[{"embeddable":true,"href":"https:\/\/atecordoba.org\/index.php?rest_route=%2Fwp%2Fv2%2Fcomments&post=51121"}],"version-history":[{"count":1,"href":"https:\/\/atecordoba.org\/index.php?rest_route=\/wp\/v2\/posts\/51121\/revisions"}],"predecessor-version":[{"id":51123,"href":"https:\/\/atecordoba.org\/index.php?rest_route=\/wp\/v2\/posts\/51121\/revisions\/51123"}],"wp:featuredmedia":[{"embeddable":true,"href":"https:\/\/atecordoba.org\/index.php?rest_route=\/wp\/v2\/media\/51122"}],"wp:attachment":[{"href":"https:\/\/atecordoba.org\/index.php?rest_route=%2Fwp%2Fv2%2Fmedia&parent=51121"}],"wp:term":[{"taxonomy":"category","embeddable":true,"href":"https:\/\/atecordoba.org\/index.php?rest_route=%2Fwp%2Fv2%2Fcategories&post=51121"},{"taxonomy":"post_tag","embeddable":true,"href":"https:\/\/atecordoba.org\/index.php?rest_route=%2Fwp%2Fv2%2Ftags&post=51121"}],"curies":[{"name":"wp","href":"https:\/\/api.w.org\/{rel}","templated":true}]}}