{"id":5112,"date":"2015-04-22T17:12:10","date_gmt":"2015-04-22T20:12:10","guid":{"rendered":"http:\/\/www.atecordoba.org\/?p=5112"},"modified":"2020-08-10T11:02:26","modified_gmt":"2020-08-10T14:02:26","slug":"asamblea-en-pami-paralizo-dos-horas-la-atencion","status":"publish","type":"post","link":"https:\/\/atecordoba.org\/?p=5112","title":{"rendered":"Asamblea en PAMI paraliz\u00f3 dos horas la atenci\u00f3n"},"content":{"rendered":"<div><em>ATE realiz\u00f3 hoy una asamblea de los trabajadores del instituto en reclamo de una recomposici\u00f3n salarial, el pago de capacitaciones adeudadas hace 1 a\u00f1o y el nombramiento de personal necesario. La medida paraliz\u00f3 la atenci\u00f3n.<\/em><\/div>\n<div><a href=\"http:\/\/www.atecordoba.org\/wp-content\/uploads\/2015\/04\/12-e1429733400663.jpg\"><img loading=\"lazy\" decoding=\"async\" class=\"aligncenter size-full wp-image-5113\" src=\"http:\/\/www.atecordoba.org\/wp-content\/uploads\/2015\/04\/12-e1429733400663.jpg\" alt=\"1\" width=\"550\" height=\"413\" \/><\/a><\/div>\n<div>A pesar de los esfuerzos de las autoridades locales del PAMI, \u00a0que insistieron ante la prensa en que la atenci\u00f3n hoy era &#8216;normal&#8217;, ATE llev\u00f3 adelante con \u00e9xito la asamblea de trabajadores en la sede de avenida General Paz. La medida se realiz\u00f3 entre las 12 y 14 horas en el marco de un\u00a0plan de lucha en\u00a0reclamo\u00a0de aumento salarial, conforme una pauta acordada con otros gremios del sector de 36%.<\/div>\n<div>&#8220;Todav\u00eda no sabemos que pol\u00edtica salarial se va a dar el instituto este a\u00f1o porque no nos comunicaron nada. Estamos tomando medidas en todo el pa\u00eds al mismo tiempo, cada lugar con su modalidad, para hacer sentir a la patronal que nos hace falta el aumento&#8221;, explic\u00f3 la compa\u00f1era Flavia Tartabini, de la junta interna de ATE-PAMI.<\/div>\n<div><a href=\"http:\/\/www.atecordoba.org\/wp-content\/uploads\/2015\/04\/2-e1429733426823.jpg\"><img loading=\"lazy\" decoding=\"async\" class=\"aligncenter size-full wp-image-5114\" src=\"http:\/\/www.atecordoba.org\/wp-content\/uploads\/2015\/04\/2-e1429733426823.jpg\" alt=\"2\" width=\"550\" height=\"413\" \/><\/a><\/div>\n<div>Adem\u00e1s, los trabajadores reclaman por la falta de personal en el PAMI, que afecta\u00a0la atenci\u00f3n de los afiliados y recarga tareas sobre el personal de planta, ya de por s\u00ed desbordado. &#8220;Sucede que la conducci\u00f3n no reemplaza a los los compa\u00f1eros que se jubilan. Aqu\u00ed en C\u00f3rdoba, tenemos 8 m\u00e9dicos y 16 trabajadores sociales menos a causa de esta situaci\u00f3n. Hay 20 agencias de PAMI del interior provincial que no cuentan con trabajadores sociales para, por ejemplo, tramitar los subsidios de los afiliados&#8221;, subray\u00f3 Tartabini.<\/div>\n<div><a href=\"http:\/\/www.atecordoba.org\/wp-content\/uploads\/2015\/04\/IMG-20150422-WA0004-e1429733451958.jpg\"><img loading=\"lazy\" decoding=\"async\" class=\"aligncenter size-full wp-image-5115\" src=\"http:\/\/www.atecordoba.org\/wp-content\/uploads\/2015\/04\/IMG-20150422-WA0004-e1429733451958.jpg\" alt=\"IMG-20150422-WA0004\" width=\"550\" height=\"413\" \/><\/a><\/div>\n<div>Por \u00faltimo, los trabajadores exigieron el pago de la deuda que tiene el instituto por el &#8216;fondo de capacitaci\u00f3n&#8217;, que las autoridades no liquidan hace un a\u00f1o y medio. La deuda fluct\u00faa entre 5000 y 8000 pesos, seg\u00fan el cargo de cada trabajador, a valores de 2013, y es lo reconocido por el propio PAMI. En ese sentido, tanto ATE como el resto de los gremios plantean que dicha deuda se actualice conforme el costo de vida y las actualizaciones salariales.<\/div>\n<div><a href=\"http:\/\/www.atecordoba.org\/wp-content\/uploads\/2015\/04\/IMG-20150422-WA0028-e1429733479389.jpg\"><img loading=\"lazy\" decoding=\"async\" class=\"aligncenter size-full wp-image-5116\" src=\"http:\/\/www.atecordoba.org\/wp-content\/uploads\/2015\/04\/IMG-20150422-WA0028-e1429733479389.jpg\" alt=\"IMG-20150422-WA0028\" width=\"550\" height=\"413\" \/><\/a><\/div>\n<div>Durante la asamblea los compa\u00f1eros resolvieron continuar con las medidas de fuerza y sumarse a la pr\u00f3xima asamblea que realizar\u00e1 el gremio sectorial UTI la semana pr\u00f3xima.<\/div>\n<div>En la oportunidad, estuvieron presentes miembros del Consejo Directivo Provincial (CDP), acompa\u00f1ando a los trabajadores. Fueron de la partida los compa\u00f1eros secretario de Prensa, Daniel Pawluchuzk, de Interior, Luiss Barcena, de Organizaci\u00f3n, Alejandro Charra, y los vocales V\u00edctor Lecuona y Mart\u00edn Stibel.<\/div>\n<div><a href=\"http:\/\/www.atecordoba.org\/wp-content\/uploads\/2015\/04\/IMG-20150422-WA0026-e1429733505164.jpg\"><img loading=\"lazy\" decoding=\"async\" class=\"aligncenter size-full wp-image-5117\" src=\"http:\/\/www.atecordoba.org\/wp-content\/uploads\/2015\/04\/IMG-20150422-WA0026-e1429733505164.jpg\" alt=\"IMG-20150422-WA0026\" width=\"550\" height=\"413\" \/><\/a><\/div>\n<p>&nbsp;<\/p>\n","protected":false},"excerpt":{"rendered":"<p>ATE realiz\u00f3 hoy una asamblea de los trabajadores del instituto en reclamo de una recomposici\u00f3n salarial, el pago de capacitaciones adeudadas hace 1 a\u00f1o y el nombramiento de personal necesario. La medida paraliz\u00f3 la atenci\u00f3n. A pesar de los esfuerzos de las autoridades locales del PAMI, \u00a0que insistieron ante la prensa en que la atenci\u00f3n [&hellip;]<\/p>\n","protected":false},"author":1,"featured_media":19220,"comment_status":"open","ping_status":"open","sticky":false,"template":"","format":"standard","meta":{"_exactmetrics_skip_tracking":false,"_exactmetrics_sitenote_active":false,"_exactmetrics_sitenote_note":"","_exactmetrics_sitenote_category":0,"jnews-multi-image_gallery":[],"jnews_single_post":[],"jnews_primary_category":[],"jnews_social_meta":[],"jnews_review":[],"enable_review":"","type":"","name":"","summary":"","brand":"","sku":"","good":[],"bad":[],"score_override":"","override_value":"","rating":[],"price":[],"jnews_override_counter":[],"jnews_post_split":[],"footnotes":""},"categories":[18],"tags":[],"class_list":["post-5112","post","type-post","status-publish","format-standard","has-post-thumbnail","hentry","category-nacionales"],"jetpack_featured_media_url":"https:\/\/atecordoba.org\/wp-content\/uploads\/2020\/05\/logo-nuevochico-e1561581322808.png","_links":{"self":[{"href":"https:\/\/atecordoba.org\/index.php?rest_route=\/wp\/v2\/posts\/5112","targetHints":{"allow":["GET"]}}],"collection":[{"href":"https:\/\/atecordoba.org\/index.php?rest_route=\/wp\/v2\/posts"}],"about":[{"href":"https:\/\/atecordoba.org\/index.php?rest_route=\/wp\/v2\/types\/post"}],"author":[{"embeddable":true,"href":"https:\/\/atecordoba.org\/index.php?rest_route=\/wp\/v2\/users\/1"}],"replies":[{"embeddable":true,"href":"https:\/\/atecordoba.org\/index.php?rest_route=%2Fwp%2Fv2%2Fcomments&post=5112"}],"version-history":[{"count":1,"href":"https:\/\/atecordoba.org\/index.php?rest_route=\/wp\/v2\/posts\/5112\/revisions"}],"predecessor-version":[{"id":21145,"href":"https:\/\/atecordoba.org\/index.php?rest_route=\/wp\/v2\/posts\/5112\/revisions\/21145"}],"wp:featuredmedia":[{"embeddable":true,"href":"https:\/\/atecordoba.org\/index.php?rest_route=\/wp\/v2\/media\/19220"}],"wp:attachment":[{"href":"https:\/\/atecordoba.org\/index.php?rest_route=%2Fwp%2Fv2%2Fmedia&parent=5112"}],"wp:term":[{"taxonomy":"category","embeddable":true,"href":"https:\/\/atecordoba.org\/index.php?rest_route=%2Fwp%2Fv2%2Fcategories&post=5112"},{"taxonomy":"post_tag","embeddable":true,"href":"https:\/\/atecordoba.org\/index.php?rest_route=%2Fwp%2Fv2%2Ftags&post=5112"}],"curies":[{"name":"wp","href":"https:\/\/api.w.org\/{rel}","templated":true}]}}