{"id":51094,"date":"2025-10-14T10:32:54","date_gmt":"2025-10-14T13:32:54","guid":{"rendered":"https:\/\/atecordoba.org\/?p=51094"},"modified":"2025-10-14T11:04:35","modified_gmt":"2025-10-14T14:04:35","slug":"salsipuedes-ate-insta-a-la-municipalidad-a-informar-sobre-los-sueldos-de-los-funcionarios-politicos-y-terminar-con-el-acoso-laboral","status":"publish","type":"post","link":"https:\/\/atecordoba.org\/?p=51094","title":{"rendered":"Salsipuedes: ATE insta a la Municipalidad a informar sobre los sueldos de los funcionarios pol\u00edticos y terminar con el acoso laboral"},"content":{"rendered":"<figure id=\"attachment_51098\" aria-describedby=\"caption-attachment-51098\" style=\"width: 603px\" class=\"wp-caption aligncenter\"><img loading=\"lazy\" decoding=\"async\" class=\"wp-image-51098 size-full\" src=\"https:\/\/atecordoba.org\/wp-content\/uploads\/2025\/10\/salsipuedes-31-10-24.png\" alt=\"\" width=\"603\" height=\"601\" srcset=\"https:\/\/atecordoba.org\/wp-content\/uploads\/2025\/10\/salsipuedes-31-10-24.png 603w, https:\/\/atecordoba.org\/wp-content\/uploads\/2025\/10\/salsipuedes-31-10-24-300x300.png 300w, https:\/\/atecordoba.org\/wp-content\/uploads\/2025\/10\/salsipuedes-31-10-24-150x150.png 150w, https:\/\/atecordoba.org\/wp-content\/uploads\/2025\/10\/salsipuedes-31-10-24-75x75.png 75w, https:\/\/atecordoba.org\/wp-content\/uploads\/2025\/10\/salsipuedes-31-10-24-350x350.png 350w\" sizes=\"auto, (max-width: 603px) 100vw, 603px\" \/><figcaption id=\"caption-attachment-51098\" class=\"wp-caption-text\">Trabajadores municipales durante el plan de lucha de ATE en Salsipuedes.<\/figcaption><\/figure>\n<p>En sendas notas enviadas al intendente David Strasorier, asi como a las \u00e1reas de Recursos Humanos y de G\u00e9nero, ATE C\u00f3rdoba reclam\u00f3 a la Municipalidad de Salsipuedes que informe sobre los aumentos de sueldos recibidos por los funcionarios pol\u00edticos, que termine con el acoso laboral del personal de salud municipal y puso a disposici\u00f3n un taller de Violencia Laboral, dictado por nuestra organizaci\u00f3n, a los fines de capacitar a los funcionarios.<\/p>\n<p>Este planteo se produce en el marco de una discusi\u00f3n paritaria en la Secretaria de Trabajo de la Provincia, donde las municipalidad incumpli\u00f3 el compromiso de acercar una oferta salarial acorde a las necesidades de los y las trabajadoras que motivaron un largo plan de lucha y el posterior pedido del Departamento ejecutivo de una conciliaci\u00f3n obligatoria, que lejos de lograr una instancia de di\u00e1logo se mostr\u00f3 como una estrategia de dilaci\u00f3n para congelar el conflicto pero sin propuestas de una salida que beneficie a las partes.<\/p>\n<figure id=\"attachment_51101\" aria-describedby=\"caption-attachment-51101\" style=\"width: 606px\" class=\"wp-caption aligncenter\"><img loading=\"lazy\" decoding=\"async\" class=\"wp-image-51101\" src=\"https:\/\/atecordoba.org\/wp-content\/uploads\/2025\/10\/salsipuedes-trabajo.jpeg\" alt=\"\" width=\"606\" height=\"455\" srcset=\"https:\/\/atecordoba.org\/wp-content\/uploads\/2025\/10\/salsipuedes-trabajo.jpeg 750w, https:\/\/atecordoba.org\/wp-content\/uploads\/2025\/10\/salsipuedes-trabajo-300x225.jpeg 300w\" sizes=\"auto, (max-width: 606px) 100vw, 606px\" \/><figcaption id=\"caption-attachment-51101\" class=\"wp-caption-text\">La delegaci\u00f3n de ATE en una de las audiencias en Trabajo.<\/figcaption><\/figure>\n<p>En tal sentido, ATE reclam\u00f3 que la Municipalidad publique los recibos de sueldos de los funcionarios de enero de 2024 a esta parte para comparar los aumentos realizados a ese sector, con lo recibido por el personal municipal. <img loading=\"lazy\" decoding=\"async\" class=\"wp-image-51102 alignright\" src=\"https:\/\/atecordoba.org\/wp-content\/uploads\/2025\/10\/intendente-Strasorier-salsipuedes.jpeg\" alt=\"\" width=\"448\" height=\"251\" \/><\/p>\n<p>Intendente de Salsipuedes, David Strasorier, incumpli\u00f3 sistem\u00e1ticamente los compromisos asumidos con los sindicatos.Acto seguido, ATE denunci\u00f3 ante el \u00e1rea de G\u00e9nero municipal, en la figura de la responsable Samanta Solagurem, el atropello hacia &#8220;los derechos laborales adquiridos por compa\u00f1eras mujeres trabajadores de la salud municipal a lo largo de todos estos a\u00f1os&#8221;. Y afirm\u00f3 que &#8220;este tipo de pr\u00e1cticas por parte del Ejecutivo que busca disciplinar y amedrentar a las trabajadoras deben cesar de manera urgente. Es por eso que solicitamos que desde el \u00e1rea que usted dirige se tomen medidas pertinentes para que se den marcha atr\u00e1s en el cambio de las condiciones laborales, de horarios de las trabajadoras involucradas, pero que tambi\u00e9n se active alg\u00fan tipo de dispositivo que permita bregar porque quienes toman este tipo de medidas en contra de violencia, sean apercibidos, sancionados, etc&#8221;.<\/p>\n<p>En consecuencia, ATE exigi\u00f3 al intendente que se abstenga de realizar traslados compulsivos, dado que:<\/p>\n<p>1) El Estatuto que rige el trabajo en el municipio exige la conformidad expresa de las y los trabajadores art\u00b0 145, y establece el horario de atenci\u00f3n de 7 a 14 horas, conforme el art\u00b0 156;<\/p>\n<p>2) Es ilegal cualquier acci\u00f3n tanto de nuestra entidad sindical como da la vuestra que vulnere la CONCILIACION OBLIGATORIA en la que estamos sumidos a pedido del municipio ante la Secretaria de Trabajo de la<br \/>\nProvincia. Todo otro accionar violando los puntos mencionados ser\u00e1 considerado por el gremio que represento una actitud ANTISINDICAL y persecutoria de quienes han participado activamente de las diferentes medidas de fuerza que ATE ha realizado.<\/p>\n<figure id=\"attachment_51100\" aria-describedby=\"caption-attachment-51100\" style=\"width: 601px\" class=\"wp-caption aligncenter\"><img loading=\"lazy\" decoding=\"async\" class=\"wp-image-51100\" src=\"https:\/\/atecordoba.org\/wp-content\/uploads\/2025\/10\/Imagen-de-WhatsApp-2024-10-31-a-las-10.11.58_bd2fd0f4-1024x768.jpg\" alt=\"\" width=\"601\" height=\"451\" srcset=\"https:\/\/atecordoba.org\/wp-content\/uploads\/2025\/10\/Imagen-de-WhatsApp-2024-10-31-a-las-10.11.58_bd2fd0f4-1024x768.jpg 1024w, https:\/\/atecordoba.org\/wp-content\/uploads\/2025\/10\/Imagen-de-WhatsApp-2024-10-31-a-las-10.11.58_bd2fd0f4-300x225.jpg 300w, https:\/\/atecordoba.org\/wp-content\/uploads\/2025\/10\/Imagen-de-WhatsApp-2024-10-31-a-las-10.11.58_bd2fd0f4-768x576.jpg 768w, https:\/\/atecordoba.org\/wp-content\/uploads\/2025\/10\/Imagen-de-WhatsApp-2024-10-31-a-las-10.11.58_bd2fd0f4-750x563.jpg 750w, https:\/\/atecordoba.org\/wp-content\/uploads\/2025\/10\/Imagen-de-WhatsApp-2024-10-31-a-las-10.11.58_bd2fd0f4-1140x855.jpg 1140w, https:\/\/atecordoba.org\/wp-content\/uploads\/2025\/10\/Imagen-de-WhatsApp-2024-10-31-a-las-10.11.58_bd2fd0f4.jpg 1280w\" sizes=\"auto, (max-width: 601px) 100vw, 601px\" \/><figcaption id=\"caption-attachment-51100\" class=\"wp-caption-text\">Personal del \u00e1rea Salud Municipal en una asamblea.<\/figcaption><\/figure>\n<p><strong>Taller contra la violencia en la Municipalidad<\/strong><\/p>\n<p>Por \u00faltimo, y en v\u00edas de brindar soluciones a esta problem\u00e1tica, ATE ofreci\u00f3 a la responsable de Recursos Humanos, Mariana Ataide, el dictado de\u00a0un taller de Violencia Laboral en el \u00e1mbito de la Municipalidad. &#8220;Con esta instancia buscamos que los trabajadores municipales, funcionarios, miembros del poder ejecutivo y legislativo puedan formarse, capacitarse y reflexionar sobre que herramientas tenemos para desnaturalizar la<br \/>\nViolencia Laboral&#8221;.<\/p>\n<p><a href=\"https:\/\/atecordoba.org\/wp-content\/uploads\/2025\/10\/Salsipuedes.pdf\" class=\"pdfemb-viewer\" style=\"\" data-width=\"max\" data-height=\"max\" data-toolbar=\"bottom\" data-toolbar-fixed=\"off\">Salsipuedes<\/a> <a href=\"https:\/\/atecordoba.org\/wp-content\/uploads\/2025\/10\/Salsipuedes-Genero-1.pdf\" class=\"pdfemb-viewer\" style=\"\" data-width=\"max\" data-height=\"max\" data-toolbar=\"bottom\" data-toolbar-fixed=\"off\">Salsipuedes- Genero 1<\/a> <a href=\"https:\/\/atecordoba.org\/wp-content\/uploads\/2025\/10\/Sueldos-Salsipuedes.pdf\" class=\"pdfemb-viewer\" style=\"\" data-width=\"max\" data-height=\"max\" data-toolbar=\"bottom\" data-toolbar-fixed=\"off\">Sueldos Salsipuedes<\/a><\/p>\n<p>&nbsp;<\/p>\n","protected":false},"excerpt":{"rendered":"<p>En sendas notas enviadas al intendente David Strasorier, asi como a las \u00e1reas de Recursos Humanos y de G\u00e9nero, ATE C\u00f3rdoba reclam\u00f3 a la Municipalidad de Salsipuedes que informe sobre los aumentos de sueldos recibidos por los funcionarios pol\u00edticos, que termine con el acoso laboral del personal de salud municipal y puso a disposici\u00f3n un [&hellip;]<\/p>\n","protected":false},"author":7,"featured_media":51099,"comment_status":"open","ping_status":"open","sticky":false,"template":"","format":"standard","meta":{"_exactmetrics_skip_tracking":false,"_exactmetrics_sitenote_active":false,"_exactmetrics_sitenote_note":"","_exactmetrics_sitenote_category":0,"jnews-multi-image_gallery":[],"jnews_single_post":{"format":"standard","override":[{"template":"1","parallax":"1","fullscreen":"1","layout":"no-sidebar-narrow","sidebar":"default-sidebar","second_sidebar":"default-sidebar","sticky_sidebar":"1","share_position":"bottom","share_float_style":"share-monocrhome","show_share_counter":"1","show_view_counter":"1","show_post_meta":"1","show_post_author_image":"1","show_post_date":"1","post_date_format":"default","post_date_format_custom":"Y\/m\/d","show_post_category":"1","show_post_reading_time":"0","post_reading_time_wpm":"300","post_calculate_word_method":"str_word_count","show_zoom_button":"0","zoom_button_out_step":"2","zoom_button_in_step":"3","show_post_tag":"1","number_popup_post":"1","show_post_related":"1","show_inline_post_related":"0"}],"image_override":[{"single_post_thumbnail_size":"crop-500","single_post_gallery_size":"crop-500"}],"trending_post_position":"meta","trending_post_label":"Trending","sponsored_post_label":"Sponsored by","disable_ad":"0"},"jnews_primary_category":[],"jnews_social_meta":[],"jnews_review":[],"enable_review":"","type":"percentage","name":"","summary":"","brand":"","sku":"","good":[],"bad":[],"score_override":"","override_value":"","rating":[],"price":[],"jnews_override_counter":{"view_counter_number":"0","share_counter_number":"0","like_counter_number":"0","dislike_counter_number":"0"},"jnews_post_split":{"post_split":[{"template":"1","tag":"h2","numbering":"asc","mode":"normal","first":"0","enable_toc":"0","toc_type":"normal"}]},"footnotes":""},"categories":[20],"tags":[],"class_list":["post-51094","post","type-post","status-publish","format-standard","has-post-thumbnail","hentry","category-municipales"],"jetpack_featured_media_url":"https:\/\/atecordoba.org\/wp-content\/uploads\/2025\/10\/salsipuedes-bandera-1.jpg","_links":{"self":[{"href":"https:\/\/atecordoba.org\/index.php?rest_route=\/wp\/v2\/posts\/51094","targetHints":{"allow":["GET"]}}],"collection":[{"href":"https:\/\/atecordoba.org\/index.php?rest_route=\/wp\/v2\/posts"}],"about":[{"href":"https:\/\/atecordoba.org\/index.php?rest_route=\/wp\/v2\/types\/post"}],"author":[{"embeddable":true,"href":"https:\/\/atecordoba.org\/index.php?rest_route=\/wp\/v2\/users\/7"}],"replies":[{"embeddable":true,"href":"https:\/\/atecordoba.org\/index.php?rest_route=%2Fwp%2Fv2%2Fcomments&post=51094"}],"version-history":[{"count":5,"href":"https:\/\/atecordoba.org\/index.php?rest_route=\/wp\/v2\/posts\/51094\/revisions"}],"predecessor-version":[{"id":51107,"href":"https:\/\/atecordoba.org\/index.php?rest_route=\/wp\/v2\/posts\/51094\/revisions\/51107"}],"wp:featuredmedia":[{"embeddable":true,"href":"https:\/\/atecordoba.org\/index.php?rest_route=\/wp\/v2\/media\/51099"}],"wp:attachment":[{"href":"https:\/\/atecordoba.org\/index.php?rest_route=%2Fwp%2Fv2%2Fmedia&parent=51094"}],"wp:term":[{"taxonomy":"category","embeddable":true,"href":"https:\/\/atecordoba.org\/index.php?rest_route=%2Fwp%2Fv2%2Fcategories&post=51094"},{"taxonomy":"post_tag","embeddable":true,"href":"https:\/\/atecordoba.org\/index.php?rest_route=%2Fwp%2Fv2%2Ftags&post=51094"}],"curies":[{"name":"wp","href":"https:\/\/api.w.org\/{rel}","templated":true}]}}