{"id":51091,"date":"2025-10-14T09:32:16","date_gmt":"2025-10-14T12:32:16","guid":{"rendered":"https:\/\/atecordoba.org\/?p=51091"},"modified":"2025-10-14T09:32:16","modified_gmt":"2025-10-14T12:32:16","slug":"ate-rechaza-las-reformas-laborales-jubilatorias-y-tributarias-que-pretende-imponer-milei","status":"publish","type":"post","link":"https:\/\/atecordoba.org\/?p=51091","title":{"rendered":"ATE rechaza las reformas laborales, jubilatorias y tributarias que pretende imponer Milei"},"content":{"rendered":"<p><img loading=\"lazy\" decoding=\"async\" class=\"aligncenter wp-image-50690 \" src=\"https:\/\/atecordoba.org\/wp-content\/uploads\/2025\/09\/portada-tribunales-645x1024.jpeg\" alt=\"\" width=\"604\" height=\"959\" \/>Desde ATE C\u00f3rdoba manifestamos nuestro en\u00e9rgico rechazo al ajuste en curso y al intento del gobierno de imponer reformas laborales, jubilatorias y tributarias que golpean a los sectores populares para beneficiar a las corporaciones capitalistas y satisfacer las exigencias del Tesoro y los organismos de cr\u00e9dito.<\/p>\n<p>Estas medidas responden a una l\u00f3gica de endeudamiento que, por un pu\u00f1ado de d\u00f3lares, entrega la soberan\u00eda nacional y profundiza un modelo de dependencia, convirtiendo a nuestro pa\u00eds en una nueva neocolonia.<\/p>\n<p>Frente a esta avanzada regresiva, convocamos a la clase trabajadora y sus organizaciones y al conjunto del pueblo a tomar medidas unitarias, urgentes y masivas en la calle, entendiendo que la verdadera campa\u00f1a pol\u00edtica de la clase trabajadora de hoy es la lucha directa para cambiar el escenario y las correlaciones de fuerzas, e imponer una agenda basada en nuestros intereses como pueblo y en la defensa de la patria<\/p>\n<p>Nosotros votamos salir a luchar.<\/p>\n<p>ATE C\u00f3rdoba<\/p>\n","protected":false},"excerpt":{"rendered":"<p>Desde ATE C\u00f3rdoba manifestamos nuestro en\u00e9rgico rechazo al ajuste en curso y al intento del gobierno de imponer reformas laborales, jubilatorias y tributarias que golpean a los sectores populares para beneficiar a las corporaciones capitalistas y satisfacer las exigencias del Tesoro y los organismos de cr\u00e9dito. Estas medidas responden a una l\u00f3gica de endeudamiento que, [&hellip;]<\/p>\n","protected":false},"author":7,"featured_media":50690,"comment_status":"open","ping_status":"open","sticky":false,"template":"","format":"standard","meta":{"_exactmetrics_skip_tracking":false,"_exactmetrics_sitenote_active":false,"_exactmetrics_sitenote_note":"","_exactmetrics_sitenote_category":0,"jnews-multi-image_gallery":[],"jnews_single_post":[],"jnews_primary_category":[],"jnews_social_meta":[],"jnews_review":[],"enable_review":"","type":"","name":"","summary":"","brand":"","sku":"","good":[],"bad":[],"score_override":"","override_value":"","rating":[],"price":[],"jnews_override_counter":[],"jnews_post_split":[],"footnotes":""},"categories":[53],"tags":[],"class_list":["post-51091","post","type-post","status-publish","format-standard","has-post-thumbnail","hentry","category-comunicados-de-prensa"],"jetpack_featured_media_url":"https:\/\/atecordoba.org\/wp-content\/uploads\/2025\/09\/portada-tribunales-e1760445128452.jpeg","_links":{"self":[{"href":"https:\/\/atecordoba.org\/index.php?rest_route=\/wp\/v2\/posts\/51091","targetHints":{"allow":["GET"]}}],"collection":[{"href":"https:\/\/atecordoba.org\/index.php?rest_route=\/wp\/v2\/posts"}],"about":[{"href":"https:\/\/atecordoba.org\/index.php?rest_route=\/wp\/v2\/types\/post"}],"author":[{"embeddable":true,"href":"https:\/\/atecordoba.org\/index.php?rest_route=\/wp\/v2\/users\/7"}],"replies":[{"embeddable":true,"href":"https:\/\/atecordoba.org\/index.php?rest_route=%2Fwp%2Fv2%2Fcomments&post=51091"}],"version-history":[{"count":1,"href":"https:\/\/atecordoba.org\/index.php?rest_route=\/wp\/v2\/posts\/51091\/revisions"}],"predecessor-version":[{"id":51092,"href":"https:\/\/atecordoba.org\/index.php?rest_route=\/wp\/v2\/posts\/51091\/revisions\/51092"}],"wp:featuredmedia":[{"embeddable":true,"href":"https:\/\/atecordoba.org\/index.php?rest_route=\/wp\/v2\/media\/50690"}],"wp:attachment":[{"href":"https:\/\/atecordoba.org\/index.php?rest_route=%2Fwp%2Fv2%2Fmedia&parent=51091"}],"wp:term":[{"taxonomy":"category","embeddable":true,"href":"https:\/\/atecordoba.org\/index.php?rest_route=%2Fwp%2Fv2%2Fcategories&post=51091"},{"taxonomy":"post_tag","embeddable":true,"href":"https:\/\/atecordoba.org\/index.php?rest_route=%2Fwp%2Fv2%2Ftags&post=51091"}],"curies":[{"name":"wp","href":"https:\/\/api.w.org\/{rel}","templated":true}]}}