{"id":51089,"date":"2025-10-13T12:58:22","date_gmt":"2025-10-13T15:58:22","guid":{"rendered":"https:\/\/atecordoba.org\/?p=51089"},"modified":"2025-10-13T12:58:22","modified_gmt":"2025-10-13T15:58:22","slug":"parques-nacionales-el-gobierno-de-milei-solo-mantiene-8-brigadistas-para-combatir-el-fuego-en-la-quebrada-del-condorito","status":"publish","type":"post","link":"https:\/\/atecordoba.org\/?p=51089","title":{"rendered":"Parques Nacionales: el gobierno de Milei solo mantiene 8 brigadistas para combatir el fuego en la Quebrada del Condorito"},"content":{"rendered":"<p><img loading=\"lazy\" decoding=\"async\" class=\"aligncenter wp-image-51082 \" src=\"https:\/\/atecordoba.org\/wp-content\/uploads\/2025\/10\/incendio.avif\" alt=\"\" width=\"645\" height=\"429\" srcset=\"https:\/\/atecordoba.org\/wp-content\/uploads\/2025\/10\/incendio.avif 880w, https:\/\/atecordoba.org\/wp-content\/uploads\/2025\/10\/incendio-300x200.avif 300w, https:\/\/atecordoba.org\/wp-content\/uploads\/2025\/10\/incendio-768x511.avif 768w, https:\/\/atecordoba.org\/wp-content\/uploads\/2025\/10\/incendio-750x499.avif 750w\" sizes=\"auto, (max-width: 645px) 100vw, 645px\" \/>El brutal incendio que asol\u00f3 el fin de semana el Parque Nacional Quebrada del Condorito expuso el vaciamiento que el gobierno de Milei impone la Administraci\u00f3n de Parques Nacionales sobre el sector de Brigadistas que se ocupan del combate contra el fuego.<\/p>\n<p>&#8220;De 430 combatientes de incendios forestales que \u00e9ramos a principio de 2024, solo quedamos 358 para atender m\u00e1s de 5.000.000 de hect\u00e1reas y, adem\u00e1s, apoyar junto con el Servicio Nacional de Manejo del Fuego. al resto de las provincias cuando los incendios superan las capacidades de respuesta y somos convocados&#8221;, denunci\u00f3 la Coordinaci\u00f3n Nacional de ATE de Parques Nacionales.<\/p>\n<p>En la Quebrada del Condorito los datos son elocuentes: ocho brigadistas tienen que afrontar el combate contra el fuego en un \u00e1rea de 37.344\u00a0 hect\u00e1reas, con salarios en promedio de 550 mil pesos. Se trata de personal asentado en el parque nacional que dedica su vida a cuidar el ambiente y garantizar la seguridad de los y las\u00a0 visitantes del organismo. <img loading=\"lazy\" decoding=\"async\" class=\"aligncenter wp-image-51081 \" src=\"https:\/\/atecordoba.org\/wp-content\/uploads\/2025\/10\/WhatsApp-Image-2025-10-13-at-11.19.08-1024x576.jpeg\" alt=\"\" width=\"645\" height=\"363\" srcset=\"https:\/\/atecordoba.org\/wp-content\/uploads\/2025\/10\/WhatsApp-Image-2025-10-13-at-11.19.08-1024x576.jpeg 1024w, https:\/\/atecordoba.org\/wp-content\/uploads\/2025\/10\/WhatsApp-Image-2025-10-13-at-11.19.08-300x169.jpeg 300w, https:\/\/atecordoba.org\/wp-content\/uploads\/2025\/10\/WhatsApp-Image-2025-10-13-at-11.19.08-768x432.jpeg 768w, https:\/\/atecordoba.org\/wp-content\/uploads\/2025\/10\/WhatsApp-Image-2025-10-13-at-11.19.08-1536x864.jpeg 1536w, https:\/\/atecordoba.org\/wp-content\/uploads\/2025\/10\/WhatsApp-Image-2025-10-13-at-11.19.08-750x422.jpeg 750w, https:\/\/atecordoba.org\/wp-content\/uploads\/2025\/10\/WhatsApp-Image-2025-10-13-at-11.19.08-1140x641.jpeg 1140w, https:\/\/atecordoba.org\/wp-content\/uploads\/2025\/10\/WhatsApp-Image-2025-10-13-at-11.19.08.jpeg 1600w\" sizes=\"auto, (max-width: 645px) 100vw, 645px\" \/><\/p>\n<p>&#8220;Los brigadistas de incendios forestales son el escalaf\u00f3n de Parques Nacionales m\u00e1s precario. Esta situaci\u00f3n llega al nivel que ATE llev\u00f3 adelante un plan de lucha por la anualizaci\u00f3n de los contratos, como la parte del reclamo por el pase a planta permanente, ya que ese personal sufre contratos estacionales, y logramos que hoy los contratos sean trimestrales como sucede en el SINEP, con los ingresos m\u00e1s bajos del organismo&#8221;, explic\u00f3 el delegado de ATE en la Quebrada del Condorito, Andr\u00e9s Brizuela.<\/p>\n<p>En tal sentido, la Coordinaci\u00f3n denunci\u00f3 ayer que actualmente solo integran las brigadas 358 compa\u00f1eros y compa\u00f1eras, cuando la dotaci\u00f3n m\u00ednima es de 700, para atender m\u00e1s de 5 millones de hect\u00e1reas en todo el pa\u00eds.<\/p>\n<p>&#8220;La degradaci\u00f3n sistem\u00e1tica de los ya bajos salarios, la no apertura de los \u00e1mbitos paritarios para discutir salario y carrera, la inestabilidad laboral y la negativa del Ministerio de Transformaci\u00f3n de Sturzenegger a incorporar m\u00e1s personal al Estado, forman parte de un plan que da\u00f1a irreversiblemente al Sistema Federal de Manejo de Fuego del que somos parte, junto con otras instituciones nacionales y provinciales&#8221;, afirm\u00f3 la Coordinaci\u00f3n.<\/p>\n<p><img loading=\"lazy\" decoding=\"async\" class=\"aligncenter wp-image-51080 \" src=\"https:\/\/atecordoba.org\/wp-content\/uploads\/2025\/10\/salarios-brigadistas.png\" alt=\"\" width=\"650\" height=\"469\" srcset=\"https:\/\/atecordoba.org\/wp-content\/uploads\/2025\/10\/salarios-brigadistas.png 908w, https:\/\/atecordoba.org\/wp-content\/uploads\/2025\/10\/salarios-brigadistas-300x216.png 300w, https:\/\/atecordoba.org\/wp-content\/uploads\/2025\/10\/salarios-brigadistas-768x554.png 768w, https:\/\/atecordoba.org\/wp-content\/uploads\/2025\/10\/salarios-brigadistas-120x86.png 120w, https:\/\/atecordoba.org\/wp-content\/uploads\/2025\/10\/salarios-brigadistas-750x541.png 750w\" sizes=\"auto, (max-width: 650px) 100vw, 650px\" \/><\/p>\n<p>La regresi\u00f3n salarial de los y las combatientes de incendios forestales en la Administraci\u00f3n de Parques Nacionales se transform\u00f3, por un lado, en una herramienta de expulsi\u00f3n de trabajadoras y trabajadores de la instituci\u00f3n y, por el otro, en una imposici\u00f3n del pluriempleo para complementar el salario de quienes deciden seguir trabajando por vocaci\u00f3n y amor a Parques. &#8220;Es as\u00ed como las compa\u00f1eras y compa\u00f1eros debemos afrontar actividades extras y mayor desgaste, cuando nuestro trabajo necesita, por seguridad y salud propia y, de los bienes y personas que protege, de un descanso adecuado&#8221; denunci\u00f3 ATE.<\/p>\n<p>En datos, el salario inicial en la zona centro del pa\u00eds es al mes de agosto de 2025 de $ 530.000 y en la Patagonia $860.000. Estos salarios no alcanzan, ni siquiera para cubrir la canasta b\u00e1sica, mucho menos para retribuir nuestra labor como corresponde. En comparaci\u00f3n con los servicios provinciales de manejo del fuego de provincias como Chubut y Rio Negro, los salarios nacionales son como m\u00ednimo $ 600.000 inferiores , tanto en Parques Nacionales como en el Servicio Nacional de Manejo del Fuego, dependiente, hoy, del Ministerio<br \/>\nde Seguridad de la Naci\u00f3n.<\/p>\n<p>&#8220;Sumado a esto, la regresi\u00f3n en materia de las contrataciones laborales, que han pasado de tener periodos de duraci\u00f3n de un a\u00f1o a ser trimestrales, y la convocatoria de las y los trabajadores a las emergencias sin contratos vigentes (como sucedi\u00f3 en diciembre pasado), agravan las situaciones de precarizaci\u00f3n cr\u00f3nica que venimos sufriendo los y las combatientes verano a verano&#8221;, profundiz\u00f3 nuestra organizaci\u00f3n sindical.<\/p>\n<p>Con contratos de tres meses y la posibilidad siempre latente de la \u201cno renovaci\u00f3n\u201d (figura que esconde el despido injustificado y sin indemnizaci\u00f3n) &#8220;es imposible planificar nuestro trabajo y mantener la salud mental del equipo&#8221;, asegur\u00f3 la Coordinaci\u00f3n. &#8220;Ni la prevenci\u00f3n ni el combate de los incendios pueden llevarse adelante de\u00a0 manera eficiente en estas condiciones. Continuamos exigiendo lo elemental: estabilidad laboral y un salario\u00a0 digno, acorde a las actividades de riesgo que llevamos adelante, y poder realizar nuestro trabajo con seguridad y\u00a0 dignidad&#8221;, destac\u00f3 ATE.<\/p>\n<p>En tal sentido ATE exige:<\/p>\n<p><strong>-Avances hacia la PROFESIONALIZACI\u00d3N y CARRERA de los y las combatientes.<\/strong><\/p>\n<p><strong>-LA CANTIDAD DE COMBATIENTES acorde a las demandas y riesgos reales de cada regi\u00f3n, que seg\u00fan datos oficiales debiera tener un piso de 700, siendo hoy la mitad.<\/strong><\/p>\n<p><strong>-Una VISI\u00d3N RESPONSABLE DE LOS SISTEMAS de manejo del fuego, que planifique a largo plazo.\u00a0<\/strong><\/p>\n<p><strong>-El reconocimiento de nuestra labor a trav\u00e9s de una JUBILACI\u00d3N ACORDE (a la peligrosidad y el desgaste de <\/strong><strong>la tarea realizada).<\/strong><\/p>\n<p>&nbsp;<\/p>\n","protected":false},"excerpt":{"rendered":"<p>El brutal incendio que asol\u00f3 el fin de semana el Parque Nacional Quebrada del Condorito expuso el vaciamiento que el gobierno de Milei impone la Administraci\u00f3n de Parques Nacionales sobre el sector de Brigadistas que se ocupan del combate contra el fuego. &#8220;De 430 combatientes de incendios forestales que \u00e9ramos a principio de 2024, solo [&hellip;]<\/p>\n","protected":false},"author":7,"featured_media":51083,"comment_status":"open","ping_status":"open","sticky":false,"template":"","format":"standard","meta":{"_exactmetrics_skip_tracking":false,"_exactmetrics_sitenote_active":false,"_exactmetrics_sitenote_note":"","_exactmetrics_sitenote_category":0,"jnews-multi-image_gallery":[],"jnews_single_post":[],"jnews_primary_category":[],"jnews_social_meta":[],"jnews_review":[],"enable_review":"","type":"","name":"","summary":"","brand":"","sku":"","good":[],"bad":[],"score_override":"","override_value":"","rating":[],"price":[],"jnews_override_counter":[],"jnews_post_split":[],"footnotes":""},"categories":[18],"tags":[],"class_list":["post-51089","post","type-post","status-publish","format-standard","has-post-thumbnail","hentry","category-nacionales"],"jetpack_featured_media_url":"https:\/\/atecordoba.org\/wp-content\/uploads\/2025\/10\/incendio-autos.webp","_links":{"self":[{"href":"https:\/\/atecordoba.org\/index.php?rest_route=\/wp\/v2\/posts\/51089","targetHints":{"allow":["GET"]}}],"collection":[{"href":"https:\/\/atecordoba.org\/index.php?rest_route=\/wp\/v2\/posts"}],"about":[{"href":"https:\/\/atecordoba.org\/index.php?rest_route=\/wp\/v2\/types\/post"}],"author":[{"embeddable":true,"href":"https:\/\/atecordoba.org\/index.php?rest_route=\/wp\/v2\/users\/7"}],"replies":[{"embeddable":true,"href":"https:\/\/atecordoba.org\/index.php?rest_route=%2Fwp%2Fv2%2Fcomments&post=51089"}],"version-history":[{"count":1,"href":"https:\/\/atecordoba.org\/index.php?rest_route=\/wp\/v2\/posts\/51089\/revisions"}],"predecessor-version":[{"id":51090,"href":"https:\/\/atecordoba.org\/index.php?rest_route=\/wp\/v2\/posts\/51089\/revisions\/51090"}],"wp:featuredmedia":[{"embeddable":true,"href":"https:\/\/atecordoba.org\/index.php?rest_route=\/wp\/v2\/media\/51083"}],"wp:attachment":[{"href":"https:\/\/atecordoba.org\/index.php?rest_route=%2Fwp%2Fv2%2Fmedia&parent=51089"}],"wp:term":[{"taxonomy":"category","embeddable":true,"href":"https:\/\/atecordoba.org\/index.php?rest_route=%2Fwp%2Fv2%2Fcategories&post=51089"},{"taxonomy":"post_tag","embeddable":true,"href":"https:\/\/atecordoba.org\/index.php?rest_route=%2Fwp%2Fv2%2Ftags&post=51089"}],"curies":[{"name":"wp","href":"https:\/\/api.w.org\/{rel}","templated":true}]}}