{"id":51070,"date":"2025-10-13T11:02:11","date_gmt":"2025-10-13T14:02:11","guid":{"rendered":"https:\/\/atecordoba.org\/?p=51070"},"modified":"2025-10-13T11:02:11","modified_gmt":"2025-10-13T14:02:11","slug":"personal-civil-de-las-ffaa-reclaman-dignidad-salarial-en-la-escuela-de-suboficiales","status":"publish","type":"post","link":"https:\/\/atecordoba.org\/?p=51070","title":{"rendered":"Personal Civil de las FFAA: reclaman dignidad salarial en la Escuela de Suboficiales"},"content":{"rendered":"<p><img loading=\"lazy\" decoding=\"async\" class=\"aligncenter wp-image-51071 size-full\" src=\"https:\/\/atecordoba.org\/wp-content\/uploads\/2025\/10\/WhatsApp-Image-2025-10-13-at-08.49.08.jpeg\" alt=\"\" width=\"349\" height=\"261\" srcset=\"https:\/\/atecordoba.org\/wp-content\/uploads\/2025\/10\/WhatsApp-Image-2025-10-13-at-08.49.08.jpeg 349w, https:\/\/atecordoba.org\/wp-content\/uploads\/2025\/10\/WhatsApp-Image-2025-10-13-at-08.49.08-300x224.jpeg 300w\" sizes=\"auto, (max-width: 349px) 100vw, 349px\" \/>Un acto de reconocimiento institucional al profesor y delegado de ATE de la Escuela de Suboficiales de la Fuerza A\u00e9rea, H\u00e9ctor Raul Zanoni, fue el \u00e1mbito donde nuestra organizaci\u00f3n plante\u00f3 la dura situaci\u00f3n que atraviesa el Personal Civil de las Fuerzas Armadas, marcada por los p\u00e9simos salarios y las injustas condiciones de trabajo.<\/p>\n<p>Durante su discurso en el acto realizado en la instituci\u00f3n ubicada sobre Ruta 20, Zanoni transmiti\u00f3 a las autoridades presentes sobre la necesidad de dignificar los haberes de docentes y personal civil, que se ubican entre los m\u00e1s bajos de la Administraci\u00f3n P\u00fablica Nacional, hist\u00f3ricamente disminuidos pero llevados al subsuelo de capacidad adquisitiva durante el gobierno de Javier Milei.<\/p>\n<p>&#8220;Hemos acompa\u00f1ado a generaciones de j\u00f3venes en su transici\u00f3n hacia la vida de servicio y compromiso con la patria. Sin buscar protagonismo dejamos una huella profunda en cada aspirante que pasa por nuestras aulas, con gran sentido de pertenencia a la familia de la Fuerza A\u00e9rea&#8221;, proclam\u00f3 Zanoni, &#8220;por eso hago un llamado a la reflexi\u00f3n para que acciones concretas reconozcan a los docentes y el personal civil con hechos que garanticen una retribuci\u00f3n justa, digna y actualizada&#8221;.<\/p>\n<p>El compa\u00f1ero Zanoni vincul\u00f3 el reconocimiento salarial con el afianzamiento del sentido de pertenencia a la instituci\u00f3n y despues de una vida de servicio en la formaci\u00f3n de personal de la Fuerza A\u00e9rea. Igual situaci\u00f3n atraviesan las y los compa\u00f1eros del Liceo Militar General Paz, dando cuenta del abandono y el vaciamiento que impone el gobierno de Milei a la formaci\u00f3n para la defensa nacional.<\/p>\n<p>El discurso del delegado de ATE fue recibido con un aplauso un\u00e1nime de todas y todos los presentes.<\/p>\n\n<div data-video-id=\"\" class='wp-block-html5-player-video html5_video_players' class=\"wp-block-html5-player-video\" data-nonce=\"305e0a8ab9\" data-attributes=\"{&quot;provider&quot;:&quot;library&quot;,&quot;uniqueId&quot;:&quot;h5vp1&quot;,&quot;source&quot;:&quot;https:\\\/\\\/atecordoba.org\\\/wp-content\\\/uploads\\\/2025\\\/10\\\/WhatsApp-Video-2025-10-13-at-08.51.03.mp4&quot;,&quot;poster&quot;:&quot;&quot;,&quot;options&quot;:{&quot;controls&quot;:[&quot;play-large&quot;,&quot;play&quot;,&quot;progress&quot;,&quot;duration&quot;,&quot;current-time&quot;,&quot;mute&quot;,&quot;volume&quot;,&quot;settings&quot;,&quot;fullscreen&quot;],&quot;settings&quot;:[&quot;captions&quot;,&quot;quality&quot;,&quot;speed&quot;,&quot;loop&quot;],&quot;loadSprite&quot;:true,&quot;autoplay&quot;:false,&quot;playsinline&quot;:true,&quot;seekTime&quot;:10,&quot;volume&quot;:1,&quot;muted&quot;:false,&quot;hideControls&quot;:false,&quot;resetOnEnd&quot;:true,&quot;tooltips&quot;:{&quot;controls&quot;:true,&quot;seek&quot;:true},&quot;captions&quot;:{&quot;active&quot;:false,&quot;language&quot;:&quot;auto&quot;,&quot;update&quot;:true},&quot;ratio&quot;:&quot;16:9&quot;,&quot;storage&quot;:{&quot;enabled&quot;:true,&quot;key&quot;:&quot;plyr&quot;},&quot;speed&quot;:{&quot;options&quot;:[&quot;0.5&quot;,&quot; 0.75&quot;,&quot; 1&quot;,&quot; 1.25&quot;,&quot; 1.5&quot;,&quot; 1.75&quot;,&quot; 2&quot;,&quot; 4&quot;]},&quot;loop&quot;:{&quot;active&quot;:false},&quot;ads&quot;:{&quot;enabled&quot;:false,&quot;tagUrl&quot;:&quot;&quot;},&quot;preload&quot;:&quot;metadata&quot;,&quot;markers&quot;:{&quot;enabled&quot;:false,&quot;points&quot;:[]},&quot;urls&quot;:{&quot;enabled&quot;:false}},&quot;features&quot;:{&quot;popup&quot;:{&quot;enabled&quot;:false},&quot;overlay&quot;:{&quot;enabled&quot;:false,&quot;items&quot;:[]},&quot;endScreen&quot;:{&quot;enabled&quot;:false},&quot;thumbInPause&quot;:{&quot;enabled&quot;:false,&quot;type&quot;:&quot;default&quot;},&quot;watermark&quot;:{&quot;enabled&quot;:false,&quot;type&quot;:&quot;email&quot;,&quot;text&quot;:&quot;&quot;,&quot;color&quot;:&quot;#f00&quot;},&quot;passwordProtected&quot;:{&quot;enabled&quot;:false,&quot;password&quot;:null},&quot;sticky&quot;:{&quot;enabled&quot;:false,&quot;position&quot;:&quot;top_right&quot;},&quot;playWhenVisible&quot;:false,&quot;disablePause&quot;:false,&quot;hideYoutubeUI&quot;:false,&quot;startTime&quot;:false,&quot;hideLoadingPlaceholder&quot;:false,&quot;saveState&quot;:false},&quot;hideYoutubeUI&quot;:false,&quot;additionalCSS&quot;:&quot;&quot;,&quot;additionalID&quot;:&quot;&quot;,&quot;autoplayWhenVisible&quot;:false,&quot;styles&quot;:{&quot;plyr_wrapper&quot;:{&quot;width&quot;:&quot;px&quot;,&quot;borderRadius&quot;:&quot;0px&quot;,&quot;overflow&quot;:&quot;hidden&quot;},&quot;.plyr&quot;:{&quot;--plyr-color-main&quot;:&quot;#00b2ff&quot;}},&quot;imported&quot;:false,&quot;onlyLoggedIn&quot;:{&quot;whoCanSeeThisVideo&quot;:&quot;everyone&quot;,&quot;allowedRoles&quot;:[],&quot;message&quot;:&quot;This video is only for registered users. Please login to view the video.&quot;},&quot;seo&quot;:{&quot;title&quot;:&quot;&quot;,&quot;description&quot;:&quot;&quot;,&quot;duration&quot;:&quot;&quot;},&quot;quality&quot;:[],&quot;subtitle&quot;:[{&quot;label&quot;:&quot;English\\\/en&quot;,&quot;caption_file&quot;:&quot;&quot;}],&quot;thumbInPause&quot;:false,&quot;CSS&quot;:&quot;&quot;,&quot;isCDURL&quot;:false,&quot;posterTime&quot;:20,&quot;chapters&quot;:[],&quot;controls&quot;:{&quot;play-large&quot;:true,&quot;restart&quot;:false,&quot;rewind&quot;:false,&quot;play&quot;:true,&quot;fast-forward&quot;:false,&quot;progress&quot;:true,&quot;current-time&quot;:true,&quot;duration&quot;:false,&quot;mute&quot;:true,&quot;volume&quot;:true,&quot;pip&quot;:false,&quot;airplay&quot;:false,&quot;settings&quot;:true,&quot;downlaod&quot;:false,&quot;fullscreen&quot;:true},&quot;brandColor&quot;:&quot;#00B3FF&quot;,&quot;width&quot;:{&quot;deprecated&quot;:true,&quot;number&quot;:100,&quot;unit&quot;:&quot;%&quot;},&quot;radius&quot;:{&quot;number&quot;:0,&quot;unit&quot;:&quot;px&quot;},&quot;repeat&quot;:false,&quot;autoplay&quot;:false,&quot;muted&quot;:false,&quot;sticky&quot;:false,&quot;stickyPosition&quot;:&quot;top-right&quot;,&quot;popup&quot;:false,&quot;popupType&quot;:&quot;button&quot;,&quot;playsinline&quot;:false,&quot;popupBtnStyle&quot;:{&quot;color&quot;:&quot;#fff&quot;,&quot;backgroundColor&quot;:&quot;#006BA1&quot;,&quot;fontSize&quot;:&quot;16px&quot;,&quot;padding&quot;:{&quot;top&quot;:&quot;10px&quot;,&quot;right&quot;:&quot;20px&quot;,&quot;bottom&quot;:&quot;10px&quot;,&quot;left&quot;:&quot;20px&quot;},&quot;align&quot;:&quot;center&quot;},&quot;popupBtnText&quot;:&quot;Watch Video&quot;,&quot;disablePause&quot;:false,&quot;thumbStyle&quot;:&quot;default&quot;,&quot;resetOnEnd&quot;:false,&quot;autoHideControl&quot;:true,&quot;protected&quot;:false,&quot;protectedText&quot;:&quot;Please enter password to wath the video&quot;,&quot;seekTime&quot;:10,&quot;startTime&quot;:0,&quot;preload&quot;:&quot;metadata&quot;,&quot;overlay&quot;:false,&quot;overlayPosition&quot;:&quot;top_right&quot;,&quot;overlayBackground&quot;:&quot;#333&quot;,&quot;overlayOpacity&quot;:0.8,&quot;overlayTextColor&quot;:&quot;#ffffff&quot;,&quot;overlayFontSize&quot;:{&quot;number&quot;:20,&quot;unit&quot;:&quot;px&quot;},&quot;overlayTextHoverColor&quot;:&quot;#ffffff&quot;,&quot;endScreen&quot;:{&quot;enabled&quot;:false,&quot;text&quot;:&quot;Simple Text&quot;,&quot;btnText&quot;:&quot;Watch Again&quot;,&quot;btnLink&quot;:&quot;&quot;,&quot;btnStyle&quot;:[]},&quot;endscreen&quot;:false,&quot;endscreenText&quot;:&quot;Endscreen text&quot;,&quot;endscreenTextLink&quot;:&quot;#&quot;,&quot;streaming&quot;:false,&quot;streamingType&quot;:&quot;hls&quot;,&quot;speed&quot;:{&quot;1&quot;:true,&quot;2&quot;:true,&quot;3&quot;:true,&quot;0.5&quot;:true,&quot;0.75&quot;:true,&quot;1.25&quot;:true,&quot;1.5&quot;:true,&quot;1.75&quot;:true,&quot;2.5&quot;:true},&quot;captionEnabled&quot;:false,&quot;saveState&quot;:false}\" style=\"aspect-ratio:16\/9\">\n    <div class=\"preload_poster\" style=\"overflow:hidden;aspect-ratio:16:9;\">\n        <svg width=\"36px\" height=\"36px\" viewBox=\"0 0 15 15\" fill=\"none\" xmlns=\"http:\/\/www.w3.org\/2000\/svg\">\n            <path d=\"M4.79062 2.09314C4.63821 1.98427 4.43774 1.96972 4.27121 2.05542C4.10467 2.14112 4 2.31271 4 2.5V12.5C4 12.6873 4.10467 12.8589 4.27121 12.9446C4.43774 13.0303 4.63821 13.0157 4.79062 12.9069L11.7906 7.90687C11.922 7.81301 12 7.66148 12 7.5C12 7.33853 11.922 7.18699 11.7906 7.09314L4.79062 2.09314Z\" fill=\"#fff\" \/>\n        <\/svg>\n    <\/div>\n<\/div>\n\n\n<p>&nbsp;<\/p>\n","protected":false},"excerpt":{"rendered":"<p>Un acto de reconocimiento institucional al profesor y delegado de ATE de la Escuela de Suboficiales de la Fuerza A\u00e9rea, H\u00e9ctor Raul Zanoni, fue el \u00e1mbito donde nuestra organizaci\u00f3n plante\u00f3 la dura situaci\u00f3n que atraviesa el Personal Civil de las Fuerzas Armadas, marcada por los p\u00e9simos salarios y las injustas condiciones de trabajo. Durante su [&hellip;]<\/p>\n","protected":false},"author":7,"featured_media":51071,"comment_status":"open","ping_status":"open","sticky":false,"template":"","format":"standard","meta":{"_exactmetrics_skip_tracking":false,"_exactmetrics_sitenote_active":false,"_exactmetrics_sitenote_note":"","_exactmetrics_sitenote_category":0,"jnews-multi-image_gallery":[],"jnews_single_post":[],"jnews_primary_category":[],"jnews_social_meta":[],"jnews_review":[],"enable_review":"","type":"","name":"","summary":"","brand":"","sku":"","good":[],"bad":[],"score_override":"","override_value":"","rating":[],"price":[],"jnews_override_counter":[],"jnews_post_split":[],"footnotes":""},"categories":[18],"tags":[],"class_list":["post-51070","post","type-post","status-publish","format-standard","has-post-thumbnail","hentry","category-nacionales"],"jetpack_featured_media_url":"https:\/\/atecordoba.org\/wp-content\/uploads\/2025\/10\/WhatsApp-Image-2025-10-13-at-08.49.08.jpeg","_links":{"self":[{"href":"https:\/\/atecordoba.org\/index.php?rest_route=\/wp\/v2\/posts\/51070","targetHints":{"allow":["GET"]}}],"collection":[{"href":"https:\/\/atecordoba.org\/index.php?rest_route=\/wp\/v2\/posts"}],"about":[{"href":"https:\/\/atecordoba.org\/index.php?rest_route=\/wp\/v2\/types\/post"}],"author":[{"embeddable":true,"href":"https:\/\/atecordoba.org\/index.php?rest_route=\/wp\/v2\/users\/7"}],"replies":[{"embeddable":true,"href":"https:\/\/atecordoba.org\/index.php?rest_route=%2Fwp%2Fv2%2Fcomments&post=51070"}],"version-history":[{"count":1,"href":"https:\/\/atecordoba.org\/index.php?rest_route=\/wp\/v2\/posts\/51070\/revisions"}],"predecessor-version":[{"id":51073,"href":"https:\/\/atecordoba.org\/index.php?rest_route=\/wp\/v2\/posts\/51070\/revisions\/51073"}],"wp:featuredmedia":[{"embeddable":true,"href":"https:\/\/atecordoba.org\/index.php?rest_route=\/wp\/v2\/media\/51071"}],"wp:attachment":[{"href":"https:\/\/atecordoba.org\/index.php?rest_route=%2Fwp%2Fv2%2Fmedia&parent=51070"}],"wp:term":[{"taxonomy":"category","embeddable":true,"href":"https:\/\/atecordoba.org\/index.php?rest_route=%2Fwp%2Fv2%2Fcategories&post=51070"},{"taxonomy":"post_tag","embeddable":true,"href":"https:\/\/atecordoba.org\/index.php?rest_route=%2Fwp%2Fv2%2Ftags&post=51070"}],"curies":[{"name":"wp","href":"https:\/\/api.w.org\/{rel}","templated":true}]}}