{"id":51065,"date":"2025-10-09T14:06:53","date_gmt":"2025-10-09T17:06:53","guid":{"rendered":"https:\/\/atecordoba.org\/?p=51065"},"modified":"2025-10-09T14:06:53","modified_gmt":"2025-10-09T17:06:53","slug":"a-84-anos-del-nacimiento-de-fabricaciones-militares-ate-declara-el-estado-de-alerta-por-el-vaciamiento-de-milei","status":"publish","type":"post","link":"https:\/\/atecordoba.org\/?p=51065","title":{"rendered":"A 84 a\u00f1os del nacimiento de Fabricaciones Militares, ATE declara el estado de alerta por el vaciamiento de Milei"},"content":{"rendered":"<p><img loading=\"lazy\" decoding=\"async\" class=\"aligncenter wp-image-51066 \" src=\"https:\/\/atecordoba.org\/wp-content\/uploads\/2025\/10\/ffmm-rio-tercero-1024x612.jpg\" alt=\"\" width=\"613\" height=\"366\" srcset=\"https:\/\/atecordoba.org\/wp-content\/uploads\/2025\/10\/ffmm-rio-tercero-1024x612.jpg 1024w, https:\/\/atecordoba.org\/wp-content\/uploads\/2025\/10\/ffmm-rio-tercero-300x179.jpg 300w, https:\/\/atecordoba.org\/wp-content\/uploads\/2025\/10\/ffmm-rio-tercero-768x459.jpg 768w, https:\/\/atecordoba.org\/wp-content\/uploads\/2025\/10\/ffmm-rio-tercero-750x448.jpg 750w, https:\/\/atecordoba.org\/wp-content\/uploads\/2025\/10\/ffmm-rio-tercero-1140x681.jpg 1140w, https:\/\/atecordoba.org\/wp-content\/uploads\/2025\/10\/ffmm-rio-tercero.jpg 1200w\" sizes=\"auto, (max-width: 613px) 100vw, 613px\" \/>Este jueves, 9 de octubre, al conmemorarse un nuevo aniversario de la creaci\u00f3n de la empresa estatal Fabricaciones Militares ATE declar\u00f3 el Estado de Alerta en defensa de la soberan\u00eda nacional. El organismo sufre el ajuste del Gobierno nacional que implica recortes presupuestarios, paralizaci\u00f3n de proyectos y desinversi\u00f3n sist\u00e9mica.<\/p>\n<p>Hace 84 a\u00f1os que el organismo contribuye a la motorizaci\u00f3n de la industria argentina gracias a la producci\u00f3n de municiones, armamento, explosivos, qu\u00edmicos y tecnolog\u00eda estrat\u00e9gica.<\/p>\n<p>Sin embargo, el Sindicato denunci\u00f3 que la empresa estatal se encuentra en crisis debido al retroceso que ha generado la pol\u00edtica de desmantelamiento y falta de proyecci\u00f3n que est\u00e1 imponiendo el Gobierno nacional.<\/p>\n<p>Tras m\u00e1s de ocho d\u00e9cadas desde el primer Plan Quinquenal que dio inicio a la Direcci\u00f3n General de Fabricaciones Militares, que supo albergar un plantel de 25.000 trabajadoras y trabajadores y actualmente solo 1135, enfrenta el vaciamiento y desguace de \u00e1reas productivas, privatizaciones, par\u00e1lisis y recortes. Fabricaciones Militares no genera p\u00e9rdidas, es soberan\u00eda, desarrollo y trabajo regional argentino.<\/p>\n","protected":false},"excerpt":{"rendered":"<p>Este jueves, 9 de octubre, al conmemorarse un nuevo aniversario de la creaci\u00f3n de la empresa estatal Fabricaciones Militares ATE declar\u00f3 el Estado de Alerta en defensa de la soberan\u00eda nacional. El organismo sufre el ajuste del Gobierno nacional que implica recortes presupuestarios, paralizaci\u00f3n de proyectos y desinversi\u00f3n sist\u00e9mica. Hace 84 a\u00f1os que el organismo [&hellip;]<\/p>\n","protected":false},"author":7,"featured_media":51066,"comment_status":"open","ping_status":"open","sticky":false,"template":"","format":"standard","meta":{"_exactmetrics_skip_tracking":false,"_exactmetrics_sitenote_active":false,"_exactmetrics_sitenote_note":"","_exactmetrics_sitenote_category":0,"jnews-multi-image_gallery":[],"jnews_single_post":[],"jnews_primary_category":[],"jnews_social_meta":[],"jnews_review":[],"enable_review":"","type":"","name":"","summary":"","brand":"","sku":"","good":[],"bad":[],"score_override":"","override_value":"","rating":[],"price":[],"jnews_override_counter":[],"jnews_post_split":[],"footnotes":""},"categories":[18],"tags":[],"class_list":["post-51065","post","type-post","status-publish","format-standard","has-post-thumbnail","hentry","category-nacionales"],"jetpack_featured_media_url":"https:\/\/atecordoba.org\/wp-content\/uploads\/2025\/10\/ffmm-rio-tercero.jpg","_links":{"self":[{"href":"https:\/\/atecordoba.org\/index.php?rest_route=\/wp\/v2\/posts\/51065","targetHints":{"allow":["GET"]}}],"collection":[{"href":"https:\/\/atecordoba.org\/index.php?rest_route=\/wp\/v2\/posts"}],"about":[{"href":"https:\/\/atecordoba.org\/index.php?rest_route=\/wp\/v2\/types\/post"}],"author":[{"embeddable":true,"href":"https:\/\/atecordoba.org\/index.php?rest_route=\/wp\/v2\/users\/7"}],"replies":[{"embeddable":true,"href":"https:\/\/atecordoba.org\/index.php?rest_route=%2Fwp%2Fv2%2Fcomments&post=51065"}],"version-history":[{"count":1,"href":"https:\/\/atecordoba.org\/index.php?rest_route=\/wp\/v2\/posts\/51065\/revisions"}],"predecessor-version":[{"id":51067,"href":"https:\/\/atecordoba.org\/index.php?rest_route=\/wp\/v2\/posts\/51065\/revisions\/51067"}],"wp:featuredmedia":[{"embeddable":true,"href":"https:\/\/atecordoba.org\/index.php?rest_route=\/wp\/v2\/media\/51066"}],"wp:attachment":[{"href":"https:\/\/atecordoba.org\/index.php?rest_route=%2Fwp%2Fv2%2Fmedia&parent=51065"}],"wp:term":[{"taxonomy":"category","embeddable":true,"href":"https:\/\/atecordoba.org\/index.php?rest_route=%2Fwp%2Fv2%2Fcategories&post=51065"},{"taxonomy":"post_tag","embeddable":true,"href":"https:\/\/atecordoba.org\/index.php?rest_route=%2Fwp%2Fv2%2Ftags&post=51065"}],"curies":[{"name":"wp","href":"https:\/\/api.w.org\/{rel}","templated":true}]}}