{"id":51047,"date":"2025-10-09T11:11:01","date_gmt":"2025-10-09T14:11:01","guid":{"rendered":"https:\/\/atecordoba.org\/?p=51047"},"modified":"2025-10-09T11:11:01","modified_gmt":"2025-10-09T14:11:01","slug":"alba-y-america-latina-unidos-o-dominados","status":"publish","type":"post","link":"https:\/\/atecordoba.org\/?p=51047","title":{"rendered":"ALBA y Am\u00e9rica Latina: Unidos o Dominados"},"content":{"rendered":"<div class=\"xdj266r x14z9mp xat24cr x1lziwak x1vvkbs x126k92a\">\n<div dir=\"auto\"><img loading=\"lazy\" decoding=\"async\" class=\"aligncenter wp-image-51048 \" src=\"https:\/\/atecordoba.org\/wp-content\/uploads\/2025\/10\/560539164_18482196373072689_6899297776376064217_n-1024x576.jpeg\" alt=\"\" width=\"620\" height=\"349\" srcset=\"https:\/\/atecordoba.org\/wp-content\/uploads\/2025\/10\/560539164_18482196373072689_6899297776376064217_n-1024x576.jpeg 1024w, https:\/\/atecordoba.org\/wp-content\/uploads\/2025\/10\/560539164_18482196373072689_6899297776376064217_n-300x169.jpeg 300w, https:\/\/atecordoba.org\/wp-content\/uploads\/2025\/10\/560539164_18482196373072689_6899297776376064217_n-768x432.jpeg 768w, https:\/\/atecordoba.org\/wp-content\/uploads\/2025\/10\/560539164_18482196373072689_6899297776376064217_n-750x422.jpeg 750w, https:\/\/atecordoba.org\/wp-content\/uploads\/2025\/10\/560539164_18482196373072689_6899297776376064217_n.jpeg 1080w\" sizes=\"auto, (max-width: 620px) 100vw, 620px\" \/><\/div>\n<div dir=\"auto\">\n<p>Con la participaci\u00f3n del Secretario General de ATE y la CTA Aut\u00f3noma C\u00f3rdoba, Federico Giuliani, y del referente de ALBA Movimientos, Secretario Pol\u00edtico de la Alianza Bolivariana para los Pueblos de Nuestra Am\u00e9rica y uno de los responsables de la plataforma en Argentina, Manuel Bertoldi, ayer tuvo lugar en la sede de ATE C\u00f3rdoba la proyecci\u00f3n del documental \u201cEl Abrazo de los Pueblos\u201d y, posteriormente, se registr\u00f3 una charla-debate sobre el tema \u201cDesaf\u00edos de la Integraci\u00f3n del Continente\u201d.<\/p>\n<p>Tambi\u00e9n fueron de la partida Silvia Alcoba, Secretaria Adjunta de la CTA-A C\u00f3rdoba y referente de la Federaci\u00f3n Nacional Territorial (FeNaT-CTAA) y Christian Romo, de NuestraAm\u00e9rica.<\/p>\n<p>Giuliani destac\u00f3 la masividad de la convocatoria que colm\u00f3 el Auditorio H\u00e9ctor \u201cLa Perra\u201d Castro de la Asociaci\u00f3n Trabajadores del Estado y apunt\u00f3: \u201cMuchos se creen que los compa\u00f1eros y compa\u00f1eras que est\u00e1n en el territorio s\u00f3lo est\u00e1n para revolver la olla, servir la comida o para contener a las chicas y los chicos de los barrios en una situaci\u00f3n tan dif\u00edcil, cosa que es cierto, pero nosotros desde el Movimiento Pueblo y Patria venimos dando una instancia de formaci\u00f3n pol\u00edtica para el conjunto de la militancia barrial\u201d.<\/p>\n<\/div>\n<\/div>\n<div dir=\"auto\">\n<div id='gallery_1' class='gallery galleryid-51047 gallery-columns-4 gallery-size-thumbnail'><figure class='gallery-item'>\n                <div class='gallery-icon portrait'>\n                    <a href='https:\/\/atecordoba.org\/wp-content\/uploads\/2025\/10\/IMG-20251008-WA0106-169x300-1.jpg'><img loading=\"lazy\" decoding=\"async\" width=\"150\" height=\"150\" src=\"\" class=\"attachment-thumbnail size-thumbnail lazyload\" alt=\"\" data-src=\"https:\/\/atecordoba.org\/wp-content\/uploads\/2025\/10\/IMG-20251008-WA0106-169x300-1-150x150.jpg\" data-sizes=\"auto\" data-srcset=\"https:\/\/atecordoba.org\/wp-content\/uploads\/2025\/10\/IMG-20251008-WA0106-169x300-1-150x150.jpg 150w, https:\/\/atecordoba.org\/wp-content\/uploads\/2025\/10\/IMG-20251008-WA0106-169x300-1-75x75.jpg 75w\" data-expand=\"700\" \/><\/a>\n                <\/div><\/figure><figure class='gallery-item'>\n                <div class='gallery-icon portrait'>\n                    <a href='https:\/\/atecordoba.org\/wp-content\/uploads\/2025\/10\/IMG-20251008-WA0107-169x300-1.jpg'><img loading=\"lazy\" decoding=\"async\" width=\"150\" height=\"150\" src=\"\" class=\"attachment-thumbnail size-thumbnail lazyload\" alt=\"\" data-src=\"https:\/\/atecordoba.org\/wp-content\/uploads\/2025\/10\/IMG-20251008-WA0107-169x300-1-150x150.jpg\" data-sizes=\"auto\" data-srcset=\"https:\/\/atecordoba.org\/wp-content\/uploads\/2025\/10\/IMG-20251008-WA0107-169x300-1-150x150.jpg 150w, https:\/\/atecordoba.org\/wp-content\/uploads\/2025\/10\/IMG-20251008-WA0107-169x300-1-75x75.jpg 75w\" data-expand=\"700\" \/><\/a>\n                <\/div><\/figure><figure class='gallery-item'>\n                <div class='gallery-icon portrait'>\n                    <a href='https:\/\/atecordoba.org\/wp-content\/uploads\/2025\/10\/IMG-20251008-WA0108-169x300-1.jpg'><img loading=\"lazy\" decoding=\"async\" width=\"150\" height=\"150\" src=\"\" class=\"attachment-thumbnail size-thumbnail lazyload\" alt=\"\" data-src=\"https:\/\/atecordoba.org\/wp-content\/uploads\/2025\/10\/IMG-20251008-WA0108-169x300-1-150x150.jpg\" data-sizes=\"auto\" data-srcset=\"https:\/\/atecordoba.org\/wp-content\/uploads\/2025\/10\/IMG-20251008-WA0108-169x300-1-150x150.jpg 150w, https:\/\/atecordoba.org\/wp-content\/uploads\/2025\/10\/IMG-20251008-WA0108-169x300-1-75x75.jpg 75w\" data-expand=\"700\" \/><\/a>\n                <\/div><\/figure><figure class='gallery-item'>\n                <div class='gallery-icon portrait'>\n                    <a href='https:\/\/atecordoba.org\/wp-content\/uploads\/2025\/10\/08-169x300-1.jpg'><img loading=\"lazy\" decoding=\"async\" width=\"150\" height=\"150\" src=\"\" class=\"attachment-thumbnail size-thumbnail lazyload\" alt=\"\" data-src=\"https:\/\/atecordoba.org\/wp-content\/uploads\/2025\/10\/08-169x300-1-150x150.jpg\" data-sizes=\"auto\" data-srcset=\"https:\/\/atecordoba.org\/wp-content\/uploads\/2025\/10\/08-169x300-1-150x150.jpg 150w, https:\/\/atecordoba.org\/wp-content\/uploads\/2025\/10\/08-169x300-1-75x75.jpg 75w\" data-expand=\"700\" \/><\/a>\n                <\/div><\/figure><br style=\"clear: both\" \/>\n            <\/div>\n\n<p>\u201cRecuerden aquella secuencia a principios de agosto donde discutimos durante tres d\u00edas seguidos, primero lo que pasa en Cuba con el bloqueo criminal de Estados Unidos y los desaf\u00edos que tiene en este presente plagado de dificultades; en segundo lugar vimos lo que estaba sucediendo en el hermano pueblo de Palestina masacrado por el Estado genocida de Israel; y cerramos analizando los logros y acechanzas que tiene la Revoluci\u00f3n Bolivariana en Venezuela\u201d, se\u00f1al\u00f3.<\/p>\n<p>Adelant\u00f3 que \u201choy vamos a continuar con esta discusi\u00f3n en el plano internacional. De hecho, para que ustedes sepan, y seguramente m\u00e1s de uno lo sabe, Per\u00f3n dec\u00eda que la verdadera pol\u00edtica es la pol\u00edtica internacional. Es decir, nosotros no podemos pensarnos solamente en un barrio, una ciudad, una provincia o un pa\u00eds, sino que tambi\u00e9n debemos pensarnos en una integraci\u00f3n a nivel continental y a nivel mundial\u201d.<\/p>\n<p>Giuliani afirm\u00f3: \u201cNuestra idea es romper con el prejuicio de creer que nuestras compa\u00f1eras y compa\u00f1eros de los barrios solamente est\u00e1n para atender las demandas sociales, o que s\u00f3lo estamos en la calle peleando. De hecho, con muchos de los presentes fuimos v\u00edctimas del abuso policial y la Violencia Institucional el 28 de agosto pasado cuando fuimos a la Secretar\u00eda de Pol\u00edticas Sociales y Desarrollo Humano de la Municipalidad de C\u00f3rdoba a reclamar comida y terminamos siendo apaleados y encarcelados injustamente\u201d.<\/p>\n<p><img loading=\"lazy\" decoding=\"async\" class=\"alignnone size-medium wp-image-106860\" src=\"http:\/\/ctaacordoba.org\/wp-content\/uploads\/2025\/10\/03-300x169.jpg\" srcset=\"https:\/\/ctaacordoba.org\/wp-content\/uploads\/2025\/10\/03-300x169.jpg 300w, https:\/\/ctaacordoba.org\/wp-content\/uploads\/2025\/10\/03-1024x576.jpg 1024w, https:\/\/ctaacordoba.org\/wp-content\/uploads\/2025\/10\/03-768x432.jpg 768w, https:\/\/ctaacordoba.org\/wp-content\/uploads\/2025\/10\/03.jpg 1280w\" alt=\"\" width=\"300\" height=\"169\" \/><img loading=\"lazy\" decoding=\"async\" class=\"alignnone size-medium wp-image-106861\" src=\"http:\/\/ctaacordoba.org\/wp-content\/uploads\/2025\/10\/04-300x169.jpg\" srcset=\"https:\/\/ctaacordoba.org\/wp-content\/uploads\/2025\/10\/04-300x169.jpg 300w, https:\/\/ctaacordoba.org\/wp-content\/uploads\/2025\/10\/04-1024x576.jpg 1024w, https:\/\/ctaacordoba.org\/wp-content\/uploads\/2025\/10\/04-768x432.jpg 768w, https:\/\/ctaacordoba.org\/wp-content\/uploads\/2025\/10\/04.jpg 1280w\" alt=\"\" width=\"300\" height=\"169\" \/><\/p>\n<p>\u201cQuiero aprovechar este momento para decir que en el caso m\u00edo me pudieron fracturar un brazo pero no pudieron doblegar nuestra voluntad y nuestras convicciones de lucha. De hecho, hoy estamos m\u00e1s fuertes que nunca y eso hay que resaltarlo en esta sala llena de referencia y militancia que todos los d\u00edas le pone el pecho a una situaci\u00f3n dif\u00edcil\u201d, subray\u00f3.<\/p>\n<p>Y agreg\u00f3: \u201cEntendemos la formaci\u00f3n pol\u00edtica como aquella instancia de debate fraterno, horizontal, en donde podamos tener m\u00e1s insumos para la disputa pol\u00edtica con el enemigo que est\u00e1 en territorio. Un enemigo que nos quiere separados, que planta la idea del s\u00e1lvese quien puede, mientras que nosotros apostamos por la pelea colectiva sabiendo que nos salvamos todos o no se salva nadie\u201d.<\/p>\n<p><img loading=\"lazy\" decoding=\"async\" class=\"alignnone size-medium wp-image-106862\" src=\"http:\/\/ctaacordoba.org\/wp-content\/uploads\/2025\/10\/05-300x169.jpg\" srcset=\"https:\/\/ctaacordoba.org\/wp-content\/uploads\/2025\/10\/05-300x169.jpg 300w, https:\/\/ctaacordoba.org\/wp-content\/uploads\/2025\/10\/05-1024x576.jpg 1024w, https:\/\/ctaacordoba.org\/wp-content\/uploads\/2025\/10\/05-768x432.jpg 768w, https:\/\/ctaacordoba.org\/wp-content\/uploads\/2025\/10\/05.jpg 1280w\" alt=\"\" width=\"300\" height=\"169\" \/><img loading=\"lazy\" decoding=\"async\" class=\"alignnone size-medium wp-image-106863\" src=\"http:\/\/ctaacordoba.org\/wp-content\/uploads\/2025\/10\/06-300x169.jpg\" srcset=\"https:\/\/ctaacordoba.org\/wp-content\/uploads\/2025\/10\/06-300x169.jpg 300w, https:\/\/ctaacordoba.org\/wp-content\/uploads\/2025\/10\/06-1024x576.jpg 1024w, https:\/\/ctaacordoba.org\/wp-content\/uploads\/2025\/10\/06-768x432.jpg 768w, https:\/\/ctaacordoba.org\/wp-content\/uploads\/2025\/10\/06.jpg 1280w\" alt=\"\" width=\"300\" height=\"169\" \/><\/p>\n<p>Avis\u00f3 que \u201cel 14 de agosto Bertoldi nos comunic\u00f3 que el Movimiento Pueblo y Patria se sumaba al ALBA, o sea que estamos integrados a una perspectiva de construcci\u00f3n continental. Pensar la Liberaci\u00f3n Nacional es hacerlo en clave de Liberaci\u00f3n de la Patria Grande, que no es otra cosa que lo que so\u00f1aron San Mart\u00edn y Bol\u00edvar\u201d.<\/p>\n<p>\u201cReivindicamos la unidad en la lucha de nuestros pueblos para conquistar la Soberan\u00eda Popular, Independencia Econ\u00f3mica y Justicia Social, un proceso que tuvo su punto m\u00e1s alto el 5 de noviembre de 2005 en Mar del Plata, cuando dijimos \u2018ALCA Al Carajo\u2019 en la Cumbre de los Pueblos que se le plant\u00f3 a Estados Unidos e impidi\u00f3 un Tratado de Libre Comercio que eliminaba los aranceles a los productos trasnacionales, desde Alaska a Tierra del Fuego\u201d, sentenci\u00f3.<\/p>\n<h4>Integraci\u00f3n continental<img loading=\"lazy\" decoding=\"async\" class=\"alignright wp-image-51053 \" src=\"https:\/\/atecordoba.org\/wp-content\/uploads\/2025\/10\/WhatsApp-Image-2025-10-09-at-10.06.42-1024x576.jpeg\" alt=\"\" width=\"522\" height=\"294\" srcset=\"https:\/\/atecordoba.org\/wp-content\/uploads\/2025\/10\/WhatsApp-Image-2025-10-09-at-10.06.42-1024x576.jpeg 1024w, https:\/\/atecordoba.org\/wp-content\/uploads\/2025\/10\/WhatsApp-Image-2025-10-09-at-10.06.42-300x169.jpeg 300w, https:\/\/atecordoba.org\/wp-content\/uploads\/2025\/10\/WhatsApp-Image-2025-10-09-at-10.06.42-768x432.jpeg 768w, https:\/\/atecordoba.org\/wp-content\/uploads\/2025\/10\/WhatsApp-Image-2025-10-09-at-10.06.42-750x422.jpeg 750w, https:\/\/atecordoba.org\/wp-content\/uploads\/2025\/10\/WhatsApp-Image-2025-10-09-at-10.06.42.jpeg 1080w\" sizes=\"auto, (max-width: 522px) 100vw, 522px\" \/><\/h4>\n<p>A su turno, Manuel Bertoldi, se\u00f1al\u00f3 que &#8220;estamos muy contentos de visitar C\u00f3rdoba para traer el documental y que participen compa\u00f1eros y compa\u00f1eras de las barriadas populares. Entendemos que las integraci\u00f3n debe realizarse desde los pueblos, con la clase trabajadora como protagonista&#8221;.<\/p>\n<p>El dirigente manifest\u00f3 que frente al avance de las extremas derechas, preocupante en el continente, &#8220;hay un contexto dif\u00edcil pero abierto. Los desaf\u00edos que tenemos en la regi\u00f3n siguen vigentes y la derecha tampoco tiene una jugada sencilla para consolidar su proyecto pol\u00edtico colonial. Vemos en Argentina la dificultades que est\u00e1n teniendo y al mismo tiempo como los pueblos se abren camino, con procesos interesantes, en pa\u00edses donde hace dos d\u00e9cadas quiz\u00e1s no viv\u00edan esas transformaciones. Son los casos de Colombia o M\u00e9xico, por eso decimos que el escenario est\u00e1 abierto y es ahora donde tenemos que reforzar much\u00edsimo el trabajo de integraci\u00f3n para avanzar en los objetivos que tenemos como pueblo&#8221;.<\/p>\n<p>Bertoldi remat\u00f3 asegurando que &#8220;estas instancias son fundamentales para seguir formando y concientizando para apropiarnos de las tareas que implican construir la integraci\u00f3n en el continente&#8221;.<\/p>\n<\/div>\n","protected":false},"excerpt":{"rendered":"<p>Con la participaci\u00f3n del Secretario General de ATE y la CTA Aut\u00f3noma C\u00f3rdoba, Federico Giuliani, y del referente de ALBA Movimientos, Secretario Pol\u00edtico de la Alianza Bolivariana para los Pueblos de Nuestra Am\u00e9rica y uno de los responsables de la plataforma en Argentina, Manuel Bertoldi, ayer tuvo lugar en la sede de ATE C\u00f3rdoba la [&hellip;]<\/p>\n","protected":false},"author":7,"featured_media":51048,"comment_status":"open","ping_status":"open","sticky":false,"template":"","format":"standard","meta":{"_exactmetrics_skip_tracking":false,"_exactmetrics_sitenote_active":false,"_exactmetrics_sitenote_note":"","_exactmetrics_sitenote_category":0,"jnews-multi-image_gallery":[],"jnews_single_post":[],"jnews_primary_category":[],"jnews_social_meta":[],"jnews_review":[],"enable_review":"","type":"","name":"","summary":"","brand":"","sku":"","good":[],"bad":[],"score_override":"","override_value":"","rating":[],"price":[],"jnews_override_counter":[],"jnews_post_split":[],"footnotes":""},"categories":[108],"tags":[],"class_list":["post-51047","post","type-post","status-publish","format-standard","has-post-thumbnail","hentry","category-internacional"],"jetpack_featured_media_url":"https:\/\/atecordoba.org\/wp-content\/uploads\/2025\/10\/560539164_18482196373072689_6899297776376064217_n.jpeg","_links":{"self":[{"href":"https:\/\/atecordoba.org\/index.php?rest_route=\/wp\/v2\/posts\/51047","targetHints":{"allow":["GET"]}}],"collection":[{"href":"https:\/\/atecordoba.org\/index.php?rest_route=\/wp\/v2\/posts"}],"about":[{"href":"https:\/\/atecordoba.org\/index.php?rest_route=\/wp\/v2\/types\/post"}],"author":[{"embeddable":true,"href":"https:\/\/atecordoba.org\/index.php?rest_route=\/wp\/v2\/users\/7"}],"replies":[{"embeddable":true,"href":"https:\/\/atecordoba.org\/index.php?rest_route=%2Fwp%2Fv2%2Fcomments&post=51047"}],"version-history":[{"count":1,"href":"https:\/\/atecordoba.org\/index.php?rest_route=\/wp\/v2\/posts\/51047\/revisions"}],"predecessor-version":[{"id":51054,"href":"https:\/\/atecordoba.org\/index.php?rest_route=\/wp\/v2\/posts\/51047\/revisions\/51054"}],"wp:featuredmedia":[{"embeddable":true,"href":"https:\/\/atecordoba.org\/index.php?rest_route=\/wp\/v2\/media\/51048"}],"wp:attachment":[{"href":"https:\/\/atecordoba.org\/index.php?rest_route=%2Fwp%2Fv2%2Fmedia&parent=51047"}],"wp:term":[{"taxonomy":"category","embeddable":true,"href":"https:\/\/atecordoba.org\/index.php?rest_route=%2Fwp%2Fv2%2Fcategories&post=51047"},{"taxonomy":"post_tag","embeddable":true,"href":"https:\/\/atecordoba.org\/index.php?rest_route=%2Fwp%2Fv2%2Ftags&post=51047"}],"curies":[{"name":"wp","href":"https:\/\/api.w.org\/{rel}","templated":true}]}}