{"id":51043,"date":"2025-10-09T10:28:08","date_gmt":"2025-10-09T13:28:08","guid":{"rendered":"https:\/\/atecordoba.org\/?p=51043"},"modified":"2025-10-09T10:28:08","modified_gmt":"2025-10-09T13:28:08","slug":"charla-debate-en-ate-con-judiciales-criminalizacion-de-la-protesta-y-tareas-de-delegados-as-en-la-lucha-sindical","status":"publish","type":"post","link":"https:\/\/atecordoba.org\/?p=51043","title":{"rendered":"Charla-debate en ATE con Judiciales: criminalizaci\u00f3n de la protesta y tareas de delegados\/as en la lucha sindical"},"content":{"rendered":"<p><img loading=\"lazy\" decoding=\"async\" class=\"aligncenter wp-image-51044 size-full\" src=\"https:\/\/atecordoba.org\/wp-content\/uploads\/2025\/10\/judiciales-oposicion.jpg\" alt=\"\" width=\"526\" height=\"526\" \/>Hoy se llevar\u00e1 a cabo a las 17 horas en la sede del Consejo Directivo Provincial, Entre R\u00edos 450, una charla-debate denominada &#8220;Conversatorio Sindical&#8221;, organizada por la Agrupaci\u00f3n Alternativa 16 N de la Asociaci\u00f3n Gremial de Empleados del Poder Judicial de C\u00f3rdoba (AGEPJ) y del que participar\u00e1, entre otros, el secretario General de ATE y la CTA Aut\u00f3noma C\u00f3rdoba, Federico Giuliani.<\/p>\n<p>El Conversatorio abordar\u00e1 \u201cLa criminalizaci\u00f3n de la protesta y la tarea de las delegadas y delegados gremiales en la lucha sindical\u201d, a partir de un espacio de reflexi\u00f3n, formaci\u00f3n y compromiso militante.<\/p>\n<p>Junto a Giuliani estar\u00e1n presentes Eugenio Biafore, abogado laboralista, Ernesto Ortiz, delegado de AGEPJ en Polic\u00eda Judicial, y Angy Bustos, delegada de AGEPJ en Tribunales de Familia.<\/p>\n<p><span class=\"html-span xexx8yu xyri2b x18d9i69 x1c1uobl x1hl2dhg x16tdsg8 x1vvkbs x3nfvp2 x1j61x8r x1fcty0u xdj266r xat24cr xm2jcoa x1mpyi22 xxymvpz xlup9mm x1kky2od\">\u201c<\/span>Porque defender el derecho a protestar es defender la democracia y los derechos conquistados por la clase trabajadora. Te esperamos para seguir construyendo organizaci\u00f3n y unidad en la lucha sindical\u201d, reza la convocatoria de la Agrupaci\u00f3n Alternativa de 16N en Judiciales Gremiales.<\/p>\n<p>&nbsp;<\/p>\n","protected":false},"excerpt":{"rendered":"<p>Hoy se llevar\u00e1 a cabo a las 17 horas en la sede del Consejo Directivo Provincial, Entre R\u00edos 450, una charla-debate denominada &#8220;Conversatorio Sindical&#8221;, organizada por la Agrupaci\u00f3n Alternativa 16 N de la Asociaci\u00f3n Gremial de Empleados del Poder Judicial de C\u00f3rdoba (AGEPJ) y del que participar\u00e1, entre otros, el secretario General de ATE y [&hellip;]<\/p>\n","protected":false},"author":7,"featured_media":51044,"comment_status":"open","ping_status":"open","sticky":false,"template":"","format":"standard","meta":{"_exactmetrics_skip_tracking":false,"_exactmetrics_sitenote_active":false,"_exactmetrics_sitenote_note":"","_exactmetrics_sitenote_category":0,"jnews-multi-image_gallery":[],"jnews_single_post":[],"jnews_primary_category":[],"jnews_social_meta":[],"jnews_review":[],"enable_review":"","type":"","name":"","summary":"","brand":"","sku":"","good":[],"bad":[],"score_override":"","override_value":"","rating":[],"price":[],"jnews_override_counter":[],"jnews_post_split":[],"footnotes":""},"categories":[10],"tags":[],"class_list":["post-51043","post","type-post","status-publish","format-standard","has-post-thumbnail","hentry","category-accion-politica"],"jetpack_featured_media_url":"https:\/\/atecordoba.org\/wp-content\/uploads\/2025\/10\/judiciales-oposicion-e1760016483641.jpg","_links":{"self":[{"href":"https:\/\/atecordoba.org\/index.php?rest_route=\/wp\/v2\/posts\/51043","targetHints":{"allow":["GET"]}}],"collection":[{"href":"https:\/\/atecordoba.org\/index.php?rest_route=\/wp\/v2\/posts"}],"about":[{"href":"https:\/\/atecordoba.org\/index.php?rest_route=\/wp\/v2\/types\/post"}],"author":[{"embeddable":true,"href":"https:\/\/atecordoba.org\/index.php?rest_route=\/wp\/v2\/users\/7"}],"replies":[{"embeddable":true,"href":"https:\/\/atecordoba.org\/index.php?rest_route=%2Fwp%2Fv2%2Fcomments&post=51043"}],"version-history":[{"count":1,"href":"https:\/\/atecordoba.org\/index.php?rest_route=\/wp\/v2\/posts\/51043\/revisions"}],"predecessor-version":[{"id":51045,"href":"https:\/\/atecordoba.org\/index.php?rest_route=\/wp\/v2\/posts\/51043\/revisions\/51045"}],"wp:featuredmedia":[{"embeddable":true,"href":"https:\/\/atecordoba.org\/index.php?rest_route=\/wp\/v2\/media\/51044"}],"wp:attachment":[{"href":"https:\/\/atecordoba.org\/index.php?rest_route=%2Fwp%2Fv2%2Fmedia&parent=51043"}],"wp:term":[{"taxonomy":"category","embeddable":true,"href":"https:\/\/atecordoba.org\/index.php?rest_route=%2Fwp%2Fv2%2Fcategories&post=51043"},{"taxonomy":"post_tag","embeddable":true,"href":"https:\/\/atecordoba.org\/index.php?rest_route=%2Fwp%2Fv2%2Ftags&post=51043"}],"curies":[{"name":"wp","href":"https:\/\/api.w.org\/{rel}","templated":true}]}}