{"id":5104,"date":"2015-04-22T15:56:52","date_gmt":"2015-04-22T18:56:52","guid":{"rendered":"http:\/\/www.atecordoba.org\/?p=5104"},"modified":"2015-04-22T15:56:52","modified_gmt":"2015-04-22T18:56:52","slug":"caravana-de-trabajadores-civiles-de-las-ff-aa-por-aumento-de-emergencia-y-convenio-colectivo","status":"publish","type":"post","link":"https:\/\/atecordoba.org\/?p=5104","title":{"rendered":"Caravana de trabajadores civiles de las FF.AA. por aumento de emergencia y convenio colectivo"},"content":{"rendered":"<p><em>La medida de\u00a0protesta tuvo lugar el lunes pasado y participaron compa\u00f1eros de todos los sectores que integran el sectorial. Reclaman una aumento de emergencia y que terminen las dilaciones para instrumentar el convenio colectivo, despu\u00e9s que el Ministerio de Defensa se comprometiera a ponerlo en marcha en enero.<\/em><\/p>\n<p><a href=\"http:\/\/www.atecordoba.org\/wp-content\/uploads\/2015\/04\/11161337_10203949745845481_6701981733198156165_n-e1429728773902.jpg\"><img loading=\"lazy\" decoding=\"async\" class=\"aligncenter size-full wp-image-5105\" src=\"http:\/\/www.atecordoba.org\/wp-content\/uploads\/2015\/04\/11161337_10203949745845481_6701981733198156165_n-e1429728773902.jpg\" alt=\"11161337_10203949745845481_6701981733198156165_n\" width=\"413\" height=\"550\" \/><\/a><\/p>\n<p>Unos 25 autos y camionetas arrancaron bien temprano desde la Escuela de Suboficiales de la Fuerza A\u00e9rea. La caravana se dirigi\u00f3 por la ruta 20, sobrepasando todos las instalaciones citas en la zona, para luego doblar hacia el camino a La Calera, donde tuvo destino final: las instalaciones del ex Tercer Cuerpo de Ej\u00e9rcito.<\/p>\n<p><a href=\"http:\/\/www.atecordoba.org\/wp-content\/uploads\/2015\/04\/IMG-20150420-WA0003-e1429728822852.jpg\"><img loading=\"lazy\" decoding=\"async\" class=\"aligncenter size-full wp-image-5106\" src=\"http:\/\/www.atecordoba.org\/wp-content\/uploads\/2015\/04\/IMG-20150420-WA0003-e1429728822852.jpg\" alt=\"IMG-20150420-WA0003\" width=\"550\" height=\"413\" \/><\/a><\/p>\n<p>Los compa\u00f1eros reclaman un aumento salarial de emergencia, ya que &#8220;se trata del sector con haberes m\u00e1s bajos de la administraci\u00f3n p\u00fablica nacional&#8221;, explic\u00f3 el secretario de Organizaci\u00f3n del Consejo Directivo Provincial (CDP), Alejandro Charra.<\/p>\n<p><a href=\"http:\/\/www.atecordoba.org\/wp-content\/uploads\/2015\/04\/11159453_10203950058613300_2229562853340712912_n-e1429728863935.jpg\"><img loading=\"lazy\" decoding=\"async\" class=\"aligncenter size-full wp-image-5107\" src=\"http:\/\/www.atecordoba.org\/wp-content\/uploads\/2015\/04\/11159453_10203950058613300_2229562853340712912_n-e1429728863935.jpg\" alt=\"11159453_10203950058613300_2229562853340712912_n\" width=\"413\" height=\"550\" \/><\/a><\/p>\n<p>El segundo punto fundamental de reclamo es la puesta en pr\u00e1ctica del convenio colectivo sectorial, que Defensa se hab\u00eda comprometido a dar inicio en enero pasado. &#8220;Desde diciembre no vari\u00f3 ning\u00fan t\u00e9rmino de la negociaci\u00f3n y nos preocupa desde ATE porque los compa\u00f1eros est\u00e1n muy ansiosos despu\u00e9s de esperar durante tantos a\u00f1os&#8221;, afirm\u00f3 el dirigente.<\/p>\n<p><a href=\"http:\/\/www.atecordoba.org\/wp-content\/uploads\/2015\/04\/IMG-20150420-WA00031-e1429728897769.jpg\"><img loading=\"lazy\" decoding=\"async\" class=\"aligncenter size-full wp-image-5108\" src=\"http:\/\/www.atecordoba.org\/wp-content\/uploads\/2015\/04\/IMG-20150420-WA00031-e1429728897769.jpg\" alt=\"IMG-20150420-WA0003\" width=\"550\" height=\"413\" \/><\/a><\/p>\n<p>A su vez, la caravana exigi\u00f3 el pase a planta de los contratados y la discusi\u00f3n del convenio colectivo docente, paso posterior de la aprobaci\u00f3n del sectorial. En ese sentido, el gobierno adeuda dos a\u00f1os y medio del pago por incentivo docente, hecho que da cuentas del abandono que sufren los trabajadores del sector.<\/p>\n<p><a href=\"http:\/\/www.atecordoba.org\/wp-content\/uploads\/2015\/04\/IMG-20150420-WA0004-e1429728929805.jpg\"><img loading=\"lazy\" decoding=\"async\" class=\"aligncenter size-full wp-image-5109\" src=\"http:\/\/www.atecordoba.org\/wp-content\/uploads\/2015\/04\/IMG-20150420-WA0004-e1429728929805.jpg\" alt=\"IMG-20150420-WA0004\" width=\"550\" height=\"413\" \/><\/a><\/p>\n<p>En total, son 23 mil trabajadores englobados en el personal civil que vienen luchando hace a\u00f1os por mejoras salariales y de las condiciones de trabajo. El a\u00f1o pasado se abri\u00f3 una luz de esperanza cuando la administraci\u00f3n accedi\u00f3 a iniciar la negociaci\u00f3n paritaria pero a fines de a\u00f1os se detuvo el proceso y no han surgido novedades hasta el momento.<\/p>\n<p><a href=\"http:\/\/www.atecordoba.org\/wp-content\/uploads\/2015\/04\/11156325_10203949551520623_6557940557608068166_n-e1429728961487.jpg\"><img loading=\"lazy\" decoding=\"async\" class=\"aligncenter size-full wp-image-5110\" src=\"http:\/\/www.atecordoba.org\/wp-content\/uploads\/2015\/04\/11156325_10203949551520623_6557940557608068166_n-e1429728961487.jpg\" alt=\"11156325_10203949551520623_6557940557608068166_n\" width=\"413\" height=\"550\" \/><\/a><\/p>\n<p>Al finalizar la protesta, la compa\u00f1era Miriam Martino invit\u00f3 a los trabajadores a participar de la movilizaci\u00f3n que se llevar\u00e1 a cabo en Capital Federal. En la oportunidad, participar\u00e1n trabajadores del sector de todo el pa\u00eds.<\/p>\n","protected":false},"excerpt":{"rendered":"<p>La medida de\u00a0protesta tuvo lugar el lunes pasado y participaron compa\u00f1eros de todos los sectores que integran el sectorial. Reclaman una aumento de emergencia y que terminen las dilaciones para instrumentar el convenio colectivo, despu\u00e9s que el Ministerio de Defensa se comprometiera a ponerlo en marcha en enero. Unos 25 autos y camionetas arrancaron bien [&hellip;]<\/p>\n","protected":false},"author":1,"featured_media":19220,"comment_status":"open","ping_status":"open","sticky":false,"template":"","format":"standard","meta":{"_exactmetrics_skip_tracking":false,"_exactmetrics_sitenote_active":false,"_exactmetrics_sitenote_note":"","_exactmetrics_sitenote_category":0,"jnews-multi-image_gallery":[],"jnews_single_post":[],"jnews_primary_category":[],"jnews_social_meta":[],"jnews_review":[],"enable_review":"","type":"","name":"","summary":"","brand":"","sku":"","good":[],"bad":[],"score_override":"","override_value":"","rating":[],"price":[],"jnews_override_counter":[],"jnews_post_split":[],"footnotes":""},"categories":[18,9],"tags":[],"class_list":["post-5104","post","type-post","status-publish","format-standard","has-post-thumbnail","hentry","category-nacionales","category-trabajadores-civiles-ff-aa"],"jetpack_featured_media_url":"https:\/\/atecordoba.org\/wp-content\/uploads\/2020\/05\/logo-nuevochico-e1561581322808.png","_links":{"self":[{"href":"https:\/\/atecordoba.org\/index.php?rest_route=\/wp\/v2\/posts\/5104","targetHints":{"allow":["GET"]}}],"collection":[{"href":"https:\/\/atecordoba.org\/index.php?rest_route=\/wp\/v2\/posts"}],"about":[{"href":"https:\/\/atecordoba.org\/index.php?rest_route=\/wp\/v2\/types\/post"}],"author":[{"embeddable":true,"href":"https:\/\/atecordoba.org\/index.php?rest_route=\/wp\/v2\/users\/1"}],"replies":[{"embeddable":true,"href":"https:\/\/atecordoba.org\/index.php?rest_route=%2Fwp%2Fv2%2Fcomments&post=5104"}],"version-history":[{"count":0,"href":"https:\/\/atecordoba.org\/index.php?rest_route=\/wp\/v2\/posts\/5104\/revisions"}],"wp:featuredmedia":[{"embeddable":true,"href":"https:\/\/atecordoba.org\/index.php?rest_route=\/wp\/v2\/media\/19220"}],"wp:attachment":[{"href":"https:\/\/atecordoba.org\/index.php?rest_route=%2Fwp%2Fv2%2Fmedia&parent=5104"}],"wp:term":[{"taxonomy":"category","embeddable":true,"href":"https:\/\/atecordoba.org\/index.php?rest_route=%2Fwp%2Fv2%2Fcategories&post=5104"},{"taxonomy":"post_tag","embeddable":true,"href":"https:\/\/atecordoba.org\/index.php?rest_route=%2Fwp%2Fv2%2Ftags&post=5104"}],"curies":[{"name":"wp","href":"https:\/\/api.w.org\/{rel}","templated":true}]}}