{"id":51039,"date":"2025-10-08T15:13:04","date_gmt":"2025-10-08T18:13:04","guid":{"rendered":"https:\/\/atecordoba.org\/?p=51039"},"modified":"2025-10-08T15:13:04","modified_gmt":"2025-10-08T18:13:04","slug":"estado-de-abandono-en-el-complejo-esperanza","status":"publish","type":"post","link":"https:\/\/atecordoba.org\/?p=51039","title":{"rendered":"Estado de abandono en el Complejo Esperanza"},"content":{"rendered":"<p><img loading=\"lazy\" decoding=\"async\" class=\"aligncenter wp-image-51040 \" src=\"https:\/\/atecordoba.org\/wp-content\/uploads\/2025\/10\/2-768x1024.jpg\" alt=\"\" width=\"607\" height=\"809\" \/>El cuerpo de delegado de ATE del Complejo Esperanza denunci\u00f3 la grave situaci\u00f3n que atraviesa el organismo dependiente de la Secretar\u00eda de Ni\u00f1ez, Adolescencia y Familia de la provincia (SENAF),. debido al abandono de la infraestructura edilicia, las pol\u00edticas ejecutadas por funcionarios pol\u00edticos sin experiencia ni idoneidad y falta de personal, que somete a los j\u00f3venes y a los trabajadores a condiciones de violencia cotidiana, protestas regulares de los internos, sin que las autoridades intervengan para resolver los problemas que se suceden.<\/p>\n<p>El delegado de ATE Sergio Piedra denunci\u00f3 el constante riesgo f\u00edsico para los j\u00f3venes y los trabajadores. &#8220;Cuando los trabajadores concurren a la ART o tramitan carpetas m\u00e9dicas son castigados, perdiendo la posibilidad realizar adicionales, lo que constituye un ataque directo a los ingresos de los ya paup\u00e9rrimos salarios que cobramos en el Complejo&#8221;, resumi\u00f3, comparando la situaci\u00f3n a extremos de semiesclavitud.<\/p>\n<figure id=\"attachment_51041\" aria-describedby=\"caption-attachment-51041\" style=\"width: 506px\" class=\"wp-caption aligncenter\"><img loading=\"lazy\" decoding=\"async\" class=\"wp-image-51041 size-full\" src=\"https:\/\/atecordoba.org\/wp-content\/uploads\/2025\/10\/sergio-piedras-complejo-esperanza.png\" alt=\"\" width=\"506\" height=\"230\" srcset=\"https:\/\/atecordoba.org\/wp-content\/uploads\/2025\/10\/sergio-piedras-complejo-esperanza.png 506w, https:\/\/atecordoba.org\/wp-content\/uploads\/2025\/10\/sergio-piedras-complejo-esperanza-300x136.png 300w\" sizes=\"auto, (max-width: 506px) 100vw, 506px\" \/><figcaption id=\"caption-attachment-51041\" class=\"wp-caption-text\">El delegado de ATE, Sergio Piedra.<\/figcaption><\/figure>\n<p>Piedras agreg\u00f3 que el personal carece desde hace a\u00f1os de ba\u00f1os en condiciones, de la misma manera que los j\u00f3venes internados no cuentan con espacios apropiados para que se cumplan los principios de recuperaci\u00f3n.<\/p>\n<p>&#8220;Mientras los funcionarios venden maravillas de este lugar, absolutamente falsas, los trabajadores sufren el abuso de autoridad, las amenazas constantes de traslados y la\u00a0 negligencia de directivos incapaces, puestos a dedos de cargos pol\u00edticos.\u00a0Por eso desde ATE no vamos a dejar de mostrar el riesgo que corren los trabajadores y j\u00f3venes en el Complejo Esperanza&#8221;, concluy\u00f3 el delegado.<\/p>\n","protected":false},"excerpt":{"rendered":"<p>El cuerpo de delegado de ATE del Complejo Esperanza denunci\u00f3 la grave situaci\u00f3n que atraviesa el organismo dependiente de la Secretar\u00eda de Ni\u00f1ez, Adolescencia y Familia de la provincia (SENAF),. debido al abandono de la infraestructura edilicia, las pol\u00edticas ejecutadas por funcionarios pol\u00edticos sin experiencia ni idoneidad y falta de personal, que somete a los [&hellip;]<\/p>\n","protected":false},"author":7,"featured_media":51040,"comment_status":"open","ping_status":"open","sticky":false,"template":"","format":"standard","meta":{"_exactmetrics_skip_tracking":false,"_exactmetrics_sitenote_active":false,"_exactmetrics_sitenote_note":"","_exactmetrics_sitenote_category":0,"jnews-multi-image_gallery":[],"jnews_single_post":[],"jnews_primary_category":[],"jnews_social_meta":[],"jnews_review":[],"enable_review":"","type":"","name":"","summary":"","brand":"","sku":"","good":[],"bad":[],"score_override":"","override_value":"","rating":[],"price":[],"jnews_override_counter":[],"jnews_post_split":[],"footnotes":""},"categories":[8],"tags":[],"class_list":["post-51039","post","type-post","status-publish","format-standard","has-post-thumbnail","hentry","category-provinciales"],"jetpack_featured_media_url":"https:\/\/atecordoba.org\/wp-content\/uploads\/2025\/10\/2-e1759947162598.jpg","_links":{"self":[{"href":"https:\/\/atecordoba.org\/index.php?rest_route=\/wp\/v2\/posts\/51039","targetHints":{"allow":["GET"]}}],"collection":[{"href":"https:\/\/atecordoba.org\/index.php?rest_route=\/wp\/v2\/posts"}],"about":[{"href":"https:\/\/atecordoba.org\/index.php?rest_route=\/wp\/v2\/types\/post"}],"author":[{"embeddable":true,"href":"https:\/\/atecordoba.org\/index.php?rest_route=\/wp\/v2\/users\/7"}],"replies":[{"embeddable":true,"href":"https:\/\/atecordoba.org\/index.php?rest_route=%2Fwp%2Fv2%2Fcomments&post=51039"}],"version-history":[{"count":1,"href":"https:\/\/atecordoba.org\/index.php?rest_route=\/wp\/v2\/posts\/51039\/revisions"}],"predecessor-version":[{"id":51042,"href":"https:\/\/atecordoba.org\/index.php?rest_route=\/wp\/v2\/posts\/51039\/revisions\/51042"}],"wp:featuredmedia":[{"embeddable":true,"href":"https:\/\/atecordoba.org\/index.php?rest_route=\/wp\/v2\/media\/51040"}],"wp:attachment":[{"href":"https:\/\/atecordoba.org\/index.php?rest_route=%2Fwp%2Fv2%2Fmedia&parent=51039"}],"wp:term":[{"taxonomy":"category","embeddable":true,"href":"https:\/\/atecordoba.org\/index.php?rest_route=%2Fwp%2Fv2%2Fcategories&post=51039"},{"taxonomy":"post_tag","embeddable":true,"href":"https:\/\/atecordoba.org\/index.php?rest_route=%2Fwp%2Fv2%2Ftags&post=51039"}],"curies":[{"name":"wp","href":"https:\/\/api.w.org\/{rel}","templated":true}]}}