{"id":51033,"date":"2025-10-08T13:40:24","date_gmt":"2025-10-08T16:40:24","guid":{"rendered":"https:\/\/atecordoba.org\/?p=51033"},"modified":"2025-10-08T13:41:21","modified_gmt":"2025-10-08T16:41:21","slug":"carrera-administrativa-ate-denuncio-que-el-gobierno-blanqueo-la-incorporacion-de-militantes-libertarios-con-remuneraciones-extraordinarias","status":"publish","type":"post","link":"https:\/\/atecordoba.org\/?p=51033","title":{"rendered":"Carrera Administrativa: ATE repudi\u00f3 el blanqueo del Gobierno de militantes libertarios con remuneraciones extraordinarias"},"content":{"rendered":"<div class=\"elementor-element elementor-element-4aa6d48 elementor-widget elementor-widget-theme-post-content\" data-id=\"4aa6d48\" data-element_type=\"widget\" data-widget_type=\"theme-post-content.default\">\n<div class=\"elementor-widget-container\">\n<p><img loading=\"lazy\" decoding=\"async\" class=\"aligncenter wp-image-51034 \" src=\"https:\/\/atecordoba.org\/wp-content\/uploads\/2025\/10\/bandera2-1024x684.jpg\" alt=\"\" width=\"611\" height=\"408\" srcset=\"https:\/\/atecordoba.org\/wp-content\/uploads\/2025\/10\/bandera2-1024x684.jpg 1024w, https:\/\/atecordoba.org\/wp-content\/uploads\/2025\/10\/bandera2-300x200.jpg 300w, https:\/\/atecordoba.org\/wp-content\/uploads\/2025\/10\/bandera2-768x513.jpg 768w, https:\/\/atecordoba.org\/wp-content\/uploads\/2025\/10\/bandera2-1536x1025.jpg 1536w, https:\/\/atecordoba.org\/wp-content\/uploads\/2025\/10\/bandera2-750x501.jpg 750w, https:\/\/atecordoba.org\/wp-content\/uploads\/2025\/10\/bandera2-1140x761.jpg 1140w, https:\/\/atecordoba.org\/wp-content\/uploads\/2025\/10\/bandera2.jpg 2048w\" sizes=\"auto, (max-width: 611px) 100vw, 611px\" \/>El Gobierno public\u00f3 la Decisi\u00f3n Administrativa 26\/2025 que deroga la 3\/2004, norma que equiparaba la asignaci\u00f3n de grado y criterios de avance horizontal para las y los contratados con los escalafones de las carreras para planta permanente de la Administraci\u00f3n P\u00fablica Nacional.<\/p>\n<p>De manera unilateral y arbitraria Milei distorsiona de esta forma -contra lo establecido por el art\u00edculo 9 de la Ley Marco de Empleo P\u00fablico- la realidad salarial y profundiza la precarizaci\u00f3n de las condiciones de trabajo, seg\u00fan sentenci\u00f3 la Secretar\u00eda de Convenios Colectivos del Consejo Directivo Nacional (CDN).<\/p>\n<p>Los organismos afectados por esta nueva Decisi\u00f3n Administrativa, con la firma del ministro de Desregulaci\u00f3n y Transformaci\u00f3n del Estado, Federico Sturzenegger, son:\u00a0Renaper, Direcci\u00f3n Nacional de Migraciones, Secretar\u00eda de Trabajo, Administraci\u00f3n de\u00a0Parques Nacionales,\u00a0CONICET (\u00e1rea administrativa),\u00a0CDR (centro de referencia),\u00a0ANAC, Direcci\u00f3n de Vectores del Ministerio de Salud,\u00a0Superintendencia de Servicios de Salud y\u00a0Senasa, entre otros.<\/p>\n<p>Adem\u00e1s de romper la equiparaci\u00f3n escalafonaria, la medida abre la puerta a una enorme discrecionalidad en materia retributiva, al tiempo que vulnera la Negociaci\u00f3n Colectiva, retrocede en derechos adquiridos y viola el principio de progresividad laboral, que consagran los pactos internacionales con rango constitucional. <img loading=\"lazy\" decoding=\"async\" class=\"aligncenter wp-image-51035 \" src=\"https:\/\/atecordoba.org\/wp-content\/uploads\/2025\/10\/stuseneger-bandera-1024x682.jpg\" alt=\"\" width=\"612\" height=\"408\" \/><\/p>\n<p>En ese marco, el Secretario General de ATE Nacional, Rodolfo Aguiar, asegur\u00f3 que \u201cel gobierno decidi\u00f3 blanquear la incorporaci\u00f3n de militantes libertarios con remuneraciones extraordinarias\u201d.<\/p>\n<p>\u201cFinalmente deciden seguir vulnerando las leyes y atacando los derechos adquiridos. Pretenden abrir la puerta para que los nuevos ingresantes que provienen de las filas oficialistas entren con altos sueldos sin necesidad de que lo hagan por el inicio de la carrera. No cuesta mucho imaginarse que lo que quieren es garantizar que se respete la antig\u00fcedad que pod\u00edan tener en el sector privado\u201d, apunt\u00f3 el dirigente nacional.<\/p>\n<p>Aguiar carg\u00f3 contra Sturzenegger: \u201c\u00bfNo era que ibas a transparentar el ingreso al Sector P\u00fablico? Ni se les ocurri\u00f3 pensar en la propuesta de ATE de los concursos p\u00fablicos por oposici\u00f3n y antecedentes, \u00bfno? S\u00f3lo piensan en sus negocios. Me parece que al final la casta y la vieja pol\u00edtica te est\u00e1n ganando por goleada\u201d.<\/p>\n<p>\u201cAdorni, me acuerdo cuando hablabas de barrido y limpieza en los entes p\u00fablicos. Ahora vemos que semejante necesidad de aseo era para acomodar a esos rotos que estuvieron en el Movistar Arena\u201d, concluy\u00f3 el Secretario General de ATE Nacional.<\/p>\n<\/div>\n<\/div>\n","protected":false},"excerpt":{"rendered":"<p>El Gobierno public\u00f3 la Decisi\u00f3n Administrativa 26\/2025 que deroga la 3\/2004, norma que equiparaba la asignaci\u00f3n de grado y criterios de avance horizontal para las y los contratados con los escalafones de las carreras para planta permanente de la Administraci\u00f3n P\u00fablica Nacional. De manera unilateral y arbitraria Milei distorsiona de esta forma -contra lo establecido [&hellip;]<\/p>\n","protected":false},"author":7,"featured_media":51035,"comment_status":"open","ping_status":"open","sticky":false,"template":"","format":"standard","meta":{"_exactmetrics_skip_tracking":false,"_exactmetrics_sitenote_active":false,"_exactmetrics_sitenote_note":"","_exactmetrics_sitenote_category":0,"jnews-multi-image_gallery":[],"jnews_single_post":{"format":"standard","override":[{"template":"1","parallax":"1","fullscreen":"1","layout":"no-sidebar-narrow","sidebar":"default-sidebar","second_sidebar":"default-sidebar","sticky_sidebar":"1","share_position":"bottom","share_float_style":"share-monocrhome","show_share_counter":"1","show_view_counter":"1","show_post_meta":"1","show_post_author_image":"1","show_post_date":"1","post_date_format":"default","post_date_format_custom":"Y\/m\/d","show_post_category":"1","show_post_reading_time":"0","post_reading_time_wpm":"300","post_calculate_word_method":"str_word_count","show_zoom_button":"0","zoom_button_out_step":"2","zoom_button_in_step":"3","show_post_tag":"1","number_popup_post":"1","show_post_related":"1","show_inline_post_related":"0"}],"image_override":[{"single_post_thumbnail_size":"crop-500","single_post_gallery_size":"crop-500"}],"trending_post_position":"meta","trending_post_label":"Trending","sponsored_post_label":"Sponsored by","disable_ad":"0"},"jnews_primary_category":[],"jnews_social_meta":[],"jnews_review":[],"enable_review":"","type":"percentage","name":"","summary":"","brand":"","sku":"","good":[],"bad":[],"score_override":"","override_value":"","rating":[],"price":[],"jnews_override_counter":{"view_counter_number":"0","share_counter_number":"0","like_counter_number":"0","dislike_counter_number":"0"},"jnews_post_split":{"post_split":[{"template":"1","tag":"h2","numbering":"asc","mode":"normal","first":"0","enable_toc":"0","toc_type":"normal"}]},"footnotes":""},"categories":[18],"tags":[],"class_list":["post-51033","post","type-post","status-publish","format-standard","has-post-thumbnail","hentry","category-nacionales"],"jetpack_featured_media_url":"https:\/\/atecordoba.org\/wp-content\/uploads\/2025\/10\/stuseneger-bandera-e1759941618179.jpg","_links":{"self":[{"href":"https:\/\/atecordoba.org\/index.php?rest_route=\/wp\/v2\/posts\/51033","targetHints":{"allow":["GET"]}}],"collection":[{"href":"https:\/\/atecordoba.org\/index.php?rest_route=\/wp\/v2\/posts"}],"about":[{"href":"https:\/\/atecordoba.org\/index.php?rest_route=\/wp\/v2\/types\/post"}],"author":[{"embeddable":true,"href":"https:\/\/atecordoba.org\/index.php?rest_route=\/wp\/v2\/users\/7"}],"replies":[{"embeddable":true,"href":"https:\/\/atecordoba.org\/index.php?rest_route=%2Fwp%2Fv2%2Fcomments&post=51033"}],"version-history":[{"count":2,"href":"https:\/\/atecordoba.org\/index.php?rest_route=\/wp\/v2\/posts\/51033\/revisions"}],"predecessor-version":[{"id":51037,"href":"https:\/\/atecordoba.org\/index.php?rest_route=\/wp\/v2\/posts\/51033\/revisions\/51037"}],"wp:featuredmedia":[{"embeddable":true,"href":"https:\/\/atecordoba.org\/index.php?rest_route=\/wp\/v2\/media\/51035"}],"wp:attachment":[{"href":"https:\/\/atecordoba.org\/index.php?rest_route=%2Fwp%2Fv2%2Fmedia&parent=51033"}],"wp:term":[{"taxonomy":"category","embeddable":true,"href":"https:\/\/atecordoba.org\/index.php?rest_route=%2Fwp%2Fv2%2Fcategories&post=51033"},{"taxonomy":"post_tag","embeddable":true,"href":"https:\/\/atecordoba.org\/index.php?rest_route=%2Fwp%2Fv2%2Ftags&post=51033"}],"curies":[{"name":"wp","href":"https:\/\/api.w.org\/{rel}","templated":true}]}}