{"id":51028,"date":"2025-10-08T11:58:11","date_gmt":"2025-10-08T14:58:11","guid":{"rendered":"https:\/\/atecordoba.org\/?p=51028"},"modified":"2025-10-08T12:28:43","modified_gmt":"2025-10-08T15:28:43","slug":"romper-el-cerco-informativo-llega-ate-stream-estatales","status":"publish","type":"post","link":"https:\/\/atecordoba.org\/?p=51028","title":{"rendered":"Romper el cerco informativo: Llega ATE STREAM ESTATALES"},"content":{"rendered":"<p><img loading=\"lazy\" decoding=\"async\" class=\"aligncenter wp-image-51029 size-full\" src=\"https:\/\/atecordoba.org\/wp-content\/uploads\/2025\/10\/flyer-estreaming-ate.jpg\" alt=\"\" width=\"512\" height=\"640\" \/>La Secretaria de Prensa del Consejo Directivo Provincial (CDP) invita a los y las estatales cordobesas a la presentaci\u00f3n, este jueves 9 de octubre a las 17 horas, de un nuevo canal de comunicaci\u00f3n: <a href=\"http:\/\/www.youtube.com\/@prensaatecdpcba1542\">ATE STREAM ESTATALES<\/a>.<\/p>\n<p>Se trata de una alternativa vibrante y novedosa en nuestro esquema de comunicaci\u00f3n gremial que busca afianzar y ampliar las v\u00edas de flujo informativo entre nuestra organizaci\u00f3n y las y los trabajadores nacionales, provinciales y municipales, al tiempo que pretende romper el Cerco Informativo de los grandes medios de comunicaci\u00f3n masiva, que proyectan mayoritariamente la postura de las patronales,, donde la pauta informativa oficial cumple el papel obstruir cualquier esfuerzo comunicativo.<\/p>\n<p>Ahora, ATE renueva su estructura a partir del Streaming, que se suma a las redes sociales, la web y los canales de Whatsapp.<\/p>\n<p>Para acceder al Streaming de ATE C\u00f3rdoba debe ingresarse al canal de <a href=\"http:\/\/www.youtube.com\/@prensaatecdpcba1542\">You Tube<\/a> de nuestro CDP.<\/p>\n<p>&#8220;Un nuevo espacio hecho por y para las y los trabajadores estatales, donde nuestras voces, luchas y sue\u00f1os se escuchan fuerte&#8221;, resumi\u00f3 Julia Giuliani, a cargo de la iniciativa como secretaria de Prensa de ATE C\u00f3rdoba.<\/p>\n<p>Con charlas, debates, actualidad gremial y mucho m\u00e1s, el streaming de nuestro sindicato promete agilizar la informaci\u00f3n con velocidad y precisi\u00f3n.\u00a0\u201cPorque la comunicaci\u00f3n popular tambi\u00e9n es una herramienta de lucha. ATE C\u00f3rdoba presente, siempre construyendo poder desde la palabra y la acci\u00f3n\u201d, reza la convocatoria.<\/p>\n","protected":false},"excerpt":{"rendered":"<p>La Secretaria de Prensa del Consejo Directivo Provincial (CDP) invita a los y las estatales cordobesas a la presentaci\u00f3n, este jueves 9 de octubre a las 17 horas, de un nuevo canal de comunicaci\u00f3n: ATE STREAM ESTATALES. Se trata de una alternativa vibrante y novedosa en nuestro esquema de comunicaci\u00f3n gremial que busca afianzar y [&hellip;]<\/p>\n","protected":false},"author":7,"featured_media":51029,"comment_status":"open","ping_status":"open","sticky":false,"template":"","format":"standard","meta":{"_exactmetrics_skip_tracking":false,"_exactmetrics_sitenote_active":false,"_exactmetrics_sitenote_note":"","_exactmetrics_sitenote_category":0,"jnews-multi-image_gallery":[],"jnews_single_post":{"format":"standard","override":[{"template":"1","parallax":"1","fullscreen":"1","layout":"no-sidebar-narrow","sidebar":"default-sidebar","second_sidebar":"default-sidebar","sticky_sidebar":"1","share_position":"bottom","share_float_style":"share-monocrhome","show_share_counter":"1","show_view_counter":"1","show_post_meta":"1","show_post_author_image":"1","show_post_date":"1","post_date_format":"default","post_date_format_custom":"Y\/m\/d","show_post_category":"1","show_post_reading_time":"0","post_reading_time_wpm":"300","post_calculate_word_method":"str_word_count","show_zoom_button":"0","zoom_button_out_step":"2","zoom_button_in_step":"3","show_post_tag":"1","number_popup_post":"1","show_post_related":"1","show_inline_post_related":"0"}],"image_override":[{"single_post_thumbnail_size":"crop-500","single_post_gallery_size":"crop-500"}],"trending_post_position":"meta","trending_post_label":"Trending","sponsored_post_label":"Sponsored by","disable_ad":"0"},"jnews_primary_category":[],"jnews_social_meta":[],"jnews_review":[],"enable_review":"","type":"percentage","name":"","summary":"","brand":"","sku":"","good":[],"bad":[],"score_override":"","override_value":"","rating":[],"price":[],"jnews_override_counter":{"view_counter_number":"0","share_counter_number":"0","like_counter_number":"0","dislike_counter_number":"0"},"jnews_post_split":{"post_split":[{"template":"1","tag":"h2","numbering":"asc","mode":"normal","first":"0","enable_toc":"0","toc_type":"normal"}]},"footnotes":""},"categories":[346],"tags":[],"class_list":["post-51028","post","type-post","status-publish","format-standard","has-post-thumbnail","hentry","category-prensa-y-comunicacion"],"jetpack_featured_media_url":"https:\/\/atecordoba.org\/wp-content\/uploads\/2025\/10\/flyer-estreaming-ate-e1759935455772.jpg","_links":{"self":[{"href":"https:\/\/atecordoba.org\/index.php?rest_route=\/wp\/v2\/posts\/51028","targetHints":{"allow":["GET"]}}],"collection":[{"href":"https:\/\/atecordoba.org\/index.php?rest_route=\/wp\/v2\/posts"}],"about":[{"href":"https:\/\/atecordoba.org\/index.php?rest_route=\/wp\/v2\/types\/post"}],"author":[{"embeddable":true,"href":"https:\/\/atecordoba.org\/index.php?rest_route=\/wp\/v2\/users\/7"}],"replies":[{"embeddable":true,"href":"https:\/\/atecordoba.org\/index.php?rest_route=%2Fwp%2Fv2%2Fcomments&post=51028"}],"version-history":[{"count":2,"href":"https:\/\/atecordoba.org\/index.php?rest_route=\/wp\/v2\/posts\/51028\/revisions"}],"predecessor-version":[{"id":51031,"href":"https:\/\/atecordoba.org\/index.php?rest_route=\/wp\/v2\/posts\/51028\/revisions\/51031"}],"wp:featuredmedia":[{"embeddable":true,"href":"https:\/\/atecordoba.org\/index.php?rest_route=\/wp\/v2\/media\/51029"}],"wp:attachment":[{"href":"https:\/\/atecordoba.org\/index.php?rest_route=%2Fwp%2Fv2%2Fmedia&parent=51028"}],"wp:term":[{"taxonomy":"category","embeddable":true,"href":"https:\/\/atecordoba.org\/index.php?rest_route=%2Fwp%2Fv2%2Fcategories&post=51028"},{"taxonomy":"post_tag","embeddable":true,"href":"https:\/\/atecordoba.org\/index.php?rest_route=%2Fwp%2Fv2%2Ftags&post=51028"}],"curies":[{"name":"wp","href":"https:\/\/api.w.org\/{rel}","templated":true}]}}