{"id":50996,"date":"2025-10-07T09:54:46","date_gmt":"2025-10-07T12:54:46","guid":{"rendered":"https:\/\/atecordoba.org\/?p=50996"},"modified":"2025-10-07T09:54:46","modified_gmt":"2025-10-07T12:54:46","slug":"documental-en-ate-y-charla-debate-con-companeros-del-alba-y-el-movimiento-pueblo-y-patria-patria-o-colonia","status":"publish","type":"post","link":"https:\/\/atecordoba.org\/?p=50996","title":{"rendered":"Documental en ATE y charla-debate con compa\u00f1eros del ALBA y el Movimiento Pueblo y Patria: &#8220;Patria o Colonia&#8221;"},"content":{"rendered":"<p><img loading=\"lazy\" decoding=\"async\" class=\"alignleft wp-image-50997 \" src=\"https:\/\/atecordoba.org\/wp-content\/uploads\/2025\/10\/flyer-doc-alba.jpg\" alt=\"\" width=\"443\" height=\"554\" \/>Ma\u00f1ana mi\u00e9rcoles 8 de octubre a las 17 horas tendr\u00e1 lugar en la sede del Consejo Directivo Provincial, Entre R\u00edos 450, la proyecci\u00f3n del documental \u201cEl Abrazo de los Pueblos\u201d y una posterior charla-debate que abordar\u00e1 el tema \u201cDesaf\u00edos de la Integraci\u00f3n del Continente\u201d.<\/p>\n<p>Participar\u00e1n del panel como disertantes Manuel Bertoldi, de ALBA Movimientos, y el Secretario General de ATE y la CTA Aut\u00f3noma C\u00f3rdoba, Federico Giuliani.<\/p>\n<p>Bertoldi, Secretario Pol\u00edtico de la Alianza Bolivariana para los Pueblos de Nuestra Am\u00e9rica y uno de los responsables de la plataforma en Argentina, anunci\u00f3 la incorporaci\u00f3n del Movimiento Pueblo y Patria -que encabeza Giuliani- al ALBA el 14 de agosto pasado.<\/p>\n<p>El integrante de la Coordinadora Pol\u00edtica del ALBA-TCP de Movimientos Sociales, se\u00f1al\u00f3 que este espacio hoy por hoy es m\u00e1s necesario que nunca \u201cporque el imperialismo de Estados Unidos est\u00e1 reforzando su estrategia de dominaci\u00f3n para nuestro Continente\u201d, lo cual nos demanda \u201cconstruir una estrategia para fortalecernos desde la perspectiva de Soberan\u00eda, de Independencia Econ\u00f3mica y de Justicia Social en nuestra regi\u00f3n\u201d.<\/p>\n<p>El Movimiento Pueblo y Patria fue lanzado el 9 de julio con un acto realizado en el Monumento a Belgrano del Parque Sarmiento en la ciudad de C\u00f3rdoba. El 4 de agosto concret\u00f3 una asamblea y mateada en R\u00edo Cuarto. El 21 de ese mes en el Monumento al General San Mart\u00edn en la plaza del mismo nombre de La Falda, se llev\u00f3 a cabo el acto de lanzamiento de la Mesa Punilla del Movimiento Pueblo y Patria bajo el lema \u201cPor una segunda y definitiva Independencia. Por una Patria Justa, Libre y Soberana\u201d.<\/p>\n<p>El 28 de agosto en el Comedor \u201cLa Esperanza\u201d de la localidad de Sald\u00e1n, se deb\u00eda realizar el acto de lanzamiento de la Mesa Sierras Chicas, encuentro que fue suspendido debido a la represi\u00f3n sufrida por Giuliani -herido y detenido en Bouwer-y otros 14 militantes populares por reclamar alimentos para los comedores comunitarios en la Secretar\u00eda de Pol\u00edticas Sociales y Desarrollo Humano de la Municipalidad de C\u00f3rdoba por parte de la Polic\u00eda de la Provincia.<\/p>\n<p><strong>La Convocatoria<\/strong><\/p>\n<ul>\n<li>Mi\u00e9rcoles 8 de octubre.<\/li>\n<li>17 horas.<\/li>\n<li>ATE C\u00f3rdoba, Entre R\u00edos 450, Capital.<\/li>\n<li>Presentaci\u00f3n y Proyecci\u00f3n del documental \u201cEl Abrazo de los Pueblos\u201d de Comuna Audiovisual.<\/li>\n<li>Charla\/debate: Desaf\u00edos de la Integraci\u00f3n en el Continente.<\/li>\n<li>Con Manuel Bertoldi, referente de Nuestram\u00e9rica-ALBA Movimientos y Federico Giuliani, Secretario General de ATE y la CTA Aut\u00f3noma C\u00f3rdoba.<\/li>\n<li>Organiza: Movimiento Pueblo y Patria &#8211; NuestraAm\u00e9rica<\/li>\n<\/ul>\n","protected":false},"excerpt":{"rendered":"<p>Ma\u00f1ana mi\u00e9rcoles 8 de octubre a las 17 horas tendr\u00e1 lugar en la sede del Consejo Directivo Provincial, Entre R\u00edos 450, la proyecci\u00f3n del documental \u201cEl Abrazo de los Pueblos\u201d y una posterior charla-debate que abordar\u00e1 el tema \u201cDesaf\u00edos de la Integraci\u00f3n del Continente\u201d. Participar\u00e1n del panel como disertantes Manuel Bertoldi, de ALBA Movimientos, y [&hellip;]<\/p>\n","protected":false},"author":7,"featured_media":50997,"comment_status":"open","ping_status":"open","sticky":false,"template":"","format":"standard","meta":{"_exactmetrics_skip_tracking":false,"_exactmetrics_sitenote_active":false,"_exactmetrics_sitenote_note":"","_exactmetrics_sitenote_category":0,"jnews-multi-image_gallery":[],"jnews_single_post":[],"jnews_primary_category":[],"jnews_social_meta":[],"jnews_review":[],"enable_review":"","type":"","name":"","summary":"","brand":"","sku":"","good":[],"bad":[],"score_override":"","override_value":"","rating":[],"price":[],"jnews_override_counter":[],"jnews_post_split":[],"footnotes":""},"categories":[10],"tags":[],"class_list":["post-50996","post","type-post","status-publish","format-standard","has-post-thumbnail","hentry","category-accion-politica"],"jetpack_featured_media_url":"https:\/\/atecordoba.org\/wp-content\/uploads\/2025\/10\/flyer-doc-alba-e1759841645267.jpg","_links":{"self":[{"href":"https:\/\/atecordoba.org\/index.php?rest_route=\/wp\/v2\/posts\/50996","targetHints":{"allow":["GET"]}}],"collection":[{"href":"https:\/\/atecordoba.org\/index.php?rest_route=\/wp\/v2\/posts"}],"about":[{"href":"https:\/\/atecordoba.org\/index.php?rest_route=\/wp\/v2\/types\/post"}],"author":[{"embeddable":true,"href":"https:\/\/atecordoba.org\/index.php?rest_route=\/wp\/v2\/users\/7"}],"replies":[{"embeddable":true,"href":"https:\/\/atecordoba.org\/index.php?rest_route=%2Fwp%2Fv2%2Fcomments&post=50996"}],"version-history":[{"count":1,"href":"https:\/\/atecordoba.org\/index.php?rest_route=\/wp\/v2\/posts\/50996\/revisions"}],"predecessor-version":[{"id":50998,"href":"https:\/\/atecordoba.org\/index.php?rest_route=\/wp\/v2\/posts\/50996\/revisions\/50998"}],"wp:featuredmedia":[{"embeddable":true,"href":"https:\/\/atecordoba.org\/index.php?rest_route=\/wp\/v2\/media\/50997"}],"wp:attachment":[{"href":"https:\/\/atecordoba.org\/index.php?rest_route=%2Fwp%2Fv2%2Fmedia&parent=50996"}],"wp:term":[{"taxonomy":"category","embeddable":true,"href":"https:\/\/atecordoba.org\/index.php?rest_route=%2Fwp%2Fv2%2Fcategories&post=50996"},{"taxonomy":"post_tag","embeddable":true,"href":"https:\/\/atecordoba.org\/index.php?rest_route=%2Fwp%2Fv2%2Ftags&post=50996"}],"curies":[{"name":"wp","href":"https:\/\/api.w.org\/{rel}","templated":true}]}}