{"id":50988,"date":"2025-10-06T11:41:22","date_gmt":"2025-10-06T14:41:22","guid":{"rendered":"https:\/\/atecordoba.org\/?p=50988"},"modified":"2025-10-06T11:41:43","modified_gmt":"2025-10-06T14:41:43","slug":"50988","status":"publish","type":"post","link":"https:\/\/atecordoba.org\/?p=50988","title":{"rendered":"Se lanz\u00f3 la Coordinadora de Despedidos y Despedidas de Organismos Nacionales en C\u00f3rdoba"},"content":{"rendered":"<div class=\"entry-thumb\"><img loading=\"lazy\" decoding=\"async\" class=\"attachment-full size-full wp-post-image\" src=\"https:\/\/ctaacordoba.org\/wp-content\/uploads\/2025\/10\/tapa-5.jpg\" srcset=\"https:\/\/ctaacordoba.org\/wp-content\/uploads\/2025\/10\/tapa-5.jpg 899w, https:\/\/ctaacordoba.org\/wp-content\/uploads\/2025\/10\/tapa-5-292x300.jpg 292w, https:\/\/ctaacordoba.org\/wp-content\/uploads\/2025\/10\/tapa-5-768x789.jpg 768w\" alt=\"\" width=\"899\" height=\"924\" \/><\/div>\n<div class=\"entry-content\">\n<div class=\"xdj266r x14z9mp xat24cr x1lziwak x1vvkbs x126k92a\">\n<div dir=\"auto\">El viernes pasado, el Secretario General de ATE y la CTA Aut\u00f3noma C\u00f3rdoba, Federico Giuliani, particip\u00f3 de una actividad muy importante: La inauguraci\u00f3n de la Coordinadora de Despedidos y Despedidas del Estado Nacional. Adem\u00e1s, se present\u00f3 el documental \u201cCon Nuestra Gente\u201d, de Miguel Mirra y Susana Moreira. Asistieron los dirigentes del Consejo Directivo Nacional (CDN) del sindicato, Vanina Rodr\u00edguez y C\u00e9sar Bali\u00f1a.<\/div>\n<\/div>\n<div class=\"x14z9mp xat24cr x1lziwak x1vvkbs xtlvy1s x126k92a\">\n<div dir=\"auto\"><\/div>\n<div dir=\"auto\">\u201cLa Coordinadora est\u00e1 pensada como una\u00a0 herramienta colectiva que busca organizar la fuerza de quienes fueron v\u00edctimas del ajuste y la motosierra de Milei, para que ninguna compa\u00f1era ni compa\u00f1ero quede solo frente al atropello de un Gobierno que ataca los derechos de las y los trabajadores\u201d, resumi\u00f3 Giuliani.<\/div>\n<div dir=\"auto\"><\/div>\n<div dir=\"auto\"><img loading=\"lazy\" decoding=\"async\" class=\"size-medium wp-image-106695 alignleft\" src=\"http:\/\/ctaacordoba.org\/wp-content\/uploads\/2025\/10\/646a9ffb-2134-40a1-bf56-8ec15ad9a616_1-300x289.jpg\" srcset=\"https:\/\/ctaacordoba.org\/wp-content\/uploads\/2025\/10\/646a9ffb-2134-40a1-bf56-8ec15ad9a616_1-300x289.jpg 300w, https:\/\/ctaacordoba.org\/wp-content\/uploads\/2025\/10\/646a9ffb-2134-40a1-bf56-8ec15ad9a616_1-1024x988.jpg 1024w, https:\/\/ctaacordoba.org\/wp-content\/uploads\/2025\/10\/646a9ffb-2134-40a1-bf56-8ec15ad9a616_1-768x741.jpg 768w, https:\/\/ctaacordoba.org\/wp-content\/uploads\/2025\/10\/646a9ffb-2134-40a1-bf56-8ec15ad9a616_1-1536x1482.jpg 1536w, https:\/\/ctaacordoba.org\/wp-content\/uploads\/2025\/10\/646a9ffb-2134-40a1-bf56-8ec15ad9a616_1-2048x1976.jpg 2048w\" alt=\"\" width=\"300\" height=\"289\" \/><\/div>\n<\/div>\n<div class=\"x14z9mp xat24cr x1lziwak x1vvkbs xtlvy1s x126k92a\">\n<div dir=\"auto\"><\/div>\n<div dir=\"auto\">\u201cDesde ATE C\u00f3rdoba acompa\u00f1amos esta lucha convencidos de que la unidad, la organizaci\u00f3n y la solidaridad son el camino para frenar el ajuste y defender el Estado al servicio del pueblo\u201d, subray\u00f3.<\/div>\n<\/div>\n<p>En esa direcci\u00f3n, expres\u00f3 que \u201cestamos ante una nueva iniciativa pol\u00edtica de ATE C\u00f3rdoba, hoy hace su presentaci\u00f3n la Coordinadora de Despedidos y Despedidas por Milei en los organismos del Estado Nacional con sede en nuestra provincia. Esta propuesta surgi\u00f3 desde las bases en un Plenario de delegados en el mes de agosto\u201d.<\/p>\n<p><img loading=\"lazy\" decoding=\"async\" class=\"alignnone size-medium wp-image-106696\" src=\"http:\/\/ctaacordoba.org\/wp-content\/uploads\/2025\/10\/si-300x169.jpg\" srcset=\"https:\/\/ctaacordoba.org\/wp-content\/uploads\/2025\/10\/si-300x169.jpg 300w, https:\/\/ctaacordoba.org\/wp-content\/uploads\/2025\/10\/si-1024x576.jpg 1024w, https:\/\/ctaacordoba.org\/wp-content\/uploads\/2025\/10\/si-768x432.jpg 768w, https:\/\/ctaacordoba.org\/wp-content\/uploads\/2025\/10\/si.jpg 1439w\" alt=\"\" width=\"300\" height=\"169\" \/><img loading=\"lazy\" decoding=\"async\" class=\"alignnone size-medium wp-image-106697\" src=\"http:\/\/ctaacordoba.org\/wp-content\/uploads\/2025\/10\/otro-300x169.jpg\" srcset=\"https:\/\/ctaacordoba.org\/wp-content\/uploads\/2025\/10\/otro-300x169.jpg 300w, https:\/\/ctaacordoba.org\/wp-content\/uploads\/2025\/10\/otro-1024x575.jpg 1024w, https:\/\/ctaacordoba.org\/wp-content\/uploads\/2025\/10\/otro-768x431.jpg 768w, https:\/\/ctaacordoba.org\/wp-content\/uploads\/2025\/10\/otro.jpg 1440w\" alt=\"\" width=\"300\" height=\"169\" \/><\/p>\n<p>Y agreg\u00f3: \u201cHemos decidido darle identidad y un sentido de pertenencia a los compa\u00f1eros y compa\u00f1eras que han sido injustamente despedidos por este Gobierno nefasto\u201d.<\/p>\n<p>Dijo que \u201cnos queremos empezar a organizar, relevando el estado de situaci\u00f3n, debatiendo acciones en com\u00fan, para que ni bien termine esta pesadilla que tiene nombre y apellido, Javier Milei y su modelo de ajuste y fascismo, nosotros ya estemos organizados para la pronta reincorporaci\u00f3n de los trabajadores y trabajadoras despedidos y desde all\u00ed, poder refundar un Estado que est\u00e9 en disposici\u00f3n de liberar nuestra Patria\u201d.<\/p>\n<p><img loading=\"lazy\" decoding=\"async\" class=\"alignnone size-medium wp-image-106704\" src=\"http:\/\/ctaacordoba.org\/wp-content\/uploads\/2025\/10\/1-8-240x300.jpg\" srcset=\"https:\/\/ctaacordoba.org\/wp-content\/uploads\/2025\/10\/1-8-240x300.jpg 240w, https:\/\/ctaacordoba.org\/wp-content\/uploads\/2025\/10\/1-8-820x1024.jpg 820w, https:\/\/ctaacordoba.org\/wp-content\/uploads\/2025\/10\/1-8-768x959.jpg 768w, https:\/\/ctaacordoba.org\/wp-content\/uploads\/2025\/10\/1-8.jpg 899w\" alt=\"\" width=\"240\" height=\"300\" \/><img loading=\"lazy\" decoding=\"async\" class=\"size-medium wp-image-106705 alignnone\" src=\"http:\/\/ctaacordoba.org\/wp-content\/uploads\/2025\/10\/2-8-240x300.jpg\" srcset=\"https:\/\/ctaacordoba.org\/wp-content\/uploads\/2025\/10\/2-8-240x300.jpg 240w, https:\/\/ctaacordoba.org\/wp-content\/uploads\/2025\/10\/2-8-820x1024.jpg 820w, https:\/\/ctaacordoba.org\/wp-content\/uploads\/2025\/10\/2-8-768x959.jpg 768w, https:\/\/ctaacordoba.org\/wp-content\/uploads\/2025\/10\/2-8.jpg 899w\" alt=\"\" width=\"240\" height=\"300\" \/><\/p>\n<p>\u201cCreemos que para el d\u00eda que se vaya Milei falta muy poco, por eso tenemos que acelerar el proceso de organizaci\u00f3n para que nos encuentre de la mejor manera y nuestros compa\u00f1eros puedan volver a sus puestos de trabajo\u201d, remat\u00f3 Giuliani.<\/p>\n<p><img loading=\"lazy\" decoding=\"async\" class=\"size-medium wp-image-106694 alignright\" src=\"http:\/\/ctaacordoba.org\/wp-content\/uploads\/2025\/10\/559170945_18357912304091169_4395098429754592741_n-300x300.jpg\" srcset=\"https:\/\/ctaacordoba.org\/wp-content\/uploads\/2025\/10\/559170945_18357912304091169_4395098429754592741_n-300x300.jpg 300w, https:\/\/ctaacordoba.org\/wp-content\/uploads\/2025\/10\/559170945_18357912304091169_4395098429754592741_n-1024x1024.jpg 1024w, https:\/\/ctaacordoba.org\/wp-content\/uploads\/2025\/10\/559170945_18357912304091169_4395098429754592741_n-150x150.jpg 150w, https:\/\/ctaacordoba.org\/wp-content\/uploads\/2025\/10\/559170945_18357912304091169_4395098429754592741_n-768x768.jpg 768w, https:\/\/ctaacordoba.org\/wp-content\/uploads\/2025\/10\/559170945_18357912304091169_4395098429754592741_n.jpg 1440w\" alt=\"\" width=\"300\" height=\"300\" \/><img loading=\"lazy\" decoding=\"async\" class=\"size-medium wp-image-106699 alignright\" src=\"http:\/\/ctaacordoba.org\/wp-content\/uploads\/2025\/10\/rang-300x300.jpg\" srcset=\"https:\/\/ctaacordoba.org\/wp-content\/uploads\/2025\/10\/rang-300x300.jpg 300w, https:\/\/ctaacordoba.org\/wp-content\/uploads\/2025\/10\/rang-1024x1024.jpg 1024w, https:\/\/ctaacordoba.org\/wp-content\/uploads\/2025\/10\/rang-150x150.jpg 150w, https:\/\/ctaacordoba.org\/wp-content\/uploads\/2025\/10\/rang-768x768.jpg 768w, https:\/\/ctaacordoba.org\/wp-content\/uploads\/2025\/10\/rang.jpg 1440w\" alt=\"\" width=\"300\" height=\"300\" \/><\/p>\n<p>La Secretaria de Formaci\u00f3n de ATE Nacional, Vanina Rodr\u00edguez sostuvo: \u201cHoy estuvimos en el Consejo Provincial de ATE C\u00f3rdoba junto a su Scretario General, Federico Giuliani, las y los compa\u00f1eros del Instituto Nacional de la Agricultura Familiar, Campesina e Ind\u00edgena (INAFCI) y a todos los que acompa\u00f1aron la presentaci\u00f3n del documental \u2018Con Nuestra Gente\u2019 . Porque no nos resignamos y seguiremos luchando hasta que cada trabajador y trabajadora vuelvan a sus lugares de trabajo, gritamos no a las pol\u00edticas de Milei\u201d.<\/p>\n<p><img loading=\"lazy\" decoding=\"async\" class=\"size-medium wp-image-106693 alignleft\" src=\"http:\/\/ctaacordoba.org\/wp-content\/uploads\/2025\/10\/doc-300x169.jpg\" srcset=\"https:\/\/ctaacordoba.org\/wp-content\/uploads\/2025\/10\/doc-300x169.jpg 300w, https:\/\/ctaacordoba.org\/wp-content\/uploads\/2025\/10\/doc-1024x576.jpg 1024w, https:\/\/ctaacordoba.org\/wp-content\/uploads\/2025\/10\/doc-768x432.jpg 768w, https:\/\/ctaacordoba.org\/wp-content\/uploads\/2025\/10\/doc.jpg 1439w\" alt=\"\" width=\"300\" height=\"169\" \/><img loading=\"lazy\" decoding=\"async\" class=\"size-medium wp-image-106702 alignleft\" src=\"http:\/\/ctaacordoba.org\/wp-content\/uploads\/2025\/10\/que-1-300x192.jpg\" srcset=\"https:\/\/ctaacordoba.org\/wp-content\/uploads\/2025\/10\/que-1-300x192.jpg 300w, https:\/\/ctaacordoba.org\/wp-content\/uploads\/2025\/10\/que-1-768x491.jpg 768w, https:\/\/ctaacordoba.org\/wp-content\/uploads\/2025\/10\/que-1.jpg 899w\" alt=\"\" width=\"300\" height=\"192\" \/><\/p>\n<p>Por su parte, Bali\u00f1a apunt\u00f3: \u201cSe realiz\u00f3 la presentaci\u00f3n en el CDP de C\u00f3rdoba del documental \u2018Con Nuestra Gente\u2019, el cap\u00edtulo de San Luis y C\u00f3rdoba, de INAFCI. Estuvimos con Vanina Rodriguez y Dabel Hern\u00e1n Roblin. Nos recibieron los compa\u00f1eros y compa\u00f1eras del INAFCI y del Secretario General de ATE C\u00f3rdoba, Federico Giuliani. Destacamos, entre otros conceptos, la definici\u00f3n pol\u00edtica de sostener la lucha por la reportera del INAFCI y la reincorporaci\u00f3n de todos los despedidos y sobre todo la convicci\u00f3n de los compa\u00f1eros del sector de sostener la lucha\u201d.<\/p>\n<\/div>\n","protected":false},"excerpt":{"rendered":"<p>El viernes pasado, el Secretario General de ATE y la CTA Aut\u00f3noma C\u00f3rdoba, Federico Giuliani, particip\u00f3 de una actividad muy importante: La inauguraci\u00f3n de la Coordinadora de Despedidos y Despedidas del Estado Nacional. Adem\u00e1s, se present\u00f3 el documental \u201cCon Nuestra Gente\u201d, de Miguel Mirra y Susana Moreira. Asistieron los dirigentes del Consejo Directivo Nacional (CDN) [&hellip;]<\/p>\n","protected":false},"author":7,"featured_media":50989,"comment_status":"open","ping_status":"open","sticky":false,"template":"","format":"standard","meta":{"_exactmetrics_skip_tracking":false,"_exactmetrics_sitenote_active":false,"_exactmetrics_sitenote_note":"","_exactmetrics_sitenote_category":0,"jnews-multi-image_gallery":[],"jnews_single_post":{"format":"standard","override":[{"template":"1","parallax":"1","fullscreen":"1","layout":"no-sidebar-narrow","sidebar":"default-sidebar","second_sidebar":"default-sidebar","sticky_sidebar":"1","share_position":"bottom","share_float_style":"share-monocrhome","show_share_counter":"1","show_view_counter":"1","show_post_meta":"1","show_post_author_image":"1","show_post_date":"1","post_date_format":"default","post_date_format_custom":"Y\/m\/d","show_post_category":"1","show_post_reading_time":"0","post_reading_time_wpm":"300","post_calculate_word_method":"str_word_count","show_zoom_button":"0","zoom_button_out_step":"2","zoom_button_in_step":"3","show_post_tag":"1","number_popup_post":"1","show_post_related":"1","show_inline_post_related":"0"}],"image_override":[{"single_post_thumbnail_size":"crop-500","single_post_gallery_size":"crop-500"}],"trending_post_position":"meta","trending_post_label":"Trending","sponsored_post_label":"Sponsored by","disable_ad":"0"},"jnews_primary_category":[],"jnews_social_meta":[],"jnews_review":[],"enable_review":"","type":"percentage","name":"","summary":"","brand":"","sku":"","good":[],"bad":[],"score_override":"","override_value":"","rating":[],"price":[],"jnews_override_counter":{"view_counter_number":"0","share_counter_number":"0","like_counter_number":"0","dislike_counter_number":"0"},"jnews_post_split":{"post_split":[{"template":"1","tag":"h2","numbering":"asc","mode":"normal","first":"0","enable_toc":"0","toc_type":"normal"}]},"footnotes":""},"categories":[18],"tags":[],"class_list":["post-50988","post","type-post","status-publish","format-standard","has-post-thumbnail","hentry","category-nacionales"],"jetpack_featured_media_url":"https:\/\/atecordoba.org\/wp-content\/uploads\/2025\/10\/comision-despedidos.jpg","_links":{"self":[{"href":"https:\/\/atecordoba.org\/index.php?rest_route=\/wp\/v2\/posts\/50988","targetHints":{"allow":["GET"]}}],"collection":[{"href":"https:\/\/atecordoba.org\/index.php?rest_route=\/wp\/v2\/posts"}],"about":[{"href":"https:\/\/atecordoba.org\/index.php?rest_route=\/wp\/v2\/types\/post"}],"author":[{"embeddable":true,"href":"https:\/\/atecordoba.org\/index.php?rest_route=\/wp\/v2\/users\/7"}],"replies":[{"embeddable":true,"href":"https:\/\/atecordoba.org\/index.php?rest_route=%2Fwp%2Fv2%2Fcomments&post=50988"}],"version-history":[{"count":2,"href":"https:\/\/atecordoba.org\/index.php?rest_route=\/wp\/v2\/posts\/50988\/revisions"}],"predecessor-version":[{"id":50991,"href":"https:\/\/atecordoba.org\/index.php?rest_route=\/wp\/v2\/posts\/50988\/revisions\/50991"}],"wp:featuredmedia":[{"embeddable":true,"href":"https:\/\/atecordoba.org\/index.php?rest_route=\/wp\/v2\/media\/50989"}],"wp:attachment":[{"href":"https:\/\/atecordoba.org\/index.php?rest_route=%2Fwp%2Fv2%2Fmedia&parent=50988"}],"wp:term":[{"taxonomy":"category","embeddable":true,"href":"https:\/\/atecordoba.org\/index.php?rest_route=%2Fwp%2Fv2%2Fcategories&post=50988"},{"taxonomy":"post_tag","embeddable":true,"href":"https:\/\/atecordoba.org\/index.php?rest_route=%2Fwp%2Fv2%2Ftags&post=50988"}],"curies":[{"name":"wp","href":"https:\/\/api.w.org\/{rel}","templated":true}]}}