{"id":50976,"date":"2025-10-03T13:43:54","date_gmt":"2025-10-03T16:43:54","guid":{"rendered":"https:\/\/atecordoba.org\/?p=50976"},"modified":"2025-10-03T14:17:00","modified_gmt":"2025-10-03T17:17:00","slug":"los-hornillos-ate-logra-el-pase-a-planta-de-cuatro-afiliadas","status":"publish","type":"post","link":"https:\/\/atecordoba.org\/?p=50976","title":{"rendered":"Los Hornillos: ATE celebra el pase a planta de cuatro afiliadas"},"content":{"rendered":"<p><img loading=\"lazy\" decoding=\"async\" class=\"aligncenter wp-image-50977 \" src=\"https:\/\/atecordoba.org\/wp-content\/uploads\/2025\/10\/WhatsApp-Image-2025-10-03-at-12.33.38-1-768x1024.jpeg\" alt=\"\" width=\"612\" height=\"816\" \/>En una audiencia celebrada hoy con la asesora legal de la Municipalidad de Los Hornillos, ATE logr\u00f3 el pase a planta permanente de cuatro trabajadoras municipales precarizadas, en un nuevo avance que da cuenta del crecimiento organizativo e institucional en la localidad del Valle de Traslasierra.<\/p>\n<p>En la oportunidad, la delegaci\u00f3n estatal estuvo integrada por la secretaria de Prensa del Consejo Directivo Provincial (CDP) y coordinadora del sector municipal del Consejo Directivo Nacional (CDN), Julia Giuliani, el secretario de Interior de ATE C\u00f3rdoba, Diego Ch\u00e1vez, la integrante del CDP Irina Silberman y la delegada municipal, Gabriela Chavez.<\/p>\n<p>Adem\u00e1s, en otros puntos planteados por nuestra organizaci\u00f3n sindical, ATE logr\u00f3 que se mantengan las licencias para quienes no sean planta permanente, al tiempo que se gan\u00f3 el compromiso del Ejecutivo para la recategorizaci\u00f3n de cinco compa\u00f1eros del sector.<\/p>\n<p>Por \u00faltimo, ATE plante\u00f3 la inquietud con respecto al aumento del pago del \u00edtem de salubridad y tareas riesgosas, para que se cumpla con el total del personal que le corresponde, de acuerdo a la ley vigente, y se hizo entrega del proyecto de nuevo Estatuto del Personal Municipal, con importantes mejoras en las condiciones de trabajo.<\/p>\n<p>De esta forma, ATE contin\u00faa alcanzando beneficios para los y las municipales del interior provincial.<\/p>\n","protected":false},"excerpt":{"rendered":"<p>En una audiencia celebrada hoy con la asesora legal de la Municipalidad de Los Hornillos, ATE logr\u00f3 el pase a planta permanente de cuatro trabajadoras municipales precarizadas, en un nuevo avance que da cuenta del crecimiento organizativo e institucional en la localidad del Valle de Traslasierra. En la oportunidad, la delegaci\u00f3n estatal estuvo integrada por [&hellip;]<\/p>\n","protected":false},"author":7,"featured_media":50977,"comment_status":"open","ping_status":"open","sticky":false,"template":"","format":"standard","meta":{"_exactmetrics_skip_tracking":false,"_exactmetrics_sitenote_active":false,"_exactmetrics_sitenote_note":"","_exactmetrics_sitenote_category":0,"jnews-multi-image_gallery":[],"jnews_single_post":{"format":"standard","override":[{"template":"1","parallax":"1","fullscreen":"1","layout":"no-sidebar-narrow","sidebar":"default-sidebar","second_sidebar":"default-sidebar","sticky_sidebar":"1","share_position":"bottom","share_float_style":"share-monocrhome","show_share_counter":"1","show_view_counter":"1","show_post_meta":"1","show_post_author_image":"1","show_post_date":"1","post_date_format":"default","post_date_format_custom":"Y\/m\/d","show_post_category":"1","show_post_reading_time":"0","post_reading_time_wpm":"300","post_calculate_word_method":"str_word_count","show_zoom_button":"0","zoom_button_out_step":"2","zoom_button_in_step":"3","show_post_tag":"1","number_popup_post":"1","show_post_related":"1","show_inline_post_related":"0"}],"image_override":[{"single_post_thumbnail_size":"crop-500","single_post_gallery_size":"crop-500"}],"trending_post_position":"meta","trending_post_label":"Trending","sponsored_post_label":"Sponsored by","disable_ad":"0"},"jnews_primary_category":[],"jnews_social_meta":[],"jnews_review":[],"enable_review":"","type":"percentage","name":"","summary":"","brand":"","sku":"","good":[],"bad":[],"score_override":"","override_value":"","rating":[],"price":[],"jnews_override_counter":{"view_counter_number":"0","share_counter_number":"0","like_counter_number":"0","dislike_counter_number":"0"},"jnews_post_split":{"post_split":[{"template":"1","tag":"h2","numbering":"asc","mode":"normal","first":"0","enable_toc":"0","toc_type":"normal"}]},"footnotes":""},"categories":[20],"tags":[],"class_list":["post-50976","post","type-post","status-publish","format-standard","has-post-thumbnail","hentry","category-municipales"],"jetpack_featured_media_url":"https:\/\/atecordoba.org\/wp-content\/uploads\/2025\/10\/WhatsApp-Image-2025-10-03-at-12.33.38-1-e1759509824983.jpeg","_links":{"self":[{"href":"https:\/\/atecordoba.org\/index.php?rest_route=\/wp\/v2\/posts\/50976","targetHints":{"allow":["GET"]}}],"collection":[{"href":"https:\/\/atecordoba.org\/index.php?rest_route=\/wp\/v2\/posts"}],"about":[{"href":"https:\/\/atecordoba.org\/index.php?rest_route=\/wp\/v2\/types\/post"}],"author":[{"embeddable":true,"href":"https:\/\/atecordoba.org\/index.php?rest_route=\/wp\/v2\/users\/7"}],"replies":[{"embeddable":true,"href":"https:\/\/atecordoba.org\/index.php?rest_route=%2Fwp%2Fv2%2Fcomments&post=50976"}],"version-history":[{"count":2,"href":"https:\/\/atecordoba.org\/index.php?rest_route=\/wp\/v2\/posts\/50976\/revisions"}],"predecessor-version":[{"id":50979,"href":"https:\/\/atecordoba.org\/index.php?rest_route=\/wp\/v2\/posts\/50976\/revisions\/50979"}],"wp:featuredmedia":[{"embeddable":true,"href":"https:\/\/atecordoba.org\/index.php?rest_route=\/wp\/v2\/media\/50977"}],"wp:attachment":[{"href":"https:\/\/atecordoba.org\/index.php?rest_route=%2Fwp%2Fv2%2Fmedia&parent=50976"}],"wp:term":[{"taxonomy":"category","embeddable":true,"href":"https:\/\/atecordoba.org\/index.php?rest_route=%2Fwp%2Fv2%2Fcategories&post=50976"},{"taxonomy":"post_tag","embeddable":true,"href":"https:\/\/atecordoba.org\/index.php?rest_route=%2Fwp%2Fv2%2Ftags&post=50976"}],"curies":[{"name":"wp","href":"https:\/\/api.w.org\/{rel}","templated":true}]}}