{"id":50970,"date":"2025-10-03T11:46:10","date_gmt":"2025-10-03T14:46:10","guid":{"rendered":"https:\/\/atecordoba.org\/?p=50970"},"modified":"2025-10-03T11:46:10","modified_gmt":"2025-10-03T14:46:10","slug":"conae-y-arsat-encuentro-en-ate-nacion-presente-y-futuro-del-sector-espacial-argentino","status":"publish","type":"post","link":"https:\/\/atecordoba.org\/?p=50970","title":{"rendered":"CONAE y ARSAT: Encuentro en ATE Naci\u00f3n, presente y futuro del Sector Espacial Argentino"},"content":{"rendered":"<p><img loading=\"lazy\" decoding=\"async\" class=\"aligncenter wp-image-50971 \" src=\"https:\/\/atecordoba.org\/wp-content\/uploads\/2025\/10\/WhatsApp-Image-2025-10-03-at-10.50.05-819x1024.jpeg\" alt=\"\" width=\"484\" height=\"606\" srcset=\"https:\/\/atecordoba.org\/wp-content\/uploads\/2025\/10\/WhatsApp-Image-2025-10-03-at-10.50.05-819x1024.jpeg 819w, https:\/\/atecordoba.org\/wp-content\/uploads\/2025\/10\/WhatsApp-Image-2025-10-03-at-10.50.05-240x300.jpeg 240w, https:\/\/atecordoba.org\/wp-content\/uploads\/2025\/10\/WhatsApp-Image-2025-10-03-at-10.50.05-768x960.jpeg 768w, https:\/\/atecordoba.org\/wp-content\/uploads\/2025\/10\/WhatsApp-Image-2025-10-03-at-10.50.05-750x938.jpeg 750w, https:\/\/atecordoba.org\/wp-content\/uploads\/2025\/10\/WhatsApp-Image-2025-10-03-at-10.50.05.jpeg 1080w\" sizes=\"auto, (max-width: 484px) 100vw, 484px\" \/>Con el objetivo de abordar la situaci\u00f3n que atraviesan CONAE y ARSAT, como resultado de las pol\u00edticas de destrucci\u00f3n del Estado que encabeza Javier Milei, ATE Nacional realizar\u00e1 una actividad presencial y virtual denominado &#8220;Presente y futuro del Sector Espacial Argentino&#8221;,, el pr\u00f3ximo martes 7 de octubre a las 16 horas.<\/p>\n<p>Compa\u00f1eros y compa\u00f1eras del sector aeroespacial estatal estar\u00e1n presentes para brindar un panorama de la situaci\u00f3n de ambas empresas.<\/p>\n<p>La consigna disparadora es &#8220;El rol del sector como impulsor de un desarrollo sostenible y con equidad desde la perspectiva de las y los trabajadores&#8221;.<\/p>\n<p>Los interesados en participar via virtual deben inscribirse previamente a trav\u00e9s del formulario: https:\/\/forms.gle\/fzE3qtrDz3M9VRKy9<\/p>\n<p>&nbsp;<\/p>\n","protected":false},"excerpt":{"rendered":"<p>Con el objetivo de abordar la situaci\u00f3n que atraviesan CONAE y ARSAT, como resultado de las pol\u00edticas de destrucci\u00f3n del Estado que encabeza Javier Milei, ATE Nacional realizar\u00e1 una actividad presencial y virtual denominado &#8220;Presente y futuro del Sector Espacial Argentino&#8221;,, el pr\u00f3ximo martes 7 de octubre a las 16 horas. Compa\u00f1eros y compa\u00f1eras del [&hellip;]<\/p>\n","protected":false},"author":7,"featured_media":50972,"comment_status":"open","ping_status":"open","sticky":false,"template":"","format":"standard","meta":{"_exactmetrics_skip_tracking":false,"_exactmetrics_sitenote_active":false,"_exactmetrics_sitenote_note":"","_exactmetrics_sitenote_category":0,"jnews-multi-image_gallery":[],"jnews_single_post":[],"jnews_primary_category":[],"jnews_social_meta":[],"jnews_review":[],"enable_review":"","type":"","name":"","summary":"","brand":"","sku":"","good":[],"bad":[],"score_override":"","override_value":"","rating":[],"price":[],"jnews_override_counter":[],"jnews_post_split":[],"footnotes":""},"categories":[18],"tags":[],"class_list":["post-50970","post","type-post","status-publish","format-standard","has-post-thumbnail","hentry","category-nacionales"],"jetpack_featured_media_url":"https:\/\/atecordoba.org\/wp-content\/uploads\/2025\/10\/conae-carteles.jpeg","_links":{"self":[{"href":"https:\/\/atecordoba.org\/index.php?rest_route=\/wp\/v2\/posts\/50970","targetHints":{"allow":["GET"]}}],"collection":[{"href":"https:\/\/atecordoba.org\/index.php?rest_route=\/wp\/v2\/posts"}],"about":[{"href":"https:\/\/atecordoba.org\/index.php?rest_route=\/wp\/v2\/types\/post"}],"author":[{"embeddable":true,"href":"https:\/\/atecordoba.org\/index.php?rest_route=\/wp\/v2\/users\/7"}],"replies":[{"embeddable":true,"href":"https:\/\/atecordoba.org\/index.php?rest_route=%2Fwp%2Fv2%2Fcomments&post=50970"}],"version-history":[{"count":1,"href":"https:\/\/atecordoba.org\/index.php?rest_route=\/wp\/v2\/posts\/50970\/revisions"}],"predecessor-version":[{"id":50973,"href":"https:\/\/atecordoba.org\/index.php?rest_route=\/wp\/v2\/posts\/50970\/revisions\/50973"}],"wp:featuredmedia":[{"embeddable":true,"href":"https:\/\/atecordoba.org\/index.php?rest_route=\/wp\/v2\/media\/50972"}],"wp:attachment":[{"href":"https:\/\/atecordoba.org\/index.php?rest_route=%2Fwp%2Fv2%2Fmedia&parent=50970"}],"wp:term":[{"taxonomy":"category","embeddable":true,"href":"https:\/\/atecordoba.org\/index.php?rest_route=%2Fwp%2Fv2%2Fcategories&post=50970"},{"taxonomy":"post_tag","embeddable":true,"href":"https:\/\/atecordoba.org\/index.php?rest_route=%2Fwp%2Fv2%2Ftags&post=50970"}],"curies":[{"name":"wp","href":"https:\/\/api.w.org\/{rel}","templated":true}]}}