{"id":50963,"date":"2025-10-02T14:55:50","date_gmt":"2025-10-02T17:55:50","guid":{"rendered":"https:\/\/atecordoba.org\/?p=50963"},"modified":"2025-10-02T14:57:23","modified_gmt":"2025-10-02T17:57:23","slug":"ate-cordoba-presente-en-la-jornada-de-concientizacion-y-lucha-de-la-unc","status":"publish","type":"post","link":"https:\/\/atecordoba.org\/?p=50963","title":{"rendered":"ATE C\u00f3rdoba, presente en la Jornada de Concientizaci\u00f3n y Lucha de la UNC"},"content":{"rendered":"<p><img loading=\"lazy\" decoding=\"async\" class=\"aligncenter wp-image-50964 \" src=\"https:\/\/atecordoba.org\/wp-content\/uploads\/2025\/10\/WhatsApp-Image-2025-10-02-at-13.39.32-1.jpeg\" alt=\"\" width=\"606\" height=\"341\" srcset=\"https:\/\/atecordoba.org\/wp-content\/uploads\/2025\/10\/WhatsApp-Image-2025-10-02-at-13.39.32-1.jpeg 1000w, https:\/\/atecordoba.org\/wp-content\/uploads\/2025\/10\/WhatsApp-Image-2025-10-02-at-13.39.32-1-300x169.jpeg 300w, https:\/\/atecordoba.org\/wp-content\/uploads\/2025\/10\/WhatsApp-Image-2025-10-02-at-13.39.32-1-768x432.jpeg 768w, https:\/\/atecordoba.org\/wp-content\/uploads\/2025\/10\/WhatsApp-Image-2025-10-02-at-13.39.32-1-750x422.jpeg 750w\" sizes=\"auto, (max-width: 606px) 100vw, 606px\" \/>En apoyo a la ratificaci\u00f3n de la Ley de Financiamiento Universitario que tratar\u00e1 el Senado de la Naci\u00f3n, y el rechazo al veto presidencial de la norma, ATE C\u00f3rdoba estuvo presente hoy en la Jornada de Concientizaci\u00f3n y Lucha, que se realiz\u00f3 hoy al mediod\u00eda en la Universidad Nacional de C\u00f3rdoba (UNC).<\/p>\n<p>Con una carpa en representaci\u00f3n de las y los estatales, acompa\u00f1ando la lucha de la comunidad universitaria, ATE instal\u00f3 una carpa y una radio abierta para solidarizarse con el defensa de la educaci\u00f3n superior estatal y gratuita en Argentina.<\/p>\n<div id='gallery_1' class='gallery galleryid-50963 gallery-columns-2 gallery-size-medium'><figure class='gallery-item'>\n                <div class='gallery-icon portrait'>\n                    <a href='https:\/\/atecordoba.org\/wp-content\/uploads\/2025\/10\/WhatsApp-Image-2025-10-02-at-13.41.56-1.jpeg'><img loading=\"lazy\" decoding=\"async\" width=\"240\" height=\"300\" src=\"\" class=\"attachment-medium size-medium lazyload\" alt=\"\" data-src=\"https:\/\/atecordoba.org\/wp-content\/uploads\/2025\/10\/WhatsApp-Image-2025-10-02-at-13.41.56-1-240x300.jpeg\" data-sizes=\"auto\" data-srcset=\"https:\/\/atecordoba.org\/wp-content\/uploads\/2025\/10\/WhatsApp-Image-2025-10-02-at-13.41.56-1-240x300.jpeg 240w, https:\/\/atecordoba.org\/wp-content\/uploads\/2025\/10\/WhatsApp-Image-2025-10-02-at-13.41.56-1-819x1024.jpeg 819w, https:\/\/atecordoba.org\/wp-content\/uploads\/2025\/10\/WhatsApp-Image-2025-10-02-at-13.41.56-1-768x960.jpeg 768w, https:\/\/atecordoba.org\/wp-content\/uploads\/2025\/10\/WhatsApp-Image-2025-10-02-at-13.41.56-1-750x938.jpeg 750w, https:\/\/atecordoba.org\/wp-content\/uploads\/2025\/10\/WhatsApp-Image-2025-10-02-at-13.41.56-1.jpeg 1080w\" data-expand=\"700\" \/><\/a>\n                <\/div><\/figure><figure class='gallery-item'>\n                <div class='gallery-icon portrait'>\n                    <a href='https:\/\/atecordoba.org\/wp-content\/uploads\/2025\/10\/WhatsApp-Image-2025-10-02-at-13.41.56.jpeg'><img loading=\"lazy\" decoding=\"async\" width=\"240\" height=\"300\" src=\"\" class=\"attachment-medium size-medium lazyload\" alt=\"\" data-src=\"https:\/\/atecordoba.org\/wp-content\/uploads\/2025\/10\/WhatsApp-Image-2025-10-02-at-13.41.56-240x300.jpeg\" data-sizes=\"auto\" data-srcset=\"https:\/\/atecordoba.org\/wp-content\/uploads\/2025\/10\/WhatsApp-Image-2025-10-02-at-13.41.56-240x300.jpeg 240w, https:\/\/atecordoba.org\/wp-content\/uploads\/2025\/10\/WhatsApp-Image-2025-10-02-at-13.41.56-819x1024.jpeg 819w, https:\/\/atecordoba.org\/wp-content\/uploads\/2025\/10\/WhatsApp-Image-2025-10-02-at-13.41.56-768x960.jpeg 768w, https:\/\/atecordoba.org\/wp-content\/uploads\/2025\/10\/WhatsApp-Image-2025-10-02-at-13.41.56-750x938.jpeg 750w, https:\/\/atecordoba.org\/wp-content\/uploads\/2025\/10\/WhatsApp-Image-2025-10-02-at-13.41.56.jpeg 1080w\" data-expand=\"700\" \/><\/a>\n                <\/div><\/figure><br style=\"clear: both\" \/>\n            <\/div>\n\n<p>En la oportunidad, estuvieron presentes el secretario Gremial del Consejo Directivo Provincial, Jorge Chalup, el secretario de Organizaci\u00f3n, Javier Bracamonte, y delegados y delegadas de ATE no docentes de la UNC.<\/p>\n","protected":false},"excerpt":{"rendered":"<p>En apoyo a la ratificaci\u00f3n de la Ley de Financiamiento Universitario que tratar\u00e1 el Senado de la Naci\u00f3n, y el rechazo al veto presidencial de la norma, ATE C\u00f3rdoba estuvo presente hoy en la Jornada de Concientizaci\u00f3n y Lucha, que se realiz\u00f3 hoy al mediod\u00eda en la Universidad Nacional de C\u00f3rdoba (UNC). Con una carpa [&hellip;]<\/p>\n","protected":false},"author":7,"featured_media":50964,"comment_status":"open","ping_status":"open","sticky":false,"template":"","format":"standard","meta":{"_exactmetrics_skip_tracking":false,"_exactmetrics_sitenote_active":false,"_exactmetrics_sitenote_note":"","_exactmetrics_sitenote_category":0,"jnews-multi-image_gallery":[],"jnews_single_post":{"format":"standard","override":[{"template":"1","parallax":"1","fullscreen":"1","layout":"no-sidebar-narrow","sidebar":"default-sidebar","second_sidebar":"default-sidebar","sticky_sidebar":"1","share_position":"bottom","share_float_style":"share-monocrhome","show_share_counter":"1","show_view_counter":"1","show_post_meta":"1","show_post_author_image":"1","show_post_date":"1","post_date_format":"default","post_date_format_custom":"Y\/m\/d","show_post_category":"1","show_post_reading_time":"0","post_reading_time_wpm":"300","post_calculate_word_method":"str_word_count","show_zoom_button":"0","zoom_button_out_step":"2","zoom_button_in_step":"3","show_post_tag":"1","number_popup_post":"1","show_post_related":"1","show_inline_post_related":"0"}],"image_override":[{"single_post_thumbnail_size":"crop-500","single_post_gallery_size":"crop-500"}],"trending_post_position":"meta","trending_post_label":"Trending","sponsored_post_label":"Sponsored by","disable_ad":"0"},"jnews_primary_category":[],"jnews_social_meta":[],"jnews_review":[],"enable_review":"","type":"percentage","name":"","summary":"","brand":"","sku":"","good":[],"bad":[],"score_override":"","override_value":"","rating":[],"price":[],"jnews_override_counter":{"view_counter_number":"0","share_counter_number":"0","like_counter_number":"0","dislike_counter_number":"0"},"jnews_post_split":{"post_split":[{"template":"1","tag":"h2","numbering":"asc","mode":"normal","first":"0","enable_toc":"0","toc_type":"normal"}]},"footnotes":""},"categories":[18],"tags":[],"class_list":["post-50963","post","type-post","status-publish","format-standard","has-post-thumbnail","hentry","category-nacionales"],"jetpack_featured_media_url":"https:\/\/atecordoba.org\/wp-content\/uploads\/2025\/10\/WhatsApp-Image-2025-10-02-at-13.39.32-1.jpeg","_links":{"self":[{"href":"https:\/\/atecordoba.org\/index.php?rest_route=\/wp\/v2\/posts\/50963","targetHints":{"allow":["GET"]}}],"collection":[{"href":"https:\/\/atecordoba.org\/index.php?rest_route=\/wp\/v2\/posts"}],"about":[{"href":"https:\/\/atecordoba.org\/index.php?rest_route=\/wp\/v2\/types\/post"}],"author":[{"embeddable":true,"href":"https:\/\/atecordoba.org\/index.php?rest_route=\/wp\/v2\/users\/7"}],"replies":[{"embeddable":true,"href":"https:\/\/atecordoba.org\/index.php?rest_route=%2Fwp%2Fv2%2Fcomments&post=50963"}],"version-history":[{"count":2,"href":"https:\/\/atecordoba.org\/index.php?rest_route=\/wp\/v2\/posts\/50963\/revisions"}],"predecessor-version":[{"id":50968,"href":"https:\/\/atecordoba.org\/index.php?rest_route=\/wp\/v2\/posts\/50963\/revisions\/50968"}],"wp:featuredmedia":[{"embeddable":true,"href":"https:\/\/atecordoba.org\/index.php?rest_route=\/wp\/v2\/media\/50964"}],"wp:attachment":[{"href":"https:\/\/atecordoba.org\/index.php?rest_route=%2Fwp%2Fv2%2Fmedia&parent=50963"}],"wp:term":[{"taxonomy":"category","embeddable":true,"href":"https:\/\/atecordoba.org\/index.php?rest_route=%2Fwp%2Fv2%2Fcategories&post=50963"},{"taxonomy":"post_tag","embeddable":true,"href":"https:\/\/atecordoba.org\/index.php?rest_route=%2Fwp%2Fv2%2Ftags&post=50963"}],"curies":[{"name":"wp","href":"https:\/\/api.w.org\/{rel}","templated":true}]}}