{"id":50949,"date":"2025-10-01T15:20:17","date_gmt":"2025-10-01T18:20:17","guid":{"rendered":"https:\/\/atecordoba.org\/?p=50949"},"modified":"2025-10-01T15:20:17","modified_gmt":"2025-10-01T18:20:17","slug":"ate-transmitio-una-charla-debate-internacional-sobre-el-derecho-a-huelga-a-cargo-del-abogado-matias-cremonte","status":"publish","type":"post","link":"https:\/\/atecordoba.org\/?p=50949","title":{"rendered":"ATE transmiti\u00f3 una charla debate internacional sobre el derecho a huelga a cargo del abogado Mat\u00edas Cremonte"},"content":{"rendered":"<p><img loading=\"lazy\" decoding=\"async\" class=\"aligncenter wp-image-50950 \" src=\"https:\/\/atecordoba.org\/wp-content\/uploads\/2025\/10\/charla-cremonte-1024x512.png\" alt=\"\" width=\"610\" height=\"305\" srcset=\"https:\/\/atecordoba.org\/wp-content\/uploads\/2025\/10\/charla-cremonte-1024x512.png 1024w, https:\/\/atecordoba.org\/wp-content\/uploads\/2025\/10\/charla-cremonte-300x150.png 300w, https:\/\/atecordoba.org\/wp-content\/uploads\/2025\/10\/charla-cremonte-768x384.png 768w, https:\/\/atecordoba.org\/wp-content\/uploads\/2025\/10\/charla-cremonte-360x180.png 360w, https:\/\/atecordoba.org\/wp-content\/uploads\/2025\/10\/charla-cremonte-750x375.png 750w, https:\/\/atecordoba.org\/wp-content\/uploads\/2025\/10\/charla-cremonte.png 1035w\" sizes=\"auto, (max-width: 610px) 100vw, 610px\" \/>Ayer ATE C\u00f3rdoba transmiti\u00f3 por streaming una charla debate titulada &#8220;Protesta social, luchas y desaf\u00edos&#8221;, convocada por el Abya Yala Soberana, instancia organizativa regional latinoamericana donde nuestra organizaci\u00f3n participa en articulaci\u00f3n con sindicatos de todo el continente.<\/p>\n<p>La actividad cont\u00f3 con la disertaci\u00f3n del abogado de ATE nacional y presidente de la Asociaci\u00f3n Latinoamericana de Abogados Laboralistas, Matias Cremonte, y la coordinaci\u00f3n de la secretaria de Prensa de ATE C\u00f3rdoba, Julia Giuliani.<\/p>\n<p>La propuesta -introdujo Giuliani- apunt\u00f3 a abordar conceptos como la protesta social, luchas y desaf\u00edos, la huelga en tiempos de democracias de baja intensidad, como las que vivimos en la regi\u00f3n.<\/p>\n<p>En esa l\u00ednea, Cremonte comenz\u00f3 se\u00f1alando sobre &#8220;las variantes que nuestros pueblos fueron construyendo alrededor del concepto de huelga, de rebeld\u00eda o cualquier tipo de alzamiento u opresi\u00f3n desde el mundo del trabajo tenemos a la huelga como su m\u00e1xima expresi\u00f3n&#8221;.<\/p>\n<p>En tal sentido, explic\u00f3 que &#8220;su reconocimiento como derecho es bastante reciente, mientras la huelga en s\u00ed misma es preexistente. Es decir, no es que el derecho crea a la huelga, ni los Estados la crean como otros derechos. La huelga es anterior a su reconocimiento como derecho y en todo caso fue reconocida como un hecho social&#8221;.<\/p>\n<p>&#8220;Si uno va a los debates originarios de aquel proceso de reconocimiento, a principios del siglo XX, en general el propio movimiento obrero se opon\u00eda sobre todo en sus vertientes anarco-sindicalistas, con cierta l\u00f3gica porque el reconocimiento como derecho supone una restricci\u00f3n. Cuando cualquier libertad es definida o reglamentada eso entra\u00f1a una restricci\u00f3n. En 1949 en Argentina se sanciona la primera Constituci\u00f3n social que reconoce los derechos sociales, una carta magna muy profunda que cambia radicalmente los conceptos del constitucionalismo cl\u00e1sico pero que sin embargo no reconoce como derecho la huelga&#8221;, apunt\u00f3 el letrado.<\/p>\n<p>Y remarc\u00f3 que &#8220;en el debate, uno de sus autores plantea que la huelga es &#8216;una libertad que se ejerce&#8217;, en el derecho pol\u00edtica significa &#8216;la libertad de los pueblos de alzarse contra la opresi\u00f3n'&#8221;. La luego historizar que &#8220;la primera constituci\u00f3n del mundo que reconoci\u00f3 el derecho del trabajo y a la huelga fue la mexicana de 1917. En Am\u00e9rica Latina tenemos el orgullo de contar con la primera constituci\u00f3n que los elev\u00f3 a rango constitucional&#8221;.<\/p>\n<p>Posteriormente, inform\u00f3 que &#8220;esto var\u00eda en distintos lugares del mundo sobre si es un derecho sindical o de las y los trabajadores, aunque nadie duda que sea de los sindicatos. Los sistemas m\u00e1s restrictivos son los europeos como el alem\u00e1n o el ingl\u00e9s que reconocen el derecho a huelga solo a los sindicatos y en el contexto de una negociaci\u00f3n colectiva.\u00a0Otros modelos como en Chile, Guatemala o Colombia le reconocen el derecho directamente a los trabajadores&#8221;.<\/p>\n<p>&#8220;Constituciones como la espa\u00f1ola o la italiana son los m\u00e1s precisas en la definici\u00f3n porque establecen que se trata de un modelo individual que se ejerce colectivamente&#8221;.<\/p>\n<p>El presidente de la Asociaci\u00f3n Latinoamericana de Abogados Laboralistas dijo despu\u00e9s que el objetivo de una huelga es generar un da\u00f1o para obtener beneficios en la negociaci\u00f3n colectiva. &#8220;Puede ser por despidos, contra el cierre de una empresa, para preservar los puestos de trabajo. Puede incluir movilizaciones, por determinado tiempo o de manera intermitente&#8221;.<\/p>\n<p>Y finaliz\u00f3 asegurando que &#8220;la mejor definici\u00f3n de huelga es &#8216;todo aquello que en un momento hist\u00f3rico y lugar determinado se practique uy se entienda como tal&#8217;, lo que incluye un corte de calle&#8221;.<\/p>\n<p>Seguidamente, se desarroll\u00f3 un rico intercambio de experiencias con compa\u00f1eros y compa\u00f1eras de todo el continente.<\/p>\n<div class=\"epyt-video-wrapper\"><iframe loading=\"lazy\"  style=\"display: block; margin: 0px auto;\"  id=\"_ytid_37520\"  width=\"480\" height=\"270\"  data-origwidth=\"480\" data-origheight=\"270\" src=\"https:\/\/www.youtube.com\/embed\/qry4o2XNmYU?enablejsapi=1&#038;autoplay=0&#038;cc_load_policy=0&#038;cc_lang_pref=&#038;iv_load_policy=3&#038;loop=0&#038;rel=0&#038;fs=1&#038;playsinline=0&#038;autohide=2&#038;theme=dark&#038;color=red&#038;controls=1&#038;disablekb=0&#038;\" class=\"__youtube_prefs__  epyt-is-override  no-lazyload\" title=\"YouTube player\"  allow=\"fullscreen; accelerometer; autoplay; clipboard-write; encrypted-media; gyroscope; picture-in-picture; web-share\" referrerpolicy=\"strict-origin-when-cross-origin\" allowfullscreen data-no-lazy=\"1\" data-skipgform_ajax_framebjll=\"\"><\/iframe><\/div>\n","protected":false},"excerpt":{"rendered":"<p>Ayer ATE C\u00f3rdoba transmiti\u00f3 por streaming una charla debate titulada &#8220;Protesta social, luchas y desaf\u00edos&#8221;, convocada por el Abya Yala Soberana, instancia organizativa regional latinoamericana donde nuestra organizaci\u00f3n participa en articulaci\u00f3n con sindicatos de todo el continente. La actividad cont\u00f3 con la disertaci\u00f3n del abogado de ATE nacional y presidente de la Asociaci\u00f3n Latinoamericana de [&hellip;]<\/p>\n","protected":false},"author":7,"featured_media":50950,"comment_status":"open","ping_status":"open","sticky":false,"template":"","format":"standard","meta":{"_exactmetrics_skip_tracking":false,"_exactmetrics_sitenote_active":false,"_exactmetrics_sitenote_note":"","_exactmetrics_sitenote_category":0,"jnews-multi-image_gallery":[],"jnews_single_post":[],"jnews_primary_category":[],"jnews_social_meta":[],"jnews_review":[],"enable_review":"","type":"","name":"","summary":"","brand":"","sku":"","good":[],"bad":[],"score_override":"","override_value":"","rating":[],"price":[],"jnews_override_counter":[],"jnews_post_split":[],"footnotes":""},"categories":[10,88],"tags":[],"class_list":["post-50949","post","type-post","status-publish","format-standard","has-post-thumbnail","hentry","category-accion-politica","category-formacion"],"jetpack_featured_media_url":"https:\/\/atecordoba.org\/wp-content\/uploads\/2025\/10\/charla-cremonte.png","_links":{"self":[{"href":"https:\/\/atecordoba.org\/index.php?rest_route=\/wp\/v2\/posts\/50949","targetHints":{"allow":["GET"]}}],"collection":[{"href":"https:\/\/atecordoba.org\/index.php?rest_route=\/wp\/v2\/posts"}],"about":[{"href":"https:\/\/atecordoba.org\/index.php?rest_route=\/wp\/v2\/types\/post"}],"author":[{"embeddable":true,"href":"https:\/\/atecordoba.org\/index.php?rest_route=\/wp\/v2\/users\/7"}],"replies":[{"embeddable":true,"href":"https:\/\/atecordoba.org\/index.php?rest_route=%2Fwp%2Fv2%2Fcomments&post=50949"}],"version-history":[{"count":1,"href":"https:\/\/atecordoba.org\/index.php?rest_route=\/wp\/v2\/posts\/50949\/revisions"}],"predecessor-version":[{"id":50951,"href":"https:\/\/atecordoba.org\/index.php?rest_route=\/wp\/v2\/posts\/50949\/revisions\/50951"}],"wp:featuredmedia":[{"embeddable":true,"href":"https:\/\/atecordoba.org\/index.php?rest_route=\/wp\/v2\/media\/50950"}],"wp:attachment":[{"href":"https:\/\/atecordoba.org\/index.php?rest_route=%2Fwp%2Fv2%2Fmedia&parent=50949"}],"wp:term":[{"taxonomy":"category","embeddable":true,"href":"https:\/\/atecordoba.org\/index.php?rest_route=%2Fwp%2Fv2%2Fcategories&post=50949"},{"taxonomy":"post_tag","embeddable":true,"href":"https:\/\/atecordoba.org\/index.php?rest_route=%2Fwp%2Fv2%2Ftags&post=50949"}],"curies":[{"name":"wp","href":"https:\/\/api.w.org\/{rel}","templated":true}]}}