{"id":50940,"date":"2025-10-01T14:26:37","date_gmt":"2025-10-01T17:26:37","guid":{"rendered":"https:\/\/atecordoba.org\/?p=50940"},"modified":"2025-10-01T14:26:37","modified_gmt":"2025-10-01T17:26:37","slug":"orsato-al-gobierno-poco-le-interesa-el-colectivo-de-discapacidad","status":"publish","type":"post","link":"https:\/\/atecordoba.org\/?p=50940","title":{"rendered":"Orsato: &#8220;Al gobierno poco le interesa el colectivo de Discapacidad&#8221;"},"content":{"rendered":"<p><img loading=\"lazy\" decoding=\"async\" class=\"aligncenter wp-image-50941 \" src=\"https:\/\/atecordoba.org\/wp-content\/uploads\/2025\/10\/franco-orsato-1024x768.webp\" alt=\"\" width=\"614\" height=\"461\" srcset=\"https:\/\/atecordoba.org\/wp-content\/uploads\/2025\/10\/franco-orsato-1024x768.webp 1024w, https:\/\/atecordoba.org\/wp-content\/uploads\/2025\/10\/franco-orsato-300x225.webp 300w, https:\/\/atecordoba.org\/wp-content\/uploads\/2025\/10\/franco-orsato-768x576.webp 768w, https:\/\/atecordoba.org\/wp-content\/uploads\/2025\/10\/franco-orsato-750x563.webp 750w, https:\/\/atecordoba.org\/wp-content\/uploads\/2025\/10\/franco-orsato-1140x855.webp 1140w, https:\/\/atecordoba.org\/wp-content\/uploads\/2025\/10\/franco-orsato.webp 1200w\" sizes=\"auto, (max-width: 614px) 100vw, 614px\" \/>El colectivo de discapacidad se moviliza nuevamente hoy para que el Gobierno aplique la Ley de Emergencia. En R\u00edo Cuarto, ATE concentrar\u00e1 la protesta en la Plaza Roca para las 17,30 horas.<\/p>\n<p>En ese marco, el compa\u00f1ero Franco Orsato, integrante del Departamento de Discapacidad de ATE, brind\u00f3 una entrevista al diario Puntal, respecto a que el presidente Javier Milei promulg\u00f3 la Ley de Emergencia en Discapacidad pero inmediatamente suspendi\u00f3 su instrumentaci\u00f3n, solicit\u00e1ndole al Congreso que diga de d\u00f3nde van a salir los fondos.<\/p>\n<p>Orsato, delegado y trabajador de la Agencia Nacional de Discapacidad (ANDIS) R\u00edo Cuarto, argument\u00f3 que el hecho de no reglamentar la normativa &#8220;sienta un precedente grav\u00edsimo en la institucionalidad democr\u00e1tica&#8221;.<\/p>\n<p>En s\u00edntesis, afirm\u00f3 que al gobierno nacional &#8220;poco le interesa la democracia y poco menos le interesa el colectivo de Discapacidad&#8221;.\u00a0Por esto, invit\u00f3 a la comunidad a acompa\u00f1ar el reclamo esta tarde.<\/p>\n<p>&#8220;La decisi\u00f3n sobre el financiamiento recae sobre el Ejecutivo&#8221;, sentenci\u00f3 el dirigente. Y remarc\u00f3 que todas las estrategias para torcer el rumbo de la situaci\u00f3n est\u00e1n sobre la mesa, pero &#8220;dentro del marco de la democracia seguiremos estando en la calle porque es la \u00fanica forma en que podemos expresarnos y validar demandas que son sentidas por todo el pueblo&#8221;.<\/p>\n","protected":false},"excerpt":{"rendered":"<p>El colectivo de discapacidad se moviliza nuevamente hoy para que el Gobierno aplique la Ley de Emergencia. En R\u00edo Cuarto, ATE concentrar\u00e1 la protesta en la Plaza Roca para las 17,30 horas. En ese marco, el compa\u00f1ero Franco Orsato, integrante del Departamento de Discapacidad de ATE, brind\u00f3 una entrevista al diario Puntal, respecto a que [&hellip;]<\/p>\n","protected":false},"author":7,"featured_media":50941,"comment_status":"open","ping_status":"open","sticky":false,"template":"","format":"standard","meta":{"_exactmetrics_skip_tracking":false,"_exactmetrics_sitenote_active":false,"_exactmetrics_sitenote_note":"","_exactmetrics_sitenote_category":0,"jnews-multi-image_gallery":[],"jnews_single_post":[],"jnews_primary_category":[],"jnews_social_meta":[],"jnews_review":[],"enable_review":"","type":"","name":"","summary":"","brand":"","sku":"","good":[],"bad":[],"score_override":"","override_value":"","rating":[],"price":[],"jnews_override_counter":[],"jnews_post_split":[],"footnotes":""},"categories":[625],"tags":[],"class_list":["post-50940","post","type-post","status-publish","format-standard","has-post-thumbnail","hentry","category-discapacidad"],"jetpack_featured_media_url":"https:\/\/atecordoba.org\/wp-content\/uploads\/2025\/10\/franco-orsato.webp","_links":{"self":[{"href":"https:\/\/atecordoba.org\/index.php?rest_route=\/wp\/v2\/posts\/50940","targetHints":{"allow":["GET"]}}],"collection":[{"href":"https:\/\/atecordoba.org\/index.php?rest_route=\/wp\/v2\/posts"}],"about":[{"href":"https:\/\/atecordoba.org\/index.php?rest_route=\/wp\/v2\/types\/post"}],"author":[{"embeddable":true,"href":"https:\/\/atecordoba.org\/index.php?rest_route=\/wp\/v2\/users\/7"}],"replies":[{"embeddable":true,"href":"https:\/\/atecordoba.org\/index.php?rest_route=%2Fwp%2Fv2%2Fcomments&post=50940"}],"version-history":[{"count":1,"href":"https:\/\/atecordoba.org\/index.php?rest_route=\/wp\/v2\/posts\/50940\/revisions"}],"predecessor-version":[{"id":50942,"href":"https:\/\/atecordoba.org\/index.php?rest_route=\/wp\/v2\/posts\/50940\/revisions\/50942"}],"wp:featuredmedia":[{"embeddable":true,"href":"https:\/\/atecordoba.org\/index.php?rest_route=\/wp\/v2\/media\/50941"}],"wp:attachment":[{"href":"https:\/\/atecordoba.org\/index.php?rest_route=%2Fwp%2Fv2%2Fmedia&parent=50940"}],"wp:term":[{"taxonomy":"category","embeddable":true,"href":"https:\/\/atecordoba.org\/index.php?rest_route=%2Fwp%2Fv2%2Fcategories&post=50940"},{"taxonomy":"post_tag","embeddable":true,"href":"https:\/\/atecordoba.org\/index.php?rest_route=%2Fwp%2Fv2%2Ftags&post=50940"}],"curies":[{"name":"wp","href":"https:\/\/api.w.org\/{rel}","templated":true}]}}