{"id":50935,"date":"2025-10-01T13:41:45","date_gmt":"2025-10-01T16:41:45","guid":{"rendered":"https:\/\/atecordoba.org\/?p=50935"},"modified":"2025-10-01T13:41:45","modified_gmt":"2025-10-01T16:41:45","slug":"salsipuedes-ate-denuncia-que-la-municipalidad-incumple-la-conciliacion-obligatoria","status":"publish","type":"post","link":"https:\/\/atecordoba.org\/?p=50935","title":{"rendered":"Salsipuedes: ATE denuncia que la Municipalidad incumple la conciliaci\u00f3n obligatoria"},"content":{"rendered":"<p data-start=\"258\" data-end=\"660\">(fuente: nexofm.com.ar)<\/p>\n<figure id=\"attachment_50936\" aria-describedby=\"caption-attachment-50936\" style=\"width: 600px\" class=\"wp-caption aligncenter\"><img loading=\"lazy\" decoding=\"async\" class=\"wp-image-50936 size-full\" src=\"https:\/\/atecordoba.org\/wp-content\/uploads\/2025\/10\/salsipuedes-31-10-24_3.png\" alt=\"\" width=\"600\" height=\"602\" srcset=\"https:\/\/atecordoba.org\/wp-content\/uploads\/2025\/10\/salsipuedes-31-10-24_3.png 600w, https:\/\/atecordoba.org\/wp-content\/uploads\/2025\/10\/salsipuedes-31-10-24_3-300x300.png 300w, https:\/\/atecordoba.org\/wp-content\/uploads\/2025\/10\/salsipuedes-31-10-24_3-150x150.png 150w, https:\/\/atecordoba.org\/wp-content\/uploads\/2025\/10\/salsipuedes-31-10-24_3-75x75.png 75w, https:\/\/atecordoba.org\/wp-content\/uploads\/2025\/10\/salsipuedes-31-10-24_3-350x350.png 350w\" sizes=\"auto, (max-width: 600px) 100vw, 600px\" \/><figcaption id=\"caption-attachment-50936\" class=\"wp-caption-text\">Los delegados de ATE Vladimir Su\u00e1rez y Luis Tapia, junto a trabajadoras del \u00e1rea salud de la Municipalidad, durante una asamblea.<\/figcaption><\/figure>\n<p data-start=\"258\" data-end=\"660\">En la localidad de\u00a0Salsipuedes, el conflicto entre trabajadores municipales y el Ejecutivo local contin\u00faa sin soluci\u00f3n. Desde el sindicato\u00a0ATE\u00a0denuncian que el municipio, encabezado por el intendente David Strasorier,\u00a0incumple la conciliaci\u00f3n obligatoria\u00a0dictada por el Ministerio de Trabajo de la Provincia y sostienen que las audiencias realizadas desde julio no han arrojado avances.<\/p>\n<p data-start=\"662\" data-end=\"1009\">Vladimir Su\u00e1rez, delegado de ATE, se\u00f1al\u00f3 que el reclamo comenz\u00f3 con un pedido de recomposici\u00f3n salarial del 63%, pero que, en el marco de las negociaciones, los gremios redujeron su exigencia a un 3,5%. Sin embargo, la municipalidad solo ofreci\u00f3 un 1,8% y finalmente solicit\u00f3 que sea el propio Ministerio de Trabajo quien laude la situaci\u00f3n.<\/p>\n<p data-start=\"1011\" data-end=\"1522\"><em>&#8220;<\/em>Fuimos a m\u00e1s de 12 audiencias sin resultados. El Ejecutivo no hizo ninguna oferta seria y, adem\u00e1s, incumple la conciliaci\u00f3n obligatoria que ellos mismos pidieron\u201d, sostuvo Su\u00e1rez. Seg\u00fan el delegado, se registraron\u00a0traslados y cambios de horarios en el \u00e1rea de Salud, lo que afecta principalmente a trabajadoras mujeres que deben compatibilizar sus empleos municipales con otros trabajos para poder llegar a fin de mes. ATE calific\u00f3 estas medidas como una forma de\u00a0violencia institucional y de g\u00e9nero.<\/p>\n<p data-start=\"1011\" data-end=\"1522\"><img loading=\"lazy\" decoding=\"async\" class=\"aligncenter wp-image-50937 \" src=\"https:\/\/atecordoba.org\/wp-content\/uploads\/2025\/10\/salsipuedes-bandera-1024x481.jpg\" alt=\"\" width=\"605\" height=\"284\" srcset=\"https:\/\/atecordoba.org\/wp-content\/uploads\/2025\/10\/salsipuedes-bandera-1024x481.jpg 1024w, https:\/\/atecordoba.org\/wp-content\/uploads\/2025\/10\/salsipuedes-bandera-300x141.jpg 300w, https:\/\/atecordoba.org\/wp-content\/uploads\/2025\/10\/salsipuedes-bandera-768x361.jpg 768w, https:\/\/atecordoba.org\/wp-content\/uploads\/2025\/10\/salsipuedes-bandera-750x352.jpg 750w, https:\/\/atecordoba.org\/wp-content\/uploads\/2025\/10\/salsipuedes-bandera-1140x535.jpg 1140w, https:\/\/atecordoba.org\/wp-content\/uploads\/2025\/10\/salsipuedes-bandera.jpg 1280w\" sizes=\"auto, (max-width: 605px) 100vw, 605px\" \/><\/p>\n<p data-start=\"1524\" data-end=\"1906\">En relaci\u00f3n a los salarios, Su\u00e1rez detall\u00f3 que un contratado municipal cobra actualmente alrededor de\u00a0508 mil pesos por 7 horas diarias, mientras que la diferencia entre categor\u00edas es m\u00ednima y los becarios perciben a\u00fan menos. Adem\u00e1s, cuestion\u00f3 que mientras se postergan las mejoras salariales, el municipio \u201c<em>tiene recursos para obras y eventos, pero no para los trabajadores<\/em>\u201d.<\/p>\n<p data-start=\"1908\" data-end=\"2267\">Por el momento, ATE acata la conciliaci\u00f3n obligatoria vigente hasta el pr\u00f3ximo mi\u00e9rcoles 15, a la espera de que el Ministerio de Trabajo defina el laudo. <strong>\u201c<em>Estamos cumpliendo la ley al pie de la letra, pero el municipio no. La situaci\u00f3n es cada vez m\u00e1s dif\u00edcil y no descartamos medidas una vez que finalice esta etapa<\/em>\u201d<\/strong>, advirti\u00f3 el delegado.<\/p>\n<p data-start=\"2269\" data-end=\"2471\">La falta de di\u00e1logo directo con el intendente David Strasorier y la incertidumbre sobre el fallo ministerial mantienen la tensi\u00f3n en aumento, en un conflicto que lleva ya m\u00e1s de tres meses sin resolverse.<\/p>\n<p data-start=\"1524\" data-end=\"1906\">\n<div id=\"mep_0\" class=\"mejs-container mejs-container-keyboard-inactive wp-audio-shortcode mejs-audio\" role=\"application\" aria-label=\"Reproductor de audio\">\n<div class=\"mejs-inner\">\n<div class=\"mejs-mediaelement\"><\/div>\n<div class=\"mejs-layers\"><\/div>\n<div class=\"mejs-controls\">\n<div class=\"mejs-button mejs-playpause-button mejs-play\"><\/div>\n<\/div>\n<\/div>\n<\/div>\n","protected":false},"excerpt":{"rendered":"<p>(fuente: nexofm.com.ar) En la localidad de\u00a0Salsipuedes, el conflicto entre trabajadores municipales y el Ejecutivo local contin\u00faa sin soluci\u00f3n. Desde el sindicato\u00a0ATE\u00a0denuncian que el municipio, encabezado por el intendente David Strasorier,\u00a0incumple la conciliaci\u00f3n obligatoria\u00a0dictada por el Ministerio de Trabajo de la Provincia y sostienen que las audiencias realizadas desde julio no han arrojado avances. Vladimir Su\u00e1rez, [&hellip;]<\/p>\n","protected":false},"author":7,"featured_media":50936,"comment_status":"open","ping_status":"open","sticky":false,"template":"","format":"standard","meta":{"_exactmetrics_skip_tracking":false,"_exactmetrics_sitenote_active":false,"_exactmetrics_sitenote_note":"","_exactmetrics_sitenote_category":0,"jnews-multi-image_gallery":[],"jnews_single_post":[],"jnews_primary_category":[],"jnews_social_meta":[],"jnews_review":[],"enable_review":"","type":"","name":"","summary":"","brand":"","sku":"","good":[],"bad":[],"score_override":"","override_value":"","rating":[],"price":[],"jnews_override_counter":[],"jnews_post_split":[],"footnotes":""},"categories":[20],"tags":[],"class_list":["post-50935","post","type-post","status-publish","format-standard","has-post-thumbnail","hentry","category-municipales"],"jetpack_featured_media_url":"https:\/\/atecordoba.org\/wp-content\/uploads\/2025\/10\/salsipuedes-31-10-24_3.png","_links":{"self":[{"href":"https:\/\/atecordoba.org\/index.php?rest_route=\/wp\/v2\/posts\/50935","targetHints":{"allow":["GET"]}}],"collection":[{"href":"https:\/\/atecordoba.org\/index.php?rest_route=\/wp\/v2\/posts"}],"about":[{"href":"https:\/\/atecordoba.org\/index.php?rest_route=\/wp\/v2\/types\/post"}],"author":[{"embeddable":true,"href":"https:\/\/atecordoba.org\/index.php?rest_route=\/wp\/v2\/users\/7"}],"replies":[{"embeddable":true,"href":"https:\/\/atecordoba.org\/index.php?rest_route=%2Fwp%2Fv2%2Fcomments&post=50935"}],"version-history":[{"count":1,"href":"https:\/\/atecordoba.org\/index.php?rest_route=\/wp\/v2\/posts\/50935\/revisions"}],"predecessor-version":[{"id":50938,"href":"https:\/\/atecordoba.org\/index.php?rest_route=\/wp\/v2\/posts\/50935\/revisions\/50938"}],"wp:featuredmedia":[{"embeddable":true,"href":"https:\/\/atecordoba.org\/index.php?rest_route=\/wp\/v2\/media\/50936"}],"wp:attachment":[{"href":"https:\/\/atecordoba.org\/index.php?rest_route=%2Fwp%2Fv2%2Fmedia&parent=50935"}],"wp:term":[{"taxonomy":"category","embeddable":true,"href":"https:\/\/atecordoba.org\/index.php?rest_route=%2Fwp%2Fv2%2Fcategories&post=50935"},{"taxonomy":"post_tag","embeddable":true,"href":"https:\/\/atecordoba.org\/index.php?rest_route=%2Fwp%2Fv2%2Ftags&post=50935"}],"curies":[{"name":"wp","href":"https:\/\/api.w.org\/{rel}","templated":true}]}}