{"id":50924,"date":"2025-10-01T12:48:10","date_gmt":"2025-10-01T15:48:10","guid":{"rendered":"https:\/\/atecordoba.org\/?p=50924"},"modified":"2025-10-01T15:32:27","modified_gmt":"2025-10-01T18:32:27","slug":"criminalizacion-de-la-protesta-giuliani-participo-de-un-encuentro-de-dirigentes-sindicales-y-sociales-en-el-congreso-nacional","status":"publish","type":"post","link":"https:\/\/atecordoba.org\/?p=50924","title":{"rendered":"Criminalizaci\u00f3n de la Protesta: Giuliani particip\u00f3 de un encuentro de dirigentes sindicales y sociales en el Congreso Nacional"},"content":{"rendered":"<p><img loading=\"lazy\" decoding=\"async\" class=\"aligncenter wp-image-50925 \" src=\"https:\/\/atecordoba.org\/wp-content\/uploads\/2025\/10\/WhatsApp-Image-2025-10-01-at-12.10.18-3-1024x768.jpeg\" alt=\"\" width=\"611\" height=\"459\" srcset=\"https:\/\/atecordoba.org\/wp-content\/uploads\/2025\/10\/WhatsApp-Image-2025-10-01-at-12.10.18-3-1024x768.jpeg 1024w, https:\/\/atecordoba.org\/wp-content\/uploads\/2025\/10\/WhatsApp-Image-2025-10-01-at-12.10.18-3-300x225.jpeg 300w, https:\/\/atecordoba.org\/wp-content\/uploads\/2025\/10\/WhatsApp-Image-2025-10-01-at-12.10.18-3-768x576.jpeg 768w, https:\/\/atecordoba.org\/wp-content\/uploads\/2025\/10\/WhatsApp-Image-2025-10-01-at-12.10.18-3-750x563.jpeg 750w, https:\/\/atecordoba.org\/wp-content\/uploads\/2025\/10\/WhatsApp-Image-2025-10-01-at-12.10.18-3-1140x855.jpeg 1140w, https:\/\/atecordoba.org\/wp-content\/uploads\/2025\/10\/WhatsApp-Image-2025-10-01-at-12.10.18-3.jpeg 1280w\" sizes=\"auto, (max-width: 611px) 100vw, 611px\" \/>En el marco de la disertaci\u00f3n &#8220;Sociedad, Sindicalismo y Democracia. La represi\u00f3n estatal y criminalizaci\u00f3n de la protesta en Argentina&#8221; convocada por las dos CTA junto a diputados y diputadas de diferentes bloques, el secretario General de ATE C\u00f3rdoba y la CTA Aut\u00f3noma Provincia de C\u00f3rdoba, Federico Giuliani, se refiri\u00f3 ayer 30 de septiembre al avance de la represi\u00f3n a la protesta social en la provincia.<\/p>\n<p>El dirigente detall\u00f3 los aspectos principales de la pol\u00edtica que en C\u00f3rdoba impone el gobierno de Mart\u00edn Llaryora y su ministro de Seguridad Juan pablo Quinteros, de la que fue v\u00edctima junto a otros 14 referentes durante la represi\u00f3n a una movilizaci\u00f3n frente al \u00e1rea social de la Municipalidad de la Capital provincial, donde fue detenido, golpeado y lesionado gravemente en un codo y hoy enfrenta una causa penal. <img loading=\"lazy\" decoding=\"async\" class=\"aligncenter wp-image-50926 \" src=\"https:\/\/atecordoba.org\/wp-content\/uploads\/2025\/10\/WhatsApp-Image-2025-10-01-at-12.10.18-1-1024x685.jpeg\" alt=\"\" width=\"617\" height=\"413\" srcset=\"https:\/\/atecordoba.org\/wp-content\/uploads\/2025\/10\/WhatsApp-Image-2025-10-01-at-12.10.18-1-1024x685.jpeg 1024w, https:\/\/atecordoba.org\/wp-content\/uploads\/2025\/10\/WhatsApp-Image-2025-10-01-at-12.10.18-1-300x201.jpeg 300w, https:\/\/atecordoba.org\/wp-content\/uploads\/2025\/10\/WhatsApp-Image-2025-10-01-at-12.10.18-1-768x514.jpeg 768w, https:\/\/atecordoba.org\/wp-content\/uploads\/2025\/10\/WhatsApp-Image-2025-10-01-at-12.10.18-1-750x502.jpeg 750w, https:\/\/atecordoba.org\/wp-content\/uploads\/2025\/10\/WhatsApp-Image-2025-10-01-at-12.10.18-1-1140x762.jpeg 1140w, https:\/\/atecordoba.org\/wp-content\/uploads\/2025\/10\/WhatsApp-Image-2025-10-01-at-12.10.18-1.jpeg 1280w\" sizes=\"auto, (max-width: 617px) 100vw, 617px\" \/><\/p>\n<p>&#8220;Quiero agradecer por la invitaci\u00f3n y la posibilidad de traer nuestra voz al Congreso de la Naci\u00f3n, la m\u00e1xima instancia deliberativa y legislativa que tiene nuestra Naci\u00f3n y que deber\u00eda ser la caja de resonancia de lo que pasa en la calle, sobre todo en los momentos de avance del fascismo como lo tenemos en la Argentina&#8221;, comenz\u00f3 Giuliani, acompa\u00f1ado en el panel por el secretario General de la CTAA, Hugo Godoy y su par de la CTA de los Trabajadores, Hugo Yaski.<\/p>\n<p>&#8220;Cuando viaj\u00e1bamos para ac\u00e1 pens\u00e1bamos por d\u00f3nde encarar nuestra nuestro aporte, nuestra valoraci\u00f3n en un debate que es muy necesario y que tiene que ver con la criminalizaci\u00f3n de la protesta, pero tambi\u00e9n la judicializaci\u00f3n de los luchadores que debilitan a\u00fan m\u00e1s esta raqu\u00edtica democracia que tenemos, que ya es de baja intensidad, que es neocolonial, que restringe la participaci\u00f3n popular y que claramente estos mecanismos de que cuando avanza el ajuste crece el palo, la represi\u00f3n y la c\u00e1rcel, \u00bfQu\u00e9 vamos a hacer nosotros?&#8221;, se pregunt\u00f3 Giuliani.<\/p>\n<div id='gallery_1' class='gallery galleryid-50924 gallery-columns-3 gallery-size-thumbnail'><figure class='gallery-item'>\n                <div class='gallery-icon portrait'>\n                    <a href='https:\/\/atecordoba.org\/wp-content\/uploads\/2025\/10\/WhatsApp-Image-2025-10-01-at-12.10.21.jpeg'><img loading=\"lazy\" decoding=\"async\" width=\"150\" height=\"150\" src=\"\" class=\"attachment-thumbnail size-thumbnail lazyload\" alt=\"\" data-src=\"https:\/\/atecordoba.org\/wp-content\/uploads\/2025\/10\/WhatsApp-Image-2025-10-01-at-12.10.21-150x150.jpeg\" data-sizes=\"auto\" data-srcset=\"https:\/\/atecordoba.org\/wp-content\/uploads\/2025\/10\/WhatsApp-Image-2025-10-01-at-12.10.21-150x150.jpeg 150w, https:\/\/atecordoba.org\/wp-content\/uploads\/2025\/10\/WhatsApp-Image-2025-10-01-at-12.10.21-560x560.jpeg 560w, https:\/\/atecordoba.org\/wp-content\/uploads\/2025\/10\/WhatsApp-Image-2025-10-01-at-12.10.21-75x75.jpeg 75w, https:\/\/atecordoba.org\/wp-content\/uploads\/2025\/10\/WhatsApp-Image-2025-10-01-at-12.10.21-350x350.jpeg 350w\" data-expand=\"700\" \/><\/a>\n                <\/div><\/figure><figure class='gallery-item'>\n                <div class='gallery-icon portrait'>\n                    <a href='https:\/\/atecordoba.org\/wp-content\/uploads\/2025\/10\/WhatsApp-Image-2025-10-01-at-12.10.18-2.jpeg'><img loading=\"lazy\" decoding=\"async\" width=\"150\" height=\"150\" src=\"\" class=\"attachment-thumbnail size-thumbnail lazyload\" alt=\"\" data-src=\"https:\/\/atecordoba.org\/wp-content\/uploads\/2025\/10\/WhatsApp-Image-2025-10-01-at-12.10.18-2-150x150.jpeg\" data-sizes=\"auto\" data-srcset=\"https:\/\/atecordoba.org\/wp-content\/uploads\/2025\/10\/WhatsApp-Image-2025-10-01-at-12.10.18-2-150x150.jpeg 150w, https:\/\/atecordoba.org\/wp-content\/uploads\/2025\/10\/WhatsApp-Image-2025-10-01-at-12.10.18-2-560x560.jpeg 560w, https:\/\/atecordoba.org\/wp-content\/uploads\/2025\/10\/WhatsApp-Image-2025-10-01-at-12.10.18-2-75x75.jpeg 75w, https:\/\/atecordoba.org\/wp-content\/uploads\/2025\/10\/WhatsApp-Image-2025-10-01-at-12.10.18-2-350x350.jpeg 350w\" data-expand=\"700\" \/><\/a>\n                <\/div><\/figure><figure class='gallery-item'>\n                <div class='gallery-icon portrait'>\n                    <a href='https:\/\/atecordoba.org\/wp-content\/uploads\/2025\/10\/WhatsApp-Image-2025-10-01-at-12.10.22.jpeg'><img loading=\"lazy\" decoding=\"async\" width=\"150\" height=\"150\" src=\"\" class=\"attachment-thumbnail size-thumbnail lazyload\" alt=\"\" data-src=\"https:\/\/atecordoba.org\/wp-content\/uploads\/2025\/10\/WhatsApp-Image-2025-10-01-at-12.10.22-150x150.jpeg\" data-sizes=\"auto\" data-srcset=\"https:\/\/atecordoba.org\/wp-content\/uploads\/2025\/10\/WhatsApp-Image-2025-10-01-at-12.10.22-150x150.jpeg 150w, https:\/\/atecordoba.org\/wp-content\/uploads\/2025\/10\/WhatsApp-Image-2025-10-01-at-12.10.22-560x560.jpeg 560w, https:\/\/atecordoba.org\/wp-content\/uploads\/2025\/10\/WhatsApp-Image-2025-10-01-at-12.10.22-75x75.jpeg 75w, https:\/\/atecordoba.org\/wp-content\/uploads\/2025\/10\/WhatsApp-Image-2025-10-01-at-12.10.22-350x350.jpeg 350w\" data-expand=\"700\" \/><\/a>\n                <\/div><\/figure><br style=\"clear: both\" \/>\n            <\/div>\n\n<p>Y convoc\u00f3 a la unidad de las organizaciones al se\u00f1alar que &#8220;si resistimos de manera aislada y heroica o si construimos desde el debate las estrategias y los positivo que nos permitan abordar esta situaci\u00f3n en los distintos territorios&#8221;.<\/p>\n<p>Posteriormente, el secretario General de ATE C\u00f3rdoba, junto a la secretaria de Prensa, Julia Giuliani, mantuvieron unas reuni\u00f3n con el Centro de Estudios Legales y Sociales (CELS) para seguir profundizando la estrategia en defensa del derecho a la protesta social y el desarrollo del mapa pol\u00edtico-policial que desarrolla la entidad. En la oportunidad, las y los dirigentes de nuestra organizaci\u00f3n estuvieron con referente del CELS como Mario Santucho, Diego Morales y las\/os compa\u00f1eros B\u00e1rbara, Julia y Lucas.<\/p>\n<div id='gallery_2' class='gallery galleryid-50924 gallery-columns-2 gallery-size-thumbnail'><figure class='gallery-item'>\n                <div class='gallery-icon portrait'>\n                    <a href='https:\/\/atecordoba.org\/wp-content\/uploads\/2025\/10\/WhatsApp-Image-2025-10-01-at-15.22.06-1.jpeg'><img loading=\"lazy\" decoding=\"async\" width=\"150\" height=\"150\" src=\"\" class=\"attachment-thumbnail size-thumbnail lazyload\" alt=\"\" data-src=\"https:\/\/atecordoba.org\/wp-content\/uploads\/2025\/10\/WhatsApp-Image-2025-10-01-at-15.22.06-1-150x150.jpeg\" data-sizes=\"auto\" data-srcset=\"https:\/\/atecordoba.org\/wp-content\/uploads\/2025\/10\/WhatsApp-Image-2025-10-01-at-15.22.06-1-150x150.jpeg 150w, https:\/\/atecordoba.org\/wp-content\/uploads\/2025\/10\/WhatsApp-Image-2025-10-01-at-15.22.06-1-560x560.jpeg 560w, https:\/\/atecordoba.org\/wp-content\/uploads\/2025\/10\/WhatsApp-Image-2025-10-01-at-15.22.06-1-75x75.jpeg 75w, https:\/\/atecordoba.org\/wp-content\/uploads\/2025\/10\/WhatsApp-Image-2025-10-01-at-15.22.06-1-350x350.jpeg 350w\" data-expand=\"700\" \/><\/a>\n                <\/div><\/figure><figure class='gallery-item'>\n                <div class='gallery-icon landscape'>\n                    <a href='https:\/\/atecordoba.org\/wp-content\/uploads\/2025\/10\/WhatsApp-Image-2025-10-01-at-15.22.06.jpeg'><img loading=\"lazy\" decoding=\"async\" width=\"150\" height=\"150\" src=\"\" class=\"attachment-thumbnail size-thumbnail lazyload\" alt=\"\" data-src=\"https:\/\/atecordoba.org\/wp-content\/uploads\/2025\/10\/WhatsApp-Image-2025-10-01-at-15.22.06-150x150.jpeg\" data-sizes=\"auto\" data-srcset=\"https:\/\/atecordoba.org\/wp-content\/uploads\/2025\/10\/WhatsApp-Image-2025-10-01-at-15.22.06-150x150.jpeg 150w, https:\/\/atecordoba.org\/wp-content\/uploads\/2025\/10\/WhatsApp-Image-2025-10-01-at-15.22.06-560x560.jpeg 560w, https:\/\/atecordoba.org\/wp-content\/uploads\/2025\/10\/WhatsApp-Image-2025-10-01-at-15.22.06-75x75.jpeg 75w, https:\/\/atecordoba.org\/wp-content\/uploads\/2025\/10\/WhatsApp-Image-2025-10-01-at-15.22.06-350x350.jpeg 350w\" data-expand=\"700\" \/><\/a>\n                <\/div><\/figure><br style=\"clear: both\" \/>\n            <\/div>\n\n<p><strong>Dirigentes nacionales<\/strong><\/p>\n<p>Durante la apertura del encuentro en el Congreso Nacional, Godoy remarc\u00f3: \u201cA medida que se profundiza el car\u00e1cter brutal y autoritario de este gobierno, se evidencian dos aspectos alarmantes: por un lado, una creciente subordinaci\u00f3n a los intereses del gobierno de los Estados Unidos, con el objetivo de avanzar en la instalaci\u00f3n de una base militar en nuestro territorio, y por otro, una estrategia represiva cada vez m\u00e1s violenta, dirigida a sembrar el miedo y desmovilizar a quienes luchan por sus derechos\u201d.<img loading=\"lazy\" decoding=\"async\" class=\"aligncenter wp-image-50930 \" src=\"https:\/\/atecordoba.org\/wp-content\/uploads\/2025\/10\/WhatsApp-Image-2025-10-01-at-12.10.18-1024x685.jpeg\" alt=\"\" width=\"617\" height=\"413\" srcset=\"https:\/\/atecordoba.org\/wp-content\/uploads\/2025\/10\/WhatsApp-Image-2025-10-01-at-12.10.18-1024x685.jpeg 1024w, https:\/\/atecordoba.org\/wp-content\/uploads\/2025\/10\/WhatsApp-Image-2025-10-01-at-12.10.18-300x201.jpeg 300w, https:\/\/atecordoba.org\/wp-content\/uploads\/2025\/10\/WhatsApp-Image-2025-10-01-at-12.10.18-768x514.jpeg 768w, https:\/\/atecordoba.org\/wp-content\/uploads\/2025\/10\/WhatsApp-Image-2025-10-01-at-12.10.18-750x502.jpeg 750w, https:\/\/atecordoba.org\/wp-content\/uploads\/2025\/10\/WhatsApp-Image-2025-10-01-at-12.10.18-1140x762.jpeg 1140w, https:\/\/atecordoba.org\/wp-content\/uploads\/2025\/10\/WhatsApp-Image-2025-10-01-at-12.10.18.jpeg 1280w\" sizes=\"auto, (max-width: 617px) 100vw, 617px\" \/><\/p>\n<p>\u201cEsta pol\u00edtica represiva no se limita al \u00e1mbito nacional. Se replica en distintas provincias a trav\u00e9s de la llamada \u201cley anti mafias\u201d, que, lejos de combatir el crimen organizado, busca criminalizar a las organizaciones populares\u201d, dijo Godoy y afirm\u00f3: \u201cA esto se suma la creaci\u00f3n de nuevas estructuras represivas destinadas a proteger los intereses del modelo extractivista, facilitando el saqueo de nuestros bienes comunes y reprimiendo a las comunidades que resisten su avance\u201d.<\/p>\n<p>Por su parte, Yasky, quien tambi\u00e9n es Diputado Nacional, explic\u00f3 que esta reuni\u00f3n deb\u00eda ser convocada por la Comisi\u00f3n de DDHH: \u201cpero, pese a los pedidos de diputados, no se ha podido lograr que se discuta la denuncia de la represi\u00f3n en esta etapa\u201d.<\/p>\n<p>En este sentido, afirm\u00f3: \u201cEsta actividad tiene como objetivo construir conciencia en la sociedad en torno a un debate que se quiso naturalizar, que parec\u00eda que ten\u00eda alg\u00fan apoyo de la gente, pero hoy es ampliamente repudiada la pol\u00edtica represiva de Milei\u201d.<img loading=\"lazy\" decoding=\"async\" class=\"aligncenter wp-image-50931 \" src=\"https:\/\/atecordoba.org\/wp-content\/uploads\/2025\/10\/5109883486281075494-1024x685.jpg\" alt=\"\" width=\"611\" height=\"409\" \/><\/p>\n<p>Jimena Frankel, Coordinadora del Monitor de Respuestas Represivas del Instituto de Estudios y Formaci\u00f3n (IEF) de la CTA Aut\u00f3noma, present\u00f3 un informe sobre las represiones durante el gobierno de Javier Milei. \u201cEn 20 meses de gobierno de Milei, se dan cuenta de al menos 88 represiones con 2534 personas heridas\u201d.<\/p>\n<p>Entre las v\u00edctimas, se destaca el asesinato de Fernando G\u00f3mez en la provincia de Salta, la gravedad de las heridas sufridas por Pablo Grillo, y cuatro personas que perdieron la visi\u00f3n de uno de sus ojos. Tambi\u00e9n se contabilizan 96 allanamientos y desalojos en comunidades de pueblos originarios y movimientos sociales. Otro dato relevante es la detenci\u00f3n de 461 personas por participar en manifestaciones o por formar parte de organizaciones populares, as\u00ed como la apertura de 236 causas penales bajo la misma l\u00f3gica represiva. \u201cLas fuerzas de seguridad incumplen normativas internacionales de manejo de los instrumentos de represi\u00f3n que terminan en situaciones de gravedad\u201d, explic\u00f3 Frankel.<\/p>\n<div id=\"gallery-1\" class=\"gallery galleryid-44098 gallery-columns-3 gallery-size-full\">\n<figure class=\"gallery-item\">\n<div class=\"gallery-icon landscape\"><\/div>\n<\/figure>\n<figure class=\"gallery-item\">\n<div class=\"gallery-icon landscape\"><\/div>\n<\/figure>\n<figure class=\"gallery-item\">\n<div class=\"gallery-icon landscape\"><\/div>\n<\/figure>\n<\/div>\n<p>&nbsp;<\/p>\n","protected":false},"excerpt":{"rendered":"<p>En el marco de la disertaci\u00f3n &#8220;Sociedad, Sindicalismo y Democracia. La represi\u00f3n estatal y criminalizaci\u00f3n de la protesta en Argentina&#8221; convocada por las dos CTA junto a diputados y diputadas de diferentes bloques, el secretario General de ATE C\u00f3rdoba y la CTA Aut\u00f3noma Provincia de C\u00f3rdoba, Federico Giuliani, se refiri\u00f3 ayer 30 de septiembre al [&hellip;]<\/p>\n","protected":false},"author":7,"featured_media":50931,"comment_status":"open","ping_status":"open","sticky":false,"template":"","format":"standard","meta":{"_exactmetrics_skip_tracking":false,"_exactmetrics_sitenote_active":false,"_exactmetrics_sitenote_note":"","_exactmetrics_sitenote_category":0,"jnews-multi-image_gallery":[],"jnews_single_post":{"format":"standard","override":[{"template":"1","parallax":"1","fullscreen":"1","layout":"no-sidebar-narrow","sidebar":"default-sidebar","second_sidebar":"default-sidebar","sticky_sidebar":"1","share_position":"bottom","share_float_style":"share-monocrhome","show_share_counter":"1","show_view_counter":"1","show_post_meta":"1","show_post_author_image":"1","show_post_date":"1","post_date_format":"default","post_date_format_custom":"Y\/m\/d","show_post_category":"1","show_post_reading_time":"0","post_reading_time_wpm":"300","post_calculate_word_method":"str_word_count","show_zoom_button":"0","zoom_button_out_step":"2","zoom_button_in_step":"3","show_post_tag":"1","number_popup_post":"1","show_post_related":"1","show_inline_post_related":"0"}],"image_override":[{"single_post_thumbnail_size":"crop-500","single_post_gallery_size":"crop-500"}],"trending_post_position":"meta","trending_post_label":"Trending","sponsored_post_label":"Sponsored by","disable_ad":"0"},"jnews_primary_category":[],"jnews_social_meta":[],"jnews_review":[],"enable_review":"","type":"percentage","name":"","summary":"","brand":"","sku":"","good":[],"bad":[],"score_override":"","override_value":"","rating":[],"price":[],"jnews_override_counter":{"view_counter_number":"0","share_counter_number":"0","like_counter_number":"0","dislike_counter_number":"0"},"jnews_post_split":{"post_split":[{"template":"1","tag":"h2","numbering":"asc","mode":"normal","first":"0","enable_toc":"0","toc_type":"normal"}]},"footnotes":""},"categories":[10],"tags":[],"class_list":["post-50924","post","type-post","status-publish","format-standard","has-post-thumbnail","hentry","category-accion-politica"],"jetpack_featured_media_url":"https:\/\/atecordoba.org\/wp-content\/uploads\/2025\/10\/5109883486281075494-e1759333683906.jpg","_links":{"self":[{"href":"https:\/\/atecordoba.org\/index.php?rest_route=\/wp\/v2\/posts\/50924","targetHints":{"allow":["GET"]}}],"collection":[{"href":"https:\/\/atecordoba.org\/index.php?rest_route=\/wp\/v2\/posts"}],"about":[{"href":"https:\/\/atecordoba.org\/index.php?rest_route=\/wp\/v2\/types\/post"}],"author":[{"embeddable":true,"href":"https:\/\/atecordoba.org\/index.php?rest_route=\/wp\/v2\/users\/7"}],"replies":[{"embeddable":true,"href":"https:\/\/atecordoba.org\/index.php?rest_route=%2Fwp%2Fv2%2Fcomments&post=50924"}],"version-history":[{"count":6,"href":"https:\/\/atecordoba.org\/index.php?rest_route=\/wp\/v2\/posts\/50924\/revisions"}],"predecessor-version":[{"id":50957,"href":"https:\/\/atecordoba.org\/index.php?rest_route=\/wp\/v2\/posts\/50924\/revisions\/50957"}],"wp:featuredmedia":[{"embeddable":true,"href":"https:\/\/atecordoba.org\/index.php?rest_route=\/wp\/v2\/media\/50931"}],"wp:attachment":[{"href":"https:\/\/atecordoba.org\/index.php?rest_route=%2Fwp%2Fv2%2Fmedia&parent=50924"}],"wp:term":[{"taxonomy":"category","embeddable":true,"href":"https:\/\/atecordoba.org\/index.php?rest_route=%2Fwp%2Fv2%2Fcategories&post=50924"},{"taxonomy":"post_tag","embeddable":true,"href":"https:\/\/atecordoba.org\/index.php?rest_route=%2Fwp%2Fv2%2Ftags&post=50924"}],"curies":[{"name":"wp","href":"https:\/\/api.w.org\/{rel}","templated":true}]}}