{"id":50917,"date":"2025-10-01T09:40:51","date_gmt":"2025-10-01T12:40:51","guid":{"rendered":"https:\/\/atecordoba.org\/?p=50917"},"modified":"2025-10-01T09:41:05","modified_gmt":"2025-10-01T12:41:05","slug":"ate-en-alerta-por-la-suspension-de-la-atencion-a-afiliados-de-la-obra-social-militar","status":"publish","type":"post","link":"https:\/\/atecordoba.org\/?p=50917","title":{"rendered":"ATE en alerta por la suspensi\u00f3n de la atenci\u00f3n a afiliados de la obra social militar"},"content":{"rendered":"<p><em>El Sindicato advirti\u00f3 que se cortaron las prestaciones y el conflicto ya afecta a miles de usuarios en diversos puntos del pa\u00eds. Se realizaron nuevas asambleas en diversos puntos del pa\u00eds.<\/em><\/p>\n<section class=\"elementor-section elementor-inner-section elementor-element elementor-element-ddb0370 elementor-section-boxed elementor-section-height-default elementor-section-height-default\" data-id=\"ddb0370\" data-element_type=\"section\">\n<div class=\"elementor-container elementor-column-gap-default\">\n<div class=\"elementor-column elementor-col-100 elementor-inner-column elementor-element elementor-element-c7b16d1\" data-id=\"c7b16d1\" data-element_type=\"column\">\n<div class=\"elementor-widget-wrap elementor-element-populated\">\n<div class=\"elementor-element elementor-element-b4355ce elementor-widget elementor-widget-theme-post-featured-image elementor-widget-image\" data-id=\"b4355ce\" data-element_type=\"widget\" data-widget_type=\"theme-post-featured-image.default\">\n<div class=\"elementor-widget-container\"><img loading=\"lazy\" decoding=\"async\" class=\"aligncenter wp-image-50918 \" src=\"https:\/\/atecordoba.org\/wp-content\/uploads\/2025\/10\/IOSFA-4-1024x682.jpg\" alt=\"\" width=\"617\" height=\"411\" \/><\/div>\n<\/div>\n<\/div>\n<\/div>\n<\/div>\n<\/section>\n<div class=\"elementor-element elementor-element-4aa6d48 elementor-widget elementor-widget-theme-post-content\" data-id=\"4aa6d48\" data-element_type=\"widget\" data-widget_type=\"theme-post-content.default\">\n<div class=\"elementor-widget-container\">\n<p>La Asociaci\u00f3n Trabajadores del Estado denunci\u00f3 el cese de la prestaci\u00f3n de los servicios de Salud para las y los afiliados del Instituto de Obra Social de las Fuerzas Armadas y de Seguridad (IOSFA), quienes quedaron sin cobertura m\u00e9dica. Esto afecta a las fuerzas federales y sus familias quienes deber\u00e1n afrontar los costos de internaci\u00f3n, consultas y tratamientos de su propio bolsillo.<\/p>\n<p>Rub\u00e9n L\u00f3pez, Secretario General de la Junta Interna de ATE IOSFA, expres\u00f3: \u201cCon respecto a lo que sucede con la obra social, la deuda acumulada que dej\u00f3 esta gesti\u00f3n a cargo de Luis Petri desde que asumieron, en diciembre de 2023 a la fecha, son 238 mil millones de pesos, lo que ha generado un fuerte deterioro del servicio para quienes est\u00e1n en actividad o retirados\u201d.<img loading=\"lazy\" decoding=\"async\" class=\"aligncenter wp-image-50919 \" src=\"https:\/\/atecordoba.org\/wp-content\/uploads\/2025\/10\/IOSFA-5-1024x682-1.jpg\" alt=\"\" width=\"630\" height=\"420\" srcset=\"https:\/\/atecordoba.org\/wp-content\/uploads\/2025\/10\/IOSFA-5-1024x682-1.jpg 1024w, https:\/\/atecordoba.org\/wp-content\/uploads\/2025\/10\/IOSFA-5-1024x682-1-300x200.jpg 300w, https:\/\/atecordoba.org\/wp-content\/uploads\/2025\/10\/IOSFA-5-1024x682-1-768x512.jpg 768w, https:\/\/atecordoba.org\/wp-content\/uploads\/2025\/10\/IOSFA-5-1024x682-1-750x500.jpg 750w\" sizes=\"auto, (max-width: 630px) 100vw, 630px\" \/><\/p>\n<p>El corte del servicio responde a la deuda millonaria que IOSFA mantiene con los prestadores de salud, en el marco de una crisis financiera de gran magnitud. Ante este escenario, el Sindicato advirti\u00f3 que las y los trabajadores de la obra social \u2013quienes tambi\u00e9n son usuarios del sistema\u2013 realizar\u00e1n asambleas y acciones de movilizaci\u00f3n para exigir una soluci\u00f3n urgente en diversos puntos del pa\u00eds.<\/p>\n<p>La situaci\u00f3n viene siendo denunciada por ATE y el cuerpo de delegadas y delegados en todas las jurisdicciones, quienes exigen la defensa del derecho a la salud para las y los trabajadores.<\/p>\n<p>Es importante destacar, por otra parte, que ATE logr\u00f3 una mejora de las condiciones laborales para miles de trabajadoras trabajadores en el Instituto de Obra Social de las Fuerzas Armadas y de Seguridad. En ese sentido, L\u00f3pez agreg\u00f3: \u201cGracias a la lucha que ATE llev\u00f3 adelante a lo largo del 2023, 2024 y 2025 se logr\u00f3 la jerarquizaci\u00f3n de 1.599 compa\u00f1eras y compa\u00f1eros en el IOSFA a nivel nacional, quienes van a cobrar esta mejora el pr\u00f3ximo mi\u00e9rcoles\u201d.<\/p>\n<p><strong>Buenos Aires repudi\u00f3 la interrupci\u00f3n de los servicios de salud\u00a0<\/strong><\/p>\n<p>La interrupci\u00f3n de los servicios m\u00e9dicos, farmac\u00e9uticos y hospitalarios tambi\u00e9n fue repudiada en las localidades de Punta Alta,\u00a0 Bah\u00eda Blanca, Tandil, Mar del Plata y en gran parte de la provincia de Buenos Aires. La situaci\u00f3n constituye una vulneraci\u00f3n directa al derecho a la salud, consagrado en la Constituci\u00f3n Nacional y en los tratados internacionales de derechos humanos.<img loading=\"lazy\" decoding=\"async\" class=\"aligncenter wp-image-50920 \" src=\"https:\/\/atecordoba.org\/wp-content\/uploads\/2025\/10\/rosario-1-1024x576-1.jpeg\" alt=\"\" width=\"617\" height=\"347\" srcset=\"https:\/\/atecordoba.org\/wp-content\/uploads\/2025\/10\/rosario-1-1024x576-1.jpeg 1024w, https:\/\/atecordoba.org\/wp-content\/uploads\/2025\/10\/rosario-1-1024x576-1-300x169.jpeg 300w, https:\/\/atecordoba.org\/wp-content\/uploads\/2025\/10\/rosario-1-1024x576-1-768x432.jpeg 768w, https:\/\/atecordoba.org\/wp-content\/uploads\/2025\/10\/rosario-1-1024x576-1-750x422.jpeg 750w\" sizes=\"auto, (max-width: 617px) 100vw, 617px\" \/><\/p>\n<p>El Sindicato demand\u00f3 una respuesta de parte de las autoridades del IOSFA y desde el organismo se respondi\u00f3 que est\u00e1n llevando adelante gestiones para regularizar las prestaciones suspendidas, admitiendo as\u00ed la veracidad de lo denunciado por ATE.<\/p>\n<p><strong>La situaci\u00f3n en Rosario<\/strong><\/p>\n<p>La Seccional Rosario denunci\u00f3 la suspensi\u00f3n de atenci\u00f3n en cl\u00ednicas y sanatorios que afecta a m\u00e1s de 20 mil usuarios en la segunda circunscripci\u00f3n de Santa Fe quienes perdieron las prestaciones que brinda la Asociaci\u00f3n de Cl\u00ednicas, sanatorios y hospitales privados de Rosario. Por eso, inform\u00f3 una nueva asamblea para este lunes 29 de septiembre desde las 12 horas, con cese de actividades, en la sede local de IOSFA, ubicada en Espa\u00f1a 1540. Finalmente, la Seccional present\u00f3 una carta a la Presidenta de la Obra Social, Betina Betsabe Surballe, donde remarc\u00f3 que es \u201cfundamental que se detenga el derrumbe econ\u00f3mico y se dispongan soluciones concretas para sanear las finanzas de la Obra Social\u201d.<\/p>\n<div class=\"wp-block-image\"><\/div>\n<p>&nbsp;<\/p>\n<\/div>\n<\/div>\n","protected":false},"excerpt":{"rendered":"<p>El Sindicato advirti\u00f3 que se cortaron las prestaciones y el conflicto ya afecta a miles de usuarios en diversos puntos del pa\u00eds. Se realizaron nuevas asambleas en diversos puntos del pa\u00eds. La Asociaci\u00f3n Trabajadores del Estado denunci\u00f3 el cese de la prestaci\u00f3n de los servicios de Salud para las y los afiliados del Instituto de [&hellip;]<\/p>\n","protected":false},"author":7,"featured_media":50918,"comment_status":"open","ping_status":"open","sticky":false,"template":"","format":"standard","meta":{"_exactmetrics_skip_tracking":false,"_exactmetrics_sitenote_active":false,"_exactmetrics_sitenote_note":"","_exactmetrics_sitenote_category":0,"jnews-multi-image_gallery":[],"jnews_single_post":{"format":"standard","override":[{"template":"1","parallax":"1","fullscreen":"1","layout":"no-sidebar-narrow","sidebar":"default-sidebar","second_sidebar":"default-sidebar","sticky_sidebar":"1","share_position":"bottom","share_float_style":"share-monocrhome","show_share_counter":"1","show_view_counter":"1","show_post_meta":"1","show_post_author_image":"1","show_post_date":"1","post_date_format":"default","post_date_format_custom":"Y\/m\/d","show_post_category":"1","show_post_reading_time":"0","post_reading_time_wpm":"300","post_calculate_word_method":"str_word_count","show_zoom_button":"0","zoom_button_out_step":"2","zoom_button_in_step":"3","show_post_tag":"1","number_popup_post":"1","show_post_related":"1","show_inline_post_related":"0"}],"image_override":[{"single_post_thumbnail_size":"crop-500","single_post_gallery_size":"crop-500"}],"trending_post_position":"meta","trending_post_label":"Trending","sponsored_post_label":"Sponsored by","disable_ad":"0"},"jnews_primary_category":[],"jnews_social_meta":[],"jnews_review":[],"enable_review":"","type":"percentage","name":"","summary":"","brand":"","sku":"","good":[],"bad":[],"score_override":"","override_value":"","rating":[],"price":[],"jnews_override_counter":{"view_counter_number":"0","share_counter_number":"0","like_counter_number":"0","dislike_counter_number":"0"},"jnews_post_split":{"post_split":[{"template":"1","tag":"h2","numbering":"asc","mode":"normal","first":"0","enable_toc":"0","toc_type":"normal"}]},"footnotes":""},"categories":[18],"tags":[452],"class_list":["post-50917","post","type-post","status-publish","format-standard","has-post-thumbnail","hentry","category-nacionales","tag-iosfa"],"jetpack_featured_media_url":"https:\/\/atecordoba.org\/wp-content\/uploads\/2025\/10\/IOSFA-4-e1759322422137.jpg","_links":{"self":[{"href":"https:\/\/atecordoba.org\/index.php?rest_route=\/wp\/v2\/posts\/50917","targetHints":{"allow":["GET"]}}],"collection":[{"href":"https:\/\/atecordoba.org\/index.php?rest_route=\/wp\/v2\/posts"}],"about":[{"href":"https:\/\/atecordoba.org\/index.php?rest_route=\/wp\/v2\/types\/post"}],"author":[{"embeddable":true,"href":"https:\/\/atecordoba.org\/index.php?rest_route=\/wp\/v2\/users\/7"}],"replies":[{"embeddable":true,"href":"https:\/\/atecordoba.org\/index.php?rest_route=%2Fwp%2Fv2%2Fcomments&post=50917"}],"version-history":[{"count":2,"href":"https:\/\/atecordoba.org\/index.php?rest_route=\/wp\/v2\/posts\/50917\/revisions"}],"predecessor-version":[{"id":50922,"href":"https:\/\/atecordoba.org\/index.php?rest_route=\/wp\/v2\/posts\/50917\/revisions\/50922"}],"wp:featuredmedia":[{"embeddable":true,"href":"https:\/\/atecordoba.org\/index.php?rest_route=\/wp\/v2\/media\/50918"}],"wp:attachment":[{"href":"https:\/\/atecordoba.org\/index.php?rest_route=%2Fwp%2Fv2%2Fmedia&parent=50917"}],"wp:term":[{"taxonomy":"category","embeddable":true,"href":"https:\/\/atecordoba.org\/index.php?rest_route=%2Fwp%2Fv2%2Fcategories&post=50917"},{"taxonomy":"post_tag","embeddable":true,"href":"https:\/\/atecordoba.org\/index.php?rest_route=%2Fwp%2Fv2%2Ftags&post=50917"}],"curies":[{"name":"wp","href":"https:\/\/api.w.org\/{rel}","templated":true}]}}