{"id":50896,"date":"2025-09-29T14:31:49","date_gmt":"2025-09-29T17:31:49","guid":{"rendered":"https:\/\/atecordoba.org\/?p=50896"},"modified":"2025-09-29T14:31:49","modified_gmt":"2025-09-29T17:31:49","slug":"bell-ville-taller-de-capacitacion-para-municipales-con-presencia-del-cdn","status":"publish","type":"post","link":"https:\/\/atecordoba.org\/?p=50896","title":{"rendered":"Bell Ville: taller de capacitaci\u00f3n para municipales con presencia del CDN"},"content":{"rendered":"<p><img loading=\"lazy\" decoding=\"async\" class=\"aligncenter wp-image-50897 \" src=\"https:\/\/atecordoba.org\/wp-content\/uploads\/2025\/09\/WhatsApp-Image-2025-09-29-at-08.23.54-1024x494.jpeg\" alt=\"\" width=\"634\" height=\"306\" srcset=\"https:\/\/atecordoba.org\/wp-content\/uploads\/2025\/09\/WhatsApp-Image-2025-09-29-at-08.23.54-1024x494.jpeg 1024w, https:\/\/atecordoba.org\/wp-content\/uploads\/2025\/09\/WhatsApp-Image-2025-09-29-at-08.23.54-300x145.jpeg 300w, https:\/\/atecordoba.org\/wp-content\/uploads\/2025\/09\/WhatsApp-Image-2025-09-29-at-08.23.54-768x370.jpeg 768w, https:\/\/atecordoba.org\/wp-content\/uploads\/2025\/09\/WhatsApp-Image-2025-09-29-at-08.23.54-750x362.jpeg 750w, https:\/\/atecordoba.org\/wp-content\/uploads\/2025\/09\/WhatsApp-Image-2025-09-29-at-08.23.54-1140x550.jpeg 1140w, https:\/\/atecordoba.org\/wp-content\/uploads\/2025\/09\/WhatsApp-Image-2025-09-29-at-08.23.54.jpeg 1280w\" sizes=\"auto, (max-width: 634px) 100vw, 634px\" \/>Con importante participaci\u00f3n de afiliados y afiliadas, el pasado d\u00eda jueves 25 de septiembre se llev\u00f3 adelante una Jornada de Formaci\u00f3n para trabajadores y trabajadoras municipales en la localidad de Bell Ville.<\/p>\n<p><img loading=\"lazy\" decoding=\"async\" class=\"aligncenter wp-image-50898 \" src=\"https:\/\/atecordoba.org\/wp-content\/uploads\/2025\/09\/WhatsApp-Image-2025-09-29-at-08.23.54-1-1024x768.jpeg\" alt=\"\" width=\"647\" height=\"485\" srcset=\"https:\/\/atecordoba.org\/wp-content\/uploads\/2025\/09\/WhatsApp-Image-2025-09-29-at-08.23.54-1-1024x768.jpeg 1024w, https:\/\/atecordoba.org\/wp-content\/uploads\/2025\/09\/WhatsApp-Image-2025-09-29-at-08.23.54-1-300x225.jpeg 300w, https:\/\/atecordoba.org\/wp-content\/uploads\/2025\/09\/WhatsApp-Image-2025-09-29-at-08.23.54-1-768x576.jpeg 768w, https:\/\/atecordoba.org\/wp-content\/uploads\/2025\/09\/WhatsApp-Image-2025-09-29-at-08.23.54-1-750x563.jpeg 750w, https:\/\/atecordoba.org\/wp-content\/uploads\/2025\/09\/WhatsApp-Image-2025-09-29-at-08.23.54-1-1140x855.jpeg 1140w, https:\/\/atecordoba.org\/wp-content\/uploads\/2025\/09\/WhatsApp-Image-2025-09-29-at-08.23.54-1.jpeg 1280w\" sizes=\"auto, (max-width: 647px) 100vw, 647px\" \/>La actividad estuvo organizada por la Secretaria de Formaci\u00f3n del CDN de ATE, a cargo de Vanina Rodr\u00edguez, y la Escuela Libertario Ferrari, con Cristian V\u00e1zquez, en articulaci\u00f3n con la seccional de ATE Villa Mar\u00eda y el Consejo Directivo Provincial, representado por\u00a0la secretaria de Prensa, Julia Giuliani, integrante a su vez de la Coordinaci\u00f3n Nacional de Municipales del CDN, el secretario de Organizaci\u00f3n, Javier Bracamonte.<img loading=\"lazy\" decoding=\"async\" class=\"aligncenter wp-image-50899 \" src=\"https:\/\/atecordoba.org\/wp-content\/uploads\/2025\/09\/WhatsApp-Image-2025-09-29-at-08.23.55-1-1024x768.jpeg\" alt=\"\" width=\"629\" height=\"472\" srcset=\"https:\/\/atecordoba.org\/wp-content\/uploads\/2025\/09\/WhatsApp-Image-2025-09-29-at-08.23.55-1-1024x768.jpeg 1024w, https:\/\/atecordoba.org\/wp-content\/uploads\/2025\/09\/WhatsApp-Image-2025-09-29-at-08.23.55-1-300x225.jpeg 300w, https:\/\/atecordoba.org\/wp-content\/uploads\/2025\/09\/WhatsApp-Image-2025-09-29-at-08.23.55-1-768x576.jpeg 768w, https:\/\/atecordoba.org\/wp-content\/uploads\/2025\/09\/WhatsApp-Image-2025-09-29-at-08.23.55-1-1536x1152.jpeg 1536w, https:\/\/atecordoba.org\/wp-content\/uploads\/2025\/09\/WhatsApp-Image-2025-09-29-at-08.23.55-1-750x563.jpeg 750w, https:\/\/atecordoba.org\/wp-content\/uploads\/2025\/09\/WhatsApp-Image-2025-09-29-at-08.23.55-1-1140x855.jpeg 1140w, https:\/\/atecordoba.org\/wp-content\/uploads\/2025\/09\/WhatsApp-Image-2025-09-29-at-08.23.55-1.jpeg 1600w\" sizes=\"auto, (max-width: 629px) 100vw, 629px\" \/><\/p>\n<p>En la oportunidad &#8220;se hizo un diagn\u00f3stico y un pantallazo sobre la situaci\u00f3n en los distintos municipios de la zona y cu\u00e1les son nuestras principales herramientas para organizarnos, para tener en cuenta una planificaci\u00f3n y una estrategia de crecimiento organizativo. Focalizamos el taller en defender derechos y cu\u00e1l es el rol fundamental que cumplen nuestras delegadas y delegados&#8221;, resumi\u00f3 Giuliani.<\/p>\n<p>&nbsp;<\/p>\n<div id='gallery_1' class='gallery galleryid-50896 gallery-columns-3 gallery-size-thumbnail'><figure class='gallery-item'>\n                <div class='gallery-icon landscape'>\n                    <a href='https:\/\/atecordoba.org\/wp-content\/uploads\/2025\/09\/WhatsApp-Image-2025-09-29-at-08.23.55-3.jpeg'><img loading=\"lazy\" decoding=\"async\" width=\"150\" height=\"150\" src=\"\" class=\"attachment-thumbnail size-thumbnail lazyload\" alt=\"\" data-src=\"https:\/\/atecordoba.org\/wp-content\/uploads\/2025\/09\/WhatsApp-Image-2025-09-29-at-08.23.55-3-150x150.jpeg\" data-sizes=\"auto\" data-srcset=\"https:\/\/atecordoba.org\/wp-content\/uploads\/2025\/09\/WhatsApp-Image-2025-09-29-at-08.23.55-3-150x150.jpeg 150w, https:\/\/atecordoba.org\/wp-content\/uploads\/2025\/09\/WhatsApp-Image-2025-09-29-at-08.23.55-3-560x560.jpeg 560w, https:\/\/atecordoba.org\/wp-content\/uploads\/2025\/09\/WhatsApp-Image-2025-09-29-at-08.23.55-3-75x75.jpeg 75w, https:\/\/atecordoba.org\/wp-content\/uploads\/2025\/09\/WhatsApp-Image-2025-09-29-at-08.23.55-3-350x350.jpeg 350w\" data-expand=\"700\" \/><\/a>\n                <\/div><\/figure><figure class='gallery-item'>\n                <div class='gallery-icon landscape'>\n                    <a href='https:\/\/atecordoba.org\/wp-content\/uploads\/2025\/09\/WhatsApp-Image-2025-09-29-at-08.23.55-2.jpeg'><img loading=\"lazy\" decoding=\"async\" width=\"150\" height=\"150\" src=\"\" class=\"attachment-thumbnail size-thumbnail lazyload\" alt=\"\" data-src=\"https:\/\/atecordoba.org\/wp-content\/uploads\/2025\/09\/WhatsApp-Image-2025-09-29-at-08.23.55-2-150x150.jpeg\" data-sizes=\"auto\" data-srcset=\"https:\/\/atecordoba.org\/wp-content\/uploads\/2025\/09\/WhatsApp-Image-2025-09-29-at-08.23.55-2-150x150.jpeg 150w, https:\/\/atecordoba.org\/wp-content\/uploads\/2025\/09\/WhatsApp-Image-2025-09-29-at-08.23.55-2-560x560.jpeg 560w, https:\/\/atecordoba.org\/wp-content\/uploads\/2025\/09\/WhatsApp-Image-2025-09-29-at-08.23.55-2-75x75.jpeg 75w, https:\/\/atecordoba.org\/wp-content\/uploads\/2025\/09\/WhatsApp-Image-2025-09-29-at-08.23.55-2-350x350.jpeg 350w\" data-expand=\"700\" \/><\/a>\n                <\/div><\/figure><figure class='gallery-item'>\n                <div class='gallery-icon landscape'>\n                    <a href='https:\/\/atecordoba.org\/wp-content\/uploads\/2025\/09\/WhatsApp-Image-2025-09-29-at-08.23.55.jpeg'><img loading=\"lazy\" decoding=\"async\" width=\"150\" height=\"150\" src=\"\" class=\"attachment-thumbnail size-thumbnail lazyload\" alt=\"\" data-src=\"https:\/\/atecordoba.org\/wp-content\/uploads\/2025\/09\/WhatsApp-Image-2025-09-29-at-08.23.55-150x150.jpeg\" data-sizes=\"auto\" data-srcset=\"https:\/\/atecordoba.org\/wp-content\/uploads\/2025\/09\/WhatsApp-Image-2025-09-29-at-08.23.55-150x150.jpeg 150w, https:\/\/atecordoba.org\/wp-content\/uploads\/2025\/09\/WhatsApp-Image-2025-09-29-at-08.23.55-560x560.jpeg 560w, https:\/\/atecordoba.org\/wp-content\/uploads\/2025\/09\/WhatsApp-Image-2025-09-29-at-08.23.55-75x75.jpeg 75w, https:\/\/atecordoba.org\/wp-content\/uploads\/2025\/09\/WhatsApp-Image-2025-09-29-at-08.23.55-350x350.jpeg 350w\" data-expand=\"700\" \/><\/a>\n                <\/div><\/figure><br style=\"clear: both\" \/>\n            <\/div>\n\n","protected":false},"excerpt":{"rendered":"<p>Con importante participaci\u00f3n de afiliados y afiliadas, el pasado d\u00eda jueves 25 de septiembre se llev\u00f3 adelante una Jornada de Formaci\u00f3n para trabajadores y trabajadoras municipales en la localidad de Bell Ville. La actividad estuvo organizada por la Secretaria de Formaci\u00f3n del CDN de ATE, a cargo de Vanina Rodr\u00edguez, y la Escuela Libertario Ferrari, [&hellip;]<\/p>\n","protected":false},"author":7,"featured_media":50897,"comment_status":"open","ping_status":"open","sticky":false,"template":"","format":"standard","meta":{"_exactmetrics_skip_tracking":false,"_exactmetrics_sitenote_active":false,"_exactmetrics_sitenote_note":"","_exactmetrics_sitenote_category":0,"jnews-multi-image_gallery":[],"jnews_single_post":[],"jnews_primary_category":[],"jnews_social_meta":[],"jnews_review":[],"enable_review":"","type":"","name":"","summary":"","brand":"","sku":"","good":[],"bad":[],"score_override":"","override_value":"","rating":[],"price":[],"jnews_override_counter":[],"jnews_post_split":[],"footnotes":""},"categories":[88],"tags":[],"class_list":["post-50896","post","type-post","status-publish","format-standard","has-post-thumbnail","hentry","category-formacion"],"jetpack_featured_media_url":"https:\/\/atecordoba.org\/wp-content\/uploads\/2025\/09\/WhatsApp-Image-2025-09-29-at-08.23.54.jpeg","_links":{"self":[{"href":"https:\/\/atecordoba.org\/index.php?rest_route=\/wp\/v2\/posts\/50896","targetHints":{"allow":["GET"]}}],"collection":[{"href":"https:\/\/atecordoba.org\/index.php?rest_route=\/wp\/v2\/posts"}],"about":[{"href":"https:\/\/atecordoba.org\/index.php?rest_route=\/wp\/v2\/types\/post"}],"author":[{"embeddable":true,"href":"https:\/\/atecordoba.org\/index.php?rest_route=\/wp\/v2\/users\/7"}],"replies":[{"embeddable":true,"href":"https:\/\/atecordoba.org\/index.php?rest_route=%2Fwp%2Fv2%2Fcomments&post=50896"}],"version-history":[{"count":1,"href":"https:\/\/atecordoba.org\/index.php?rest_route=\/wp\/v2\/posts\/50896\/revisions"}],"predecessor-version":[{"id":50903,"href":"https:\/\/atecordoba.org\/index.php?rest_route=\/wp\/v2\/posts\/50896\/revisions\/50903"}],"wp:featuredmedia":[{"embeddable":true,"href":"https:\/\/atecordoba.org\/index.php?rest_route=\/wp\/v2\/media\/50897"}],"wp:attachment":[{"href":"https:\/\/atecordoba.org\/index.php?rest_route=%2Fwp%2Fv2%2Fmedia&parent=50896"}],"wp:term":[{"taxonomy":"category","embeddable":true,"href":"https:\/\/atecordoba.org\/index.php?rest_route=%2Fwp%2Fv2%2Fcategories&post=50896"},{"taxonomy":"post_tag","embeddable":true,"href":"https:\/\/atecordoba.org\/index.php?rest_route=%2Fwp%2Fv2%2Ftags&post=50896"}],"curies":[{"name":"wp","href":"https:\/\/api.w.org\/{rel}","templated":true}]}}