{"id":50891,"date":"2025-09-26T13:51:40","date_gmt":"2025-09-26T16:51:40","guid":{"rendered":"https:\/\/atecordoba.org\/?p=50891"},"modified":"2025-09-26T13:51:40","modified_gmt":"2025-09-26T16:51:40","slug":"agua-de-oro-ate-planteo-al-municipio-la-constitucion-de-una-mesa-de-relaciones-laborales","status":"publish","type":"post","link":"https:\/\/atecordoba.org\/?p=50891","title":{"rendered":"Agua de Oro: ATE plante\u00f3 al Municipio la constituci\u00f3n de una Mesa de Relaciones Laborales"},"content":{"rendered":"<p><img loading=\"lazy\" decoding=\"async\" class=\"aligncenter wp-image-50892 \" src=\"https:\/\/atecordoba.org\/wp-content\/uploads\/2025\/09\/WhatsApp-Image-2025-09-26-at-13.01.59-e1758905430921-1024x965.jpeg\" alt=\"\" width=\"616\" height=\"581\" \/>ATE mantuvo hoy una audiencia con el asesor legal de la Municipalidad de Agua de Oro, Ignacio Baselica, para plantear la necesidad de que el Departamento Ejecutivo conforme una Mesa de Relaciones Laborales.<\/p>\n<p>La comitiva estatal fue integrada por la secretaria de prensa de ATE C\u00f3rdoba, Julia Giuliani, su par de Convenios Colectivos de Trabajo, Marcela Ch\u00e1vez, N\u00e9stor Olmos y Nora Rivero, del cuerpo de delegados municipal, y Vladimir Su\u00e1rez, referente municipal de Sierras Chicas. <img loading=\"lazy\" decoding=\"async\" class=\"aligncenter wp-image-50893 \" src=\"https:\/\/atecordoba.org\/wp-content\/uploads\/2025\/09\/WhatsApp-Image-2025-09-26-at-13.02.00-1024x768.jpeg\" alt=\"\" width=\"602\" height=\"452\" srcset=\"https:\/\/atecordoba.org\/wp-content\/uploads\/2025\/09\/WhatsApp-Image-2025-09-26-at-13.02.00-1024x768.jpeg 1024w, https:\/\/atecordoba.org\/wp-content\/uploads\/2025\/09\/WhatsApp-Image-2025-09-26-at-13.02.00-300x225.jpeg 300w, https:\/\/atecordoba.org\/wp-content\/uploads\/2025\/09\/WhatsApp-Image-2025-09-26-at-13.02.00-768x576.jpeg 768w, https:\/\/atecordoba.org\/wp-content\/uploads\/2025\/09\/WhatsApp-Image-2025-09-26-at-13.02.00-1536x1152.jpeg 1536w, https:\/\/atecordoba.org\/wp-content\/uploads\/2025\/09\/WhatsApp-Image-2025-09-26-at-13.02.00-750x563.jpeg 750w, https:\/\/atecordoba.org\/wp-content\/uploads\/2025\/09\/WhatsApp-Image-2025-09-26-at-13.02.00-1140x855.jpeg 1140w, https:\/\/atecordoba.org\/wp-content\/uploads\/2025\/09\/WhatsApp-Image-2025-09-26-at-13.02.00.jpeg 1600w\" sizes=\"auto, (max-width: 602px) 100vw, 602px\" \/><\/p>\n<p>Con la Mesa de Relaciones Laborales se generar\u00e1 una instancia de di\u00e1logo fundamental para canalizar los reclamos gremiales, habida cuenta de que el personal viene muy postergado en cuanto a sus ingresos y condiciones de trabajo.<\/p>\n<p>Baselica qued\u00f3 comprometido a dar una respuesta a la propuesta de nuestro sindicato.<\/p>\n<p>De esta forma, ATE profundiza la organizaci\u00f3n de los y las municipales de las Sierra Chicas.<\/p>\n","protected":false},"excerpt":{"rendered":"<p>ATE mantuvo hoy una audiencia con el asesor legal de la Municipalidad de Agua de Oro, Ignacio Baselica, para plantear la necesidad de que el Departamento Ejecutivo conforme una Mesa de Relaciones Laborales. La comitiva estatal fue integrada por la secretaria de prensa de ATE C\u00f3rdoba, Julia Giuliani, su par de Convenios Colectivos de Trabajo, [&hellip;]<\/p>\n","protected":false},"author":7,"featured_media":50892,"comment_status":"open","ping_status":"open","sticky":false,"template":"","format":"standard","meta":{"_exactmetrics_skip_tracking":false,"_exactmetrics_sitenote_active":false,"_exactmetrics_sitenote_note":"","_exactmetrics_sitenote_category":0,"jnews-multi-image_gallery":[],"jnews_single_post":[],"jnews_primary_category":[],"jnews_social_meta":[],"jnews_review":[],"enable_review":"","type":"","name":"","summary":"","brand":"","sku":"","good":[],"bad":[],"score_override":"","override_value":"","rating":[],"price":[],"jnews_override_counter":[],"jnews_post_split":[],"footnotes":""},"categories":[20],"tags":[],"class_list":["post-50891","post","type-post","status-publish","format-standard","has-post-thumbnail","hentry","category-municipales"],"jetpack_featured_media_url":"https:\/\/atecordoba.org\/wp-content\/uploads\/2025\/09\/WhatsApp-Image-2025-09-26-at-13.01.59-e1758905492110.jpeg","_links":{"self":[{"href":"https:\/\/atecordoba.org\/index.php?rest_route=\/wp\/v2\/posts\/50891","targetHints":{"allow":["GET"]}}],"collection":[{"href":"https:\/\/atecordoba.org\/index.php?rest_route=\/wp\/v2\/posts"}],"about":[{"href":"https:\/\/atecordoba.org\/index.php?rest_route=\/wp\/v2\/types\/post"}],"author":[{"embeddable":true,"href":"https:\/\/atecordoba.org\/index.php?rest_route=\/wp\/v2\/users\/7"}],"replies":[{"embeddable":true,"href":"https:\/\/atecordoba.org\/index.php?rest_route=%2Fwp%2Fv2%2Fcomments&post=50891"}],"version-history":[{"count":1,"href":"https:\/\/atecordoba.org\/index.php?rest_route=\/wp\/v2\/posts\/50891\/revisions"}],"predecessor-version":[{"id":50894,"href":"https:\/\/atecordoba.org\/index.php?rest_route=\/wp\/v2\/posts\/50891\/revisions\/50894"}],"wp:featuredmedia":[{"embeddable":true,"href":"https:\/\/atecordoba.org\/index.php?rest_route=\/wp\/v2\/media\/50892"}],"wp:attachment":[{"href":"https:\/\/atecordoba.org\/index.php?rest_route=%2Fwp%2Fv2%2Fmedia&parent=50891"}],"wp:term":[{"taxonomy":"category","embeddable":true,"href":"https:\/\/atecordoba.org\/index.php?rest_route=%2Fwp%2Fv2%2Fcategories&post=50891"},{"taxonomy":"post_tag","embeddable":true,"href":"https:\/\/atecordoba.org\/index.php?rest_route=%2Fwp%2Fv2%2Ftags&post=50891"}],"curies":[{"name":"wp","href":"https:\/\/api.w.org\/{rel}","templated":true}]}}