{"id":5089,"date":"2015-04-17T17:27:01","date_gmt":"2015-04-17T20:27:01","guid":{"rendered":"http:\/\/www.atecordoba.org\/?p=5089"},"modified":"2015-04-17T17:27:01","modified_gmt":"2015-04-17T20:27:01","slug":"municipales-de-san-agustin-eligieron-delegados-de-ate","status":"publish","type":"post","link":"https:\/\/atecordoba.org\/?p=5089","title":{"rendered":"Municipales de San Agustin eligieron delegados de ATE"},"content":{"rendered":"<p><em>Hoy se realiz\u00f3 el acto eleccionario que consagr\u00f3 a dos delegados de los municipales de la localidad. En esta oportunidad, la elecci\u00f3n se llev\u00f3 a cabo de pleno derecho, ya que la justicia orden\u00f3 al intendente el reconocimiento de nuestro gremio.<\/em><\/p>\n<p><a href=\"http:\/\/www.atecordoba.org\/wp-content\/uploads\/2015\/04\/votando-2-e1429300743316.jpg\"><img loading=\"lazy\" decoding=\"async\" class=\"aligncenter size-full wp-image-5090\" src=\"http:\/\/www.atecordoba.org\/wp-content\/uploads\/2015\/04\/votando-2-e1429300743316.jpg\" alt=\"votando 2\" width=\"550\" height=\"309\" \/><\/a><\/p>\n<p>Desde bien temprano los compa\u00f1eros municipales se acercaron al corral\u00f3n para votar sus delegados. La votaci\u00f3n, adem\u00e1s de constituir un\u00a0acto democr\u00e1tico de los trabajadores, tuvo una fuerte carga emotiva porque se trat\u00f3 de la primera elecci\u00f3n que cont\u00f3 con le reconocimiento de la autoridad municipal, ya que la anterior elecci\u00f3n se hab\u00eda tenido que realizar en la vereda de la intendencia debido a la prohibici\u00f3n del jefe comunal de que ATE ingrese al edificio.<\/p>\n<p><a href=\"http:\/\/www.atecordoba.org\/wp-content\/uploads\/2015\/04\/urnha-2.jpg\"><img loading=\"lazy\" decoding=\"async\" class=\"aligncenter size-full wp-image-5091\" src=\"http:\/\/www.atecordoba.org\/wp-content\/uploads\/2015\/04\/urnha-2.jpg\" alt=\"urnha 2\" width=\"540\" height=\"960\" \/><\/a><\/p>\n<p>Como resultado de la elecci\u00f3n, ser\u00e1n delegados por los pr\u00f3ximos dos a\u00f1os los compa\u00f1eros Roberto Sosa y Victor Tisera. &#8220;A pesar las piedras que nos pusieron en el camino, hoy se demostr\u00f3 una vez mas la legalidad de ATE dentro del municipio.\u00a0A todos los compa\u00f1eros que creyeron en nosotros, muchas gracias. Mantenemos m\u00e1s altas que nunca las bandera que hacen a la identidad de nuestro gremio: unidad , solidaridad y organizaci\u00f3n para seguir creciendo y defendiendo los derechos de los trabajadores municipales&#8221;, afirm\u00f3 Dami\u00e1n Albornoz, delegado de la F\u00e1brica Militar de R\u00edo Tercero, presente con un grupo de compa\u00f1eros de la seccional para dar apoyo a los municipales.<\/p>\n<p><a href=\"http:\/\/www.atecordoba.org\/wp-content\/uploads\/2015\/04\/damian-albornoz-y-cros.jpg\"><img loading=\"lazy\" decoding=\"async\" class=\"aligncenter  wp-image-5092\" src=\"http:\/\/www.atecordoba.org\/wp-content\/uploads\/2015\/04\/damian-albornoz-y-cros.jpg\" alt=\"damian albornoz y cros\" width=\"549\" height=\"309\" \/><\/a><\/p>\n<p>La nota triste de la jornada fue el lamentable fallecimiento del compa\u00f1ero\u00a0Julio Mar\u00edn, primer delegado normalizador del sindicato en la municipalidad. Desde el Consejo Directivo Provincial enviamos nuestros respetos a su familia y compa\u00f1eros.<\/p>\n","protected":false},"excerpt":{"rendered":"<p>Hoy se realiz\u00f3 el acto eleccionario que consagr\u00f3 a dos delegados de los municipales de la localidad. En esta oportunidad, la elecci\u00f3n se llev\u00f3 a cabo de pleno derecho, ya que la justicia orden\u00f3 al intendente el reconocimiento de nuestro gremio. Desde bien temprano los compa\u00f1eros municipales se acercaron al corral\u00f3n para votar sus delegados. [&hellip;]<\/p>\n","protected":false},"author":1,"featured_media":19220,"comment_status":"open","ping_status":"open","sticky":false,"template":"","format":"standard","meta":{"_exactmetrics_skip_tracking":false,"_exactmetrics_sitenote_active":false,"_exactmetrics_sitenote_note":"","_exactmetrics_sitenote_category":0,"jnews-multi-image_gallery":[],"jnews_single_post":[],"jnews_primary_category":[],"jnews_social_meta":[],"jnews_review":[],"enable_review":"","type":"","name":"","summary":"","brand":"","sku":"","good":[],"bad":[],"score_override":"","override_value":"","rating":[],"price":[],"jnews_override_counter":[],"jnews_post_split":[],"footnotes":""},"categories":[20,13,34],"tags":[],"class_list":["post-5089","post","type-post","status-publish","format-standard","has-post-thumbnail","hentry","category-municipales","category-rio-tercero","category-seccionales"],"jetpack_featured_media_url":"https:\/\/atecordoba.org\/wp-content\/uploads\/2020\/05\/logo-nuevochico-e1561581322808.png","_links":{"self":[{"href":"https:\/\/atecordoba.org\/index.php?rest_route=\/wp\/v2\/posts\/5089","targetHints":{"allow":["GET"]}}],"collection":[{"href":"https:\/\/atecordoba.org\/index.php?rest_route=\/wp\/v2\/posts"}],"about":[{"href":"https:\/\/atecordoba.org\/index.php?rest_route=\/wp\/v2\/types\/post"}],"author":[{"embeddable":true,"href":"https:\/\/atecordoba.org\/index.php?rest_route=\/wp\/v2\/users\/1"}],"replies":[{"embeddable":true,"href":"https:\/\/atecordoba.org\/index.php?rest_route=%2Fwp%2Fv2%2Fcomments&post=5089"}],"version-history":[{"count":0,"href":"https:\/\/atecordoba.org\/index.php?rest_route=\/wp\/v2\/posts\/5089\/revisions"}],"wp:featuredmedia":[{"embeddable":true,"href":"https:\/\/atecordoba.org\/index.php?rest_route=\/wp\/v2\/media\/19220"}],"wp:attachment":[{"href":"https:\/\/atecordoba.org\/index.php?rest_route=%2Fwp%2Fv2%2Fmedia&parent=5089"}],"wp:term":[{"taxonomy":"category","embeddable":true,"href":"https:\/\/atecordoba.org\/index.php?rest_route=%2Fwp%2Fv2%2Fcategories&post=5089"},{"taxonomy":"post_tag","embeddable":true,"href":"https:\/\/atecordoba.org\/index.php?rest_route=%2Fwp%2Fv2%2Ftags&post=5089"}],"curies":[{"name":"wp","href":"https:\/\/api.w.org\/{rel}","templated":true}]}}