{"id":50886,"date":"2025-09-26T13:36:46","date_gmt":"2025-09-26T16:36:46","guid":{"rendered":"https:\/\/atecordoba.org\/?p=50886"},"modified":"2025-09-26T13:39:46","modified_gmt":"2025-09-26T16:39:46","slug":"sin-acuerdo-en-la-paritaria-de-salsipuedes-ate-rechazo-nuevamente-la-propuesta-oficial","status":"publish","type":"post","link":"https:\/\/atecordoba.org\/?p=50886","title":{"rendered":"Sin acuerdo en la paritaria de Salsipuedes: ATE rechaz\u00f3 nuevamente la propuesta oficial"},"content":{"rendered":"<p><img loading=\"lazy\" decoding=\"async\" class=\"aligncenter wp-image-50887 \" src=\"https:\/\/atecordoba.org\/wp-content\/uploads\/2025\/09\/salsipuedes-bandera-1024x481.jpg\" alt=\"\" width=\"614\" height=\"288\" srcset=\"https:\/\/atecordoba.org\/wp-content\/uploads\/2025\/09\/salsipuedes-bandera-1024x481.jpg 1024w, https:\/\/atecordoba.org\/wp-content\/uploads\/2025\/09\/salsipuedes-bandera-300x141.jpg 300w, https:\/\/atecordoba.org\/wp-content\/uploads\/2025\/09\/salsipuedes-bandera-768x361.jpg 768w, https:\/\/atecordoba.org\/wp-content\/uploads\/2025\/09\/salsipuedes-bandera-750x352.jpg 750w, https:\/\/atecordoba.org\/wp-content\/uploads\/2025\/09\/salsipuedes-bandera-1140x535.jpg 1140w, https:\/\/atecordoba.org\/wp-content\/uploads\/2025\/09\/salsipuedes-bandera.jpg 1280w\" sizes=\"auto, (max-width: 614px) 100vw, 614px\" \/>En una audiencia paritaria llevada a cabo hoy en la Secretaria de Trabajo de la provincia, ATE y el gremio municipal local rechazaron la propuesta salarial de la Municipalidad de Salsipuedes por insuficiente.<\/p>\n<p>La comuna repiti\u00f3 la misma propuesta audiencias anteriores, a pesar que se hab\u00eda comprometido a mejorar el 2% ofrecido, dando cuenta de la mala fe que mantiene a la hora de negociar.<\/p>\n<p>ATE lleg\u00f3 a esta instancia de di\u00e1logo con el Departamento Ejecutivo de Salsipuedes, despu\u00e9s de mantener un largo e intenso conflicto que se extendi\u00f3 por 8 d\u00edas h\u00e1biles, hasta que la patronal, incapaz de torcer el plan de lucha por la convicci\u00f3n expresada por todo el personal, llam\u00f3 a la Provincia para que imponga una conciliaci\u00f3n obligatoria que levante las asambleas.<\/p>\n<p>Pero las negociaciones no llegaron a buen puerto ya que la patronal no muestra voluntad de alcanzar un acuerdo y solo se maneja con movimientos dilatorios, propios de la mala fe negociadora que ha mostrado hasta el momento. En el \u00ednterin, el Departamento ejecutivo no se priv\u00f3 de realizar persecuciones antisindicales, trasladando compa\u00f1eros, cambiando horarios a otros, en dem\u00e1s medidas arbitrarias.<\/p>\n<p>Ahora, ser\u00e1 la propia cartera laboral quien deba laudar entre las partes. Hasta tanto eso suceda las partes mantienen el estricto cumplimiento de la conciliaci\u00f3n obligatoria.<\/p>\n<p>En la mesa de negociaci\u00f3n, participaron por ATE el secretario de DDHH, C\u00e9sar Theaux, su par de Organizaci\u00f3n, Javier Bracamonte, y el delegado Lu\u00eds Tapia. Por la Municipalidad estuvo el secretario de Gobierno, Luis Combina.<\/p>\n","protected":false},"excerpt":{"rendered":"<p>En una audiencia paritaria llevada a cabo hoy en la Secretaria de Trabajo de la provincia, ATE y el gremio municipal local rechazaron la propuesta salarial de la Municipalidad de Salsipuedes por insuficiente. La comuna repiti\u00f3 la misma propuesta audiencias anteriores, a pesar que se hab\u00eda comprometido a mejorar el 2% ofrecido, dando cuenta de [&hellip;]<\/p>\n","protected":false},"author":7,"featured_media":50887,"comment_status":"open","ping_status":"open","sticky":false,"template":"","format":"standard","meta":{"_exactmetrics_skip_tracking":false,"_exactmetrics_sitenote_active":false,"_exactmetrics_sitenote_note":"","_exactmetrics_sitenote_category":0,"jnews-multi-image_gallery":[],"jnews_single_post":{"format":"standard","override":[{"template":"1","parallax":"1","fullscreen":"1","layout":"no-sidebar-narrow","sidebar":"default-sidebar","second_sidebar":"default-sidebar","sticky_sidebar":"1","share_position":"bottom","share_float_style":"share-monocrhome","show_share_counter":"1","show_view_counter":"1","show_post_meta":"1","show_post_author_image":"1","show_post_date":"1","post_date_format":"default","post_date_format_custom":"Y\/m\/d","show_post_category":"1","show_post_reading_time":"0","post_reading_time_wpm":"300","post_calculate_word_method":"str_word_count","show_zoom_button":"0","zoom_button_out_step":"2","zoom_button_in_step":"3","show_post_tag":"1","number_popup_post":"1","show_post_related":"1","show_inline_post_related":"0"}],"image_override":[{"single_post_thumbnail_size":"crop-500","single_post_gallery_size":"crop-500"}],"trending_post_position":"meta","trending_post_label":"Trending","sponsored_post_label":"Sponsored by","disable_ad":"0"},"jnews_primary_category":[],"jnews_social_meta":[],"jnews_review":[],"enable_review":"","type":"percentage","name":"","summary":"","brand":"","sku":"","good":[],"bad":[],"score_override":"","override_value":"","rating":[],"price":[],"jnews_override_counter":{"view_counter_number":"0","share_counter_number":"0","like_counter_number":"0","dislike_counter_number":"0"},"jnews_post_split":{"post_split":[{"template":"1","tag":"h2","numbering":"asc","mode":"normal","first":"0","enable_toc":"0","toc_type":"normal"}]},"footnotes":""},"categories":[20],"tags":[],"class_list":["post-50886","post","type-post","status-publish","format-standard","has-post-thumbnail","hentry","category-municipales"],"jetpack_featured_media_url":"https:\/\/atecordoba.org\/wp-content\/uploads\/2025\/09\/salsipuedes-bandera.jpg","_links":{"self":[{"href":"https:\/\/atecordoba.org\/index.php?rest_route=\/wp\/v2\/posts\/50886","targetHints":{"allow":["GET"]}}],"collection":[{"href":"https:\/\/atecordoba.org\/index.php?rest_route=\/wp\/v2\/posts"}],"about":[{"href":"https:\/\/atecordoba.org\/index.php?rest_route=\/wp\/v2\/types\/post"}],"author":[{"embeddable":true,"href":"https:\/\/atecordoba.org\/index.php?rest_route=\/wp\/v2\/users\/7"}],"replies":[{"embeddable":true,"href":"https:\/\/atecordoba.org\/index.php?rest_route=%2Fwp%2Fv2%2Fcomments&post=50886"}],"version-history":[{"count":2,"href":"https:\/\/atecordoba.org\/index.php?rest_route=\/wp\/v2\/posts\/50886\/revisions"}],"predecessor-version":[{"id":50890,"href":"https:\/\/atecordoba.org\/index.php?rest_route=\/wp\/v2\/posts\/50886\/revisions\/50890"}],"wp:featuredmedia":[{"embeddable":true,"href":"https:\/\/atecordoba.org\/index.php?rest_route=\/wp\/v2\/media\/50887"}],"wp:attachment":[{"href":"https:\/\/atecordoba.org\/index.php?rest_route=%2Fwp%2Fv2%2Fmedia&parent=50886"}],"wp:term":[{"taxonomy":"category","embeddable":true,"href":"https:\/\/atecordoba.org\/index.php?rest_route=%2Fwp%2Fv2%2Fcategories&post=50886"},{"taxonomy":"post_tag","embeddable":true,"href":"https:\/\/atecordoba.org\/index.php?rest_route=%2Fwp%2Fv2%2Ftags&post=50886"}],"curies":[{"name":"wp","href":"https:\/\/api.w.org\/{rel}","templated":true}]}}