{"id":50883,"date":"2025-09-25T14:39:04","date_gmt":"2025-09-25T17:39:04","guid":{"rendered":"https:\/\/atecordoba.org\/?p=50883"},"modified":"2025-09-25T14:39:04","modified_gmt":"2025-09-25T17:39:04","slug":"la-ctaa-cordoba-presento-ayer-cinco-nuevas-regionales-y-confirma-que-el-plan-de-lucha-continua","status":"publish","type":"post","link":"https:\/\/atecordoba.org\/?p=50883","title":{"rendered":"La CTAA C\u00f3rdoba present\u00f3 ayer cinco nuevas regionales y confirma que el plan de lucha contin\u00faa"},"content":{"rendered":"<p><img loading=\"lazy\" decoding=\"async\" class=\"aligncenter wp-image-50861 \" src=\"https:\/\/atecordoba.org\/wp-content\/uploads\/2025\/09\/WhatsApp-Image-2025-09-25-at-09.37.08-2-1024x576.jpeg\" alt=\"\" width=\"607\" height=\"341\" srcset=\"https:\/\/atecordoba.org\/wp-content\/uploads\/2025\/09\/WhatsApp-Image-2025-09-25-at-09.37.08-2-1024x576.jpeg 1024w, https:\/\/atecordoba.org\/wp-content\/uploads\/2025\/09\/WhatsApp-Image-2025-09-25-at-09.37.08-2-300x169.jpeg 300w, https:\/\/atecordoba.org\/wp-content\/uploads\/2025\/09\/WhatsApp-Image-2025-09-25-at-09.37.08-2-768x432.jpeg 768w, https:\/\/atecordoba.org\/wp-content\/uploads\/2025\/09\/WhatsApp-Image-2025-09-25-at-09.37.08-2-1536x864.jpeg 1536w, https:\/\/atecordoba.org\/wp-content\/uploads\/2025\/09\/WhatsApp-Image-2025-09-25-at-09.37.08-2-2048x1153.jpeg 2048w, https:\/\/atecordoba.org\/wp-content\/uploads\/2025\/09\/WhatsApp-Image-2025-09-25-at-09.37.08-2-750x422.jpeg 750w, https:\/\/atecordoba.org\/wp-content\/uploads\/2025\/09\/WhatsApp-Image-2025-09-25-at-09.37.08-2-1140x642.jpeg 1140w\" sizes=\"auto, (max-width: 607px) 100vw, 607px\" \/>Ayer en el Sindicato de Canillitas, la CTA Aut\u00f3noma de C\u00f3rdoba realiz\u00f3 un Encuentro Provincial de la Militancia donde present\u00f3 sus nuevas regionales del Valle de Paravachasca, Punilla Norte, Punilla Sur, Sierras Chicas y Sureste.<\/p>\n<p>El acto, encabezado por el secretario de CTAA C\u00f3rdoba y ATE C\u00f3rdoba Federico Giuliani, cont\u00f3 con la presencia del coordinador nacional de la Federaci\u00f3n Nacional Territorial (FeNaT-CTAA) Omar Giuliani, junto a la referente provincial de la organizaci\u00f3n y secretaria Adjunta de CTAA C\u00f3rdoba, Silvia Alcoba.<\/p>\n<p>Se trat\u00f3 de un gran paso de la Central para poner en valor organizativo la presencia territorial de las organizaciones que integran la CTAA y da cuenta de su crecimiento a lo largo y ancho de la provincia.<img loading=\"lazy\" decoding=\"async\" class=\"aligncenter wp-image-50862 \" src=\"https:\/\/atecordoba.org\/wp-content\/uploads\/2025\/09\/WhatsApp-Image-2025-09-25-at-09.37.09-1-1024x576.jpeg\" alt=\"\" width=\"605\" height=\"340\" srcset=\"https:\/\/atecordoba.org\/wp-content\/uploads\/2025\/09\/WhatsApp-Image-2025-09-25-at-09.37.09-1-1024x576.jpeg 1024w, https:\/\/atecordoba.org\/wp-content\/uploads\/2025\/09\/WhatsApp-Image-2025-09-25-at-09.37.09-1-300x169.jpeg 300w, https:\/\/atecordoba.org\/wp-content\/uploads\/2025\/09\/WhatsApp-Image-2025-09-25-at-09.37.09-1-768x432.jpeg 768w, https:\/\/atecordoba.org\/wp-content\/uploads\/2025\/09\/WhatsApp-Image-2025-09-25-at-09.37.09-1-1536x864.jpeg 1536w, https:\/\/atecordoba.org\/wp-content\/uploads\/2025\/09\/WhatsApp-Image-2025-09-25-at-09.37.09-1-2048x1153.jpeg 2048w, https:\/\/atecordoba.org\/wp-content\/uploads\/2025\/09\/WhatsApp-Image-2025-09-25-at-09.37.09-1-750x422.jpeg 750w, https:\/\/atecordoba.org\/wp-content\/uploads\/2025\/09\/WhatsApp-Image-2025-09-25-at-09.37.09-1-1140x642.jpeg 1140w\" sizes=\"auto, (max-width: 605px) 100vw, 605px\" \/><\/p>\n<p>De esta forma, las nuevas regionales se suman a las ya existentes de C\u00f3rdoba Capital, R\u00edo Cuarto, Villa Mar\u00eda, San Francisco, R\u00edo Tercero y Cruz del Eje.<\/p>\n<p>En ese marco, la CTAA anunci\u00f3 la profundizaci\u00f3n de un plan de lucha en rechazo a las pol\u00edticas de ajuste y represi\u00f3n de la protesta, que dieron como resultado el \u00faltimo mes el procesamiento de 15 dirigentes y activistas durante una movilizaci\u00f3n a la Municipalidad de C\u00f3rdoba para reclamar la entrega de alimentos a los merenderos de las barriadas populares donde la FeNaT cumple un rol indispensable para garantizar la alimentaci\u00f3n de una inmensa cantidad de familias que no logra cubrir sus necesidades de ingesta diaria.<\/p>\n<p>La Comuna cerr\u00f3 dr\u00e1sticamente la entrega de la ayuda social y, como corolario, la represi\u00f3n policial fue las \u00fanica respuesta al clamor del justo reclamo. Como resultado de ello Federico Giuliani debi\u00f3 sufrir cinco d\u00edas de detenci\u00f3n ilegal y arbitraria en el Penal de Bouwer.<img loading=\"lazy\" decoding=\"async\" class=\" wp-image-50863 alignleft\" src=\"https:\/\/atecordoba.org\/wp-content\/uploads\/2025\/09\/WhatsApp-Image-2025-09-25-at-09.37.08-e1758820857786-271x300.jpeg\" alt=\"\" width=\"358\" height=\"396\" srcset=\"https:\/\/atecordoba.org\/wp-content\/uploads\/2025\/09\/WhatsApp-Image-2025-09-25-at-09.37.08-e1758820857786-271x300.jpeg 271w, https:\/\/atecordoba.org\/wp-content\/uploads\/2025\/09\/WhatsApp-Image-2025-09-25-at-09.37.08-e1758820857786-768x849.jpeg 768w, https:\/\/atecordoba.org\/wp-content\/uploads\/2025\/09\/WhatsApp-Image-2025-09-25-at-09.37.08-e1758820857786-750x829.jpeg 750w, https:\/\/atecordoba.org\/wp-content\/uploads\/2025\/09\/WhatsApp-Image-2025-09-25-at-09.37.08-e1758820857786.jpeg 900w\" sizes=\"auto, (max-width: 358px) 100vw, 358px\" \/><\/p>\n<p>Por eso este encuentro, el anuncio de nueva territorialidad organizada y la presencia de dirigentes nacionales en el ocasi\u00f3n expresan la convicci\u00f3n de seguir luchando y no dejarse amedrentar por el gobierno de Mart\u00edn Llaryora.<\/p>\n<p>El plenario fue marco, adem\u00e1s para debatir el plan de lucha donde no se resigna la movilizaci\u00f3n callejera ni la presencia en los conflictos de todo el territorio donde la CTAA mantiene organizaci\u00f3n. Por caso, el conflicto ambiental en Punilla tambi\u00e9n cuenta con activistas procesados.<\/p>\n<p>En el balance del Encuentro Provincial, Federico Giuliani, con su brazo en cabestrillo producto de la quebradura de un codo que le propino la polic\u00eda durante la represi\u00f3n, destac\u00f3 que &#8220;poder debatir y disentir para dise\u00f1ar un plan de lucha es necesario que nos juntemos y planificar un plan de acci\u00f3n conjunto. Eso determina la importancia de esta organizaci\u00f3n que estamos llevando adelante hoy (por ayer), donde recuperamos la m\u00edstica con la militancia de base, con los distintos territorios de la provincia&#8221;.<\/p>\n<p>El dirigente remarc\u00f3 que &#8220;lanzamos cinco regionales nuevas que se suman a las ya existentes, hay una variedad importante de colores, de geograf\u00eda de territorios que nos parece destacable dar cuenta y en ese sentido nuestra idea es contener y organizar la clase trabajadora ocupada y desocupada del campo y la ciudad&#8221;.<img loading=\"lazy\" decoding=\"async\" class=\"aligncenter wp-image-50864 \" src=\"https:\/\/atecordoba.org\/wp-content\/uploads\/2025\/09\/WhatsApp-Image-2025-09-25-at-09.37.15-1-1024x576.jpeg\" alt=\"\" width=\"614\" height=\"345\" srcset=\"https:\/\/atecordoba.org\/wp-content\/uploads\/2025\/09\/WhatsApp-Image-2025-09-25-at-09.37.15-1-1024x576.jpeg 1024w, https:\/\/atecordoba.org\/wp-content\/uploads\/2025\/09\/WhatsApp-Image-2025-09-25-at-09.37.15-1-300x169.jpeg 300w, https:\/\/atecordoba.org\/wp-content\/uploads\/2025\/09\/WhatsApp-Image-2025-09-25-at-09.37.15-1-768x432.jpeg 768w, https:\/\/atecordoba.org\/wp-content\/uploads\/2025\/09\/WhatsApp-Image-2025-09-25-at-09.37.15-1-1536x864.jpeg 1536w, https:\/\/atecordoba.org\/wp-content\/uploads\/2025\/09\/WhatsApp-Image-2025-09-25-at-09.37.15-1-2048x1153.jpeg 2048w, https:\/\/atecordoba.org\/wp-content\/uploads\/2025\/09\/WhatsApp-Image-2025-09-25-at-09.37.15-1-750x422.jpeg 750w, https:\/\/atecordoba.org\/wp-content\/uploads\/2025\/09\/WhatsApp-Image-2025-09-25-at-09.37.15-1-1140x642.jpeg 1140w\" sizes=\"auto, (max-width: 614px) 100vw, 614px\" \/><\/p>\n<p>&#8220;Vamos a encontrarnos en la organizaci\u00f3n, en el afecto con los y las compa\u00f1eras para sacar un plan de acci\u00f3n que nos vuelva a poner en la agenda de la pol\u00edtica, que est\u00e1 alejada de la gente y que en octubre va a una elecci\u00f3n donde se habla un idioma distinto al que habla el com\u00fan de la gente. Para eso tenemos que salir hoy con una agenda propia que siga planteando, m\u00e1s all\u00e1 de las reivindicaciones, un programa de la clase trabajadora que construya un proyecto de liberaci\u00f3n nacional&#8221;, concluy\u00f3 Giuliani.<\/p>\n<p>En igual tono, el referente de la nueva regional Punilla Sur, Juan Pablo &#8216;Beto&#8217; Pozzi, destac\u00f3 que\u00a0&#8220;empezamos a organizar un plan de lucha porque nunca abandonamos las calles ni CTAA ni ATE frente a las problem\u00e1ticas cada vez m\u00e1s complejas, as\u00ed que tenemos que seguir poniendo el cuerpo y seguir luchando&#8221;.<\/p>\n<p>Pozzi afirm\u00f3 que el hambre en las barriadas populares es el tema que domina la agenda &#8220;porque los barrios tienen cada d\u00eda m\u00e1s necesidades&#8221;.<img loading=\"lazy\" decoding=\"async\" class=\"aligncenter wp-image-50865 \" src=\"https:\/\/atecordoba.org\/wp-content\/uploads\/2025\/09\/WhatsApp-Image-2025-09-25-at-09.37.32-1024x473.jpeg\" alt=\"\" width=\"621\" height=\"287\" srcset=\"https:\/\/atecordoba.org\/wp-content\/uploads\/2025\/09\/WhatsApp-Image-2025-09-25-at-09.37.32-1024x473.jpeg 1024w, https:\/\/atecordoba.org\/wp-content\/uploads\/2025\/09\/WhatsApp-Image-2025-09-25-at-09.37.32-300x139.jpeg 300w, https:\/\/atecordoba.org\/wp-content\/uploads\/2025\/09\/WhatsApp-Image-2025-09-25-at-09.37.32-768x355.jpeg 768w, https:\/\/atecordoba.org\/wp-content\/uploads\/2025\/09\/WhatsApp-Image-2025-09-25-at-09.37.32-1536x709.jpeg 1536w, https:\/\/atecordoba.org\/wp-content\/uploads\/2025\/09\/WhatsApp-Image-2025-09-25-at-09.37.32-2048x946.jpeg 2048w, https:\/\/atecordoba.org\/wp-content\/uploads\/2025\/09\/WhatsApp-Image-2025-09-25-at-09.37.32-750x346.jpeg 750w, https:\/\/atecordoba.org\/wp-content\/uploads\/2025\/09\/WhatsApp-Image-2025-09-25-at-09.37.32-1140x526.jpeg 1140w\" sizes=\"auto, (max-width: 621px) 100vw, 621px\" \/><\/p>\n<p>Por su parte, Jorge Chalup, secretario General de la Regional CTAA C\u00f3rdoba Capital y secretario Gremial de ATE C\u00f3rdoba, fustig\u00f3 al Gobierno de Milei, al gobierno de Llaryora y dio contexto a la movilizaci\u00f3n frente a al Municipalidad porque &#8220;hay una clara pol\u00edtica de vaciamiento del gobierno en las pol\u00edticas sociales del Estado nacional, donde el gobierno de C\u00f3rdoba fue consecuente con esa direcci\u00f3n, por lo cual nos vemos restringidos sobre el acceso de los sectores populares a la ayuda social&#8221;.<\/p>\n<p>En tanto, Juan Yacobs, secretario General de CTAA Punilla apunt\u00f3 &#8220;nuestra seccional tiene tres compa\u00f1eros procesados por la lucha ambiental. La \u00fanica forma de hacerle frente es con la movilizaci\u00f3n, acompa\u00f1ando y visibilizando, sin aflojar la lucha. Porque es en esa trinchera donde se hace visible la persecuci\u00f3n que sufrimos&#8221;.<img loading=\"lazy\" decoding=\"async\" class=\"aligncenter wp-image-50866 \" src=\"https:\/\/atecordoba.org\/wp-content\/uploads\/2025\/09\/WhatsApp-Image-2025-09-25-at-09.37.30-1024x473.jpeg\" alt=\"\" width=\"612\" height=\"283\" srcset=\"https:\/\/atecordoba.org\/wp-content\/uploads\/2025\/09\/WhatsApp-Image-2025-09-25-at-09.37.30-1024x473.jpeg 1024w, https:\/\/atecordoba.org\/wp-content\/uploads\/2025\/09\/WhatsApp-Image-2025-09-25-at-09.37.30-300x139.jpeg 300w, https:\/\/atecordoba.org\/wp-content\/uploads\/2025\/09\/WhatsApp-Image-2025-09-25-at-09.37.30-768x355.jpeg 768w, https:\/\/atecordoba.org\/wp-content\/uploads\/2025\/09\/WhatsApp-Image-2025-09-25-at-09.37.30-1536x710.jpeg 1536w, https:\/\/atecordoba.org\/wp-content\/uploads\/2025\/09\/WhatsApp-Image-2025-09-25-at-09.37.30-2048x946.jpeg 2048w, https:\/\/atecordoba.org\/wp-content\/uploads\/2025\/09\/WhatsApp-Image-2025-09-25-at-09.37.30-750x347.jpeg 750w, https:\/\/atecordoba.org\/wp-content\/uploads\/2025\/09\/WhatsApp-Image-2025-09-25-at-09.37.30-1140x527.jpeg 1140w\" sizes=\"auto, (max-width: 612px) 100vw, 612px\" \/><\/p>\n<p>Por \u00faltimo\u00a0Omar Giuliani remarc\u00f3 que &#8220;hoy ponemos en pr\u00e1ctica que la pol\u00edtica se discute de manera colectiva, que no existe el h\u00e9roe solitario sino la lucha del conjunto y, por lo tanto, es importante poder escuchar a nuestra militancia y debatir sobre qu\u00e9 est\u00e1n pensando y sintiendo.\u00a0La esencia de la nuestra pol\u00edtica es construir comunidad&#8221;.<\/p>\n<p>Y concluy\u00f3 se\u00f1alando que &#8220;desde que asumi\u00f3 Milei la FeNaT y la CTAA estamos en la calle golpeando y erosionando a este gobierno neofascista y eso lo hacemos en el marco de una construcci\u00f3n en la clase trabajadora. La unidad es un bien estrat\u00e9gico y necesariamente tenemos que alcanzarla para llevar adelante para frenar el gobierno de Milei y empezar a construir un proceso de recuperaci\u00f3n de nuestra dignidad como pa\u00eds&#8221;.<\/p>\n<div id='gallery_1' class='gallery galleryid-50883 gallery-columns-3 gallery-size-thumbnail'><figure class='gallery-item'>\n                <div class='gallery-icon landscape'>\n                    <a href='https:\/\/atecordoba.org\/wp-content\/uploads\/2025\/09\/WhatsApp-Image-2025-09-25-at-09.37.09-scaled.jpeg'><img loading=\"lazy\" decoding=\"async\" width=\"150\" height=\"150\" src=\"\" class=\"attachment-thumbnail size-thumbnail lazyload\" alt=\"\" data-src=\"https:\/\/atecordoba.org\/wp-content\/uploads\/2025\/09\/WhatsApp-Image-2025-09-25-at-09.37.09-150x150.jpeg\" data-sizes=\"auto\" data-srcset=\"https:\/\/atecordoba.org\/wp-content\/uploads\/2025\/09\/WhatsApp-Image-2025-09-25-at-09.37.09-150x150.jpeg 150w, https:\/\/atecordoba.org\/wp-content\/uploads\/2025\/09\/WhatsApp-Image-2025-09-25-at-09.37.09-560x560.jpeg 560w, https:\/\/atecordoba.org\/wp-content\/uploads\/2025\/09\/WhatsApp-Image-2025-09-25-at-09.37.09-75x75.jpeg 75w, https:\/\/atecordoba.org\/wp-content\/uploads\/2025\/09\/WhatsApp-Image-2025-09-25-at-09.37.09-350x350.jpeg 350w\" data-expand=\"700\" \/><\/a>\n                <\/div><\/figure><figure class='gallery-item'>\n                <div class='gallery-icon landscape'>\n                    <a href='https:\/\/atecordoba.org\/wp-content\/uploads\/2025\/09\/WhatsApp-Image-2025-09-25-at-09.37.10-2-scaled.jpeg'><img loading=\"lazy\" decoding=\"async\" width=\"150\" height=\"150\" src=\"\" class=\"attachment-thumbnail size-thumbnail lazyload\" alt=\"\" data-src=\"https:\/\/atecordoba.org\/wp-content\/uploads\/2025\/09\/WhatsApp-Image-2025-09-25-at-09.37.10-2-150x150.jpeg\" data-sizes=\"auto\" data-srcset=\"https:\/\/atecordoba.org\/wp-content\/uploads\/2025\/09\/WhatsApp-Image-2025-09-25-at-09.37.10-2-150x150.jpeg 150w, https:\/\/atecordoba.org\/wp-content\/uploads\/2025\/09\/WhatsApp-Image-2025-09-25-at-09.37.10-2-560x560.jpeg 560w, https:\/\/atecordoba.org\/wp-content\/uploads\/2025\/09\/WhatsApp-Image-2025-09-25-at-09.37.10-2-75x75.jpeg 75w, https:\/\/atecordoba.org\/wp-content\/uploads\/2025\/09\/WhatsApp-Image-2025-09-25-at-09.37.10-2-350x350.jpeg 350w\" data-expand=\"700\" \/><\/a>\n                <\/div><\/figure><figure class='gallery-item'>\n                <div class='gallery-icon landscape'>\n                    <a href='https:\/\/atecordoba.org\/wp-content\/uploads\/2025\/09\/WhatsApp-Image-2025-09-25-at-09.37.11-1-scaled.jpeg'><img loading=\"lazy\" decoding=\"async\" width=\"150\" height=\"150\" src=\"\" class=\"attachment-thumbnail size-thumbnail lazyload\" alt=\"\" data-src=\"https:\/\/atecordoba.org\/wp-content\/uploads\/2025\/09\/WhatsApp-Image-2025-09-25-at-09.37.11-1-150x150.jpeg\" data-sizes=\"auto\" data-srcset=\"https:\/\/atecordoba.org\/wp-content\/uploads\/2025\/09\/WhatsApp-Image-2025-09-25-at-09.37.11-1-150x150.jpeg 150w, https:\/\/atecordoba.org\/wp-content\/uploads\/2025\/09\/WhatsApp-Image-2025-09-25-at-09.37.11-1-560x560.jpeg 560w, https:\/\/atecordoba.org\/wp-content\/uploads\/2025\/09\/WhatsApp-Image-2025-09-25-at-09.37.11-1-75x75.jpeg 75w, https:\/\/atecordoba.org\/wp-content\/uploads\/2025\/09\/WhatsApp-Image-2025-09-25-at-09.37.11-1-350x350.jpeg 350w\" data-expand=\"700\" \/><\/a>\n                <\/div><\/figure><br style=\"clear: both\" \/><figure class='gallery-item'>\n                <div class='gallery-icon landscape'>\n                    <a href='https:\/\/atecordoba.org\/wp-content\/uploads\/2025\/09\/WhatsApp-Image-2025-09-25-at-09.37.11-scaled-e1758821935992.jpeg'><img loading=\"lazy\" decoding=\"async\" width=\"150\" height=\"150\" src=\"\" class=\"attachment-thumbnail size-thumbnail lazyload\" alt=\"\" data-src=\"https:\/\/atecordoba.org\/wp-content\/uploads\/2025\/09\/WhatsApp-Image-2025-09-25-at-09.37.11-150x150.jpeg\" data-sizes=\"auto\" data-srcset=\"https:\/\/atecordoba.org\/wp-content\/uploads\/2025\/09\/WhatsApp-Image-2025-09-25-at-09.37.11-150x150.jpeg 150w, https:\/\/atecordoba.org\/wp-content\/uploads\/2025\/09\/WhatsApp-Image-2025-09-25-at-09.37.11-560x560.jpeg 560w, https:\/\/atecordoba.org\/wp-content\/uploads\/2025\/09\/WhatsApp-Image-2025-09-25-at-09.37.11-75x75.jpeg 75w, https:\/\/atecordoba.org\/wp-content\/uploads\/2025\/09\/WhatsApp-Image-2025-09-25-at-09.37.11-350x350.jpeg 350w\" data-expand=\"700\" \/><\/a>\n                <\/div><\/figure><figure class='gallery-item'>\n                <div class='gallery-icon portrait'>\n                    <a href='https:\/\/atecordoba.org\/wp-content\/uploads\/2025\/09\/WhatsApp-Image-2025-09-25-at-09.37.12-1-scaled.jpeg'><img loading=\"lazy\" decoding=\"async\" width=\"150\" height=\"150\" src=\"\" class=\"attachment-thumbnail size-thumbnail lazyload\" alt=\"\" data-src=\"https:\/\/atecordoba.org\/wp-content\/uploads\/2025\/09\/WhatsApp-Image-2025-09-25-at-09.37.12-1-150x150.jpeg\" data-sizes=\"auto\" data-srcset=\"https:\/\/atecordoba.org\/wp-content\/uploads\/2025\/09\/WhatsApp-Image-2025-09-25-at-09.37.12-1-150x150.jpeg 150w, https:\/\/atecordoba.org\/wp-content\/uploads\/2025\/09\/WhatsApp-Image-2025-09-25-at-09.37.12-1-560x560.jpeg 560w, https:\/\/atecordoba.org\/wp-content\/uploads\/2025\/09\/WhatsApp-Image-2025-09-25-at-09.37.12-1-75x75.jpeg 75w, https:\/\/atecordoba.org\/wp-content\/uploads\/2025\/09\/WhatsApp-Image-2025-09-25-at-09.37.12-1-350x350.jpeg 350w\" data-expand=\"700\" \/><\/a>\n                <\/div><\/figure><figure class='gallery-item'>\n                <div class='gallery-icon landscape'>\n                    <a href='https:\/\/atecordoba.org\/wp-content\/uploads\/2025\/09\/WhatsApp-Image-2025-09-25-at-09.37.13-1-scaled.jpeg'><img loading=\"lazy\" decoding=\"async\" width=\"150\" height=\"150\" src=\"\" class=\"attachment-thumbnail size-thumbnail lazyload\" alt=\"\" data-src=\"https:\/\/atecordoba.org\/wp-content\/uploads\/2025\/09\/WhatsApp-Image-2025-09-25-at-09.37.13-1-150x150.jpeg\" data-sizes=\"auto\" data-srcset=\"https:\/\/atecordoba.org\/wp-content\/uploads\/2025\/09\/WhatsApp-Image-2025-09-25-at-09.37.13-1-150x150.jpeg 150w, https:\/\/atecordoba.org\/wp-content\/uploads\/2025\/09\/WhatsApp-Image-2025-09-25-at-09.37.13-1-560x560.jpeg 560w, https:\/\/atecordoba.org\/wp-content\/uploads\/2025\/09\/WhatsApp-Image-2025-09-25-at-09.37.13-1-75x75.jpeg 75w, https:\/\/atecordoba.org\/wp-content\/uploads\/2025\/09\/WhatsApp-Image-2025-09-25-at-09.37.13-1-350x350.jpeg 350w\" data-expand=\"700\" \/><\/a>\n                <\/div><\/figure><br style=\"clear: both\" \/><figure class='gallery-item'>\n                <div class='gallery-icon landscape'>\n                    <a href='https:\/\/atecordoba.org\/wp-content\/uploads\/2025\/09\/WhatsApp-Image-2025-09-25-at-09.37.14-scaled.jpeg'><img loading=\"lazy\" decoding=\"async\" width=\"150\" height=\"150\" src=\"\" class=\"attachment-thumbnail size-thumbnail lazyload\" alt=\"\" data-src=\"https:\/\/atecordoba.org\/wp-content\/uploads\/2025\/09\/WhatsApp-Image-2025-09-25-at-09.37.14-150x150.jpeg\" data-sizes=\"auto\" data-srcset=\"https:\/\/atecordoba.org\/wp-content\/uploads\/2025\/09\/WhatsApp-Image-2025-09-25-at-09.37.14-150x150.jpeg 150w, https:\/\/atecordoba.org\/wp-content\/uploads\/2025\/09\/WhatsApp-Image-2025-09-25-at-09.37.14-560x560.jpeg 560w, https:\/\/atecordoba.org\/wp-content\/uploads\/2025\/09\/WhatsApp-Image-2025-09-25-at-09.37.14-75x75.jpeg 75w, https:\/\/atecordoba.org\/wp-content\/uploads\/2025\/09\/WhatsApp-Image-2025-09-25-at-09.37.14-350x350.jpeg 350w\" data-expand=\"700\" \/><\/a>\n                <\/div><\/figure><figure class='gallery-item'>\n                <div class='gallery-icon landscape'>\n                    <a href='https:\/\/atecordoba.org\/wp-content\/uploads\/2025\/09\/WhatsApp-Image-2025-09-25-at-09.37.15-scaled.jpeg'><img loading=\"lazy\" decoding=\"async\" width=\"150\" height=\"150\" src=\"\" class=\"attachment-thumbnail size-thumbnail lazyload\" alt=\"\" data-src=\"https:\/\/atecordoba.org\/wp-content\/uploads\/2025\/09\/WhatsApp-Image-2025-09-25-at-09.37.15-150x150.jpeg\" data-sizes=\"auto\" data-srcset=\"https:\/\/atecordoba.org\/wp-content\/uploads\/2025\/09\/WhatsApp-Image-2025-09-25-at-09.37.15-150x150.jpeg 150w, https:\/\/atecordoba.org\/wp-content\/uploads\/2025\/09\/WhatsApp-Image-2025-09-25-at-09.37.15-560x560.jpeg 560w, https:\/\/atecordoba.org\/wp-content\/uploads\/2025\/09\/WhatsApp-Image-2025-09-25-at-09.37.15-75x75.jpeg 75w, https:\/\/atecordoba.org\/wp-content\/uploads\/2025\/09\/WhatsApp-Image-2025-09-25-at-09.37.15-350x350.jpeg 350w\" data-expand=\"700\" \/><\/a>\n                <\/div><\/figure><figure class='gallery-item'>\n                <div class='gallery-icon landscape'>\n                    <a href='https:\/\/atecordoba.org\/wp-content\/uploads\/2025\/09\/WhatsApp-Image-2025-09-25-at-09.37.16-1-scaled.jpeg'><img loading=\"lazy\" decoding=\"async\" width=\"150\" height=\"150\" src=\"\" class=\"attachment-thumbnail size-thumbnail lazyload\" alt=\"\" data-src=\"https:\/\/atecordoba.org\/wp-content\/uploads\/2025\/09\/WhatsApp-Image-2025-09-25-at-09.37.16-1-150x150.jpeg\" data-sizes=\"auto\" data-srcset=\"https:\/\/atecordoba.org\/wp-content\/uploads\/2025\/09\/WhatsApp-Image-2025-09-25-at-09.37.16-1-150x150.jpeg 150w, https:\/\/atecordoba.org\/wp-content\/uploads\/2025\/09\/WhatsApp-Image-2025-09-25-at-09.37.16-1-560x560.jpeg 560w, https:\/\/atecordoba.org\/wp-content\/uploads\/2025\/09\/WhatsApp-Image-2025-09-25-at-09.37.16-1-75x75.jpeg 75w, https:\/\/atecordoba.org\/wp-content\/uploads\/2025\/09\/WhatsApp-Image-2025-09-25-at-09.37.16-1-350x350.jpeg 350w\" data-expand=\"700\" \/><\/a>\n                <\/div><\/figure><br style=\"clear: both\" \/><figure class='gallery-item'>\n                <div class='gallery-icon landscape'>\n                    <a href='https:\/\/atecordoba.org\/wp-content\/uploads\/2025\/09\/WhatsApp-Image-2025-09-25-at-09.37.31-1-scaled.jpeg'><img loading=\"lazy\" decoding=\"async\" width=\"150\" height=\"150\" src=\"\" class=\"attachment-thumbnail size-thumbnail lazyload\" alt=\"\" data-src=\"https:\/\/atecordoba.org\/wp-content\/uploads\/2025\/09\/WhatsApp-Image-2025-09-25-at-09.37.31-1-150x150.jpeg\" data-sizes=\"auto\" data-srcset=\"https:\/\/atecordoba.org\/wp-content\/uploads\/2025\/09\/WhatsApp-Image-2025-09-25-at-09.37.31-1-150x150.jpeg 150w, https:\/\/atecordoba.org\/wp-content\/uploads\/2025\/09\/WhatsApp-Image-2025-09-25-at-09.37.31-1-560x560.jpeg 560w, https:\/\/atecordoba.org\/wp-content\/uploads\/2025\/09\/WhatsApp-Image-2025-09-25-at-09.37.31-1-75x75.jpeg 75w, https:\/\/atecordoba.org\/wp-content\/uploads\/2025\/09\/WhatsApp-Image-2025-09-25-at-09.37.31-1-350x350.jpeg 350w\" data-expand=\"700\" \/><\/a>\n                <\/div><\/figure><figure class='gallery-item'>\n                <div class='gallery-icon landscape'>\n                    <a href='https:\/\/atecordoba.org\/wp-content\/uploads\/2025\/09\/WhatsApp-Image-2025-09-25-at-09.37.32-1-scaled-e1758821358128.jpeg'><img loading=\"lazy\" decoding=\"async\" width=\"150\" height=\"150\" src=\"\" class=\"attachment-thumbnail size-thumbnail lazyload\" alt=\"\" data-src=\"https:\/\/atecordoba.org\/wp-content\/uploads\/2025\/09\/WhatsApp-Image-2025-09-25-at-09.37.32-1-150x150.jpeg\" data-sizes=\"auto\" data-srcset=\"https:\/\/atecordoba.org\/wp-content\/uploads\/2025\/09\/WhatsApp-Image-2025-09-25-at-09.37.32-1-150x150.jpeg 150w, https:\/\/atecordoba.org\/wp-content\/uploads\/2025\/09\/WhatsApp-Image-2025-09-25-at-09.37.32-1-560x560.jpeg 560w, https:\/\/atecordoba.org\/wp-content\/uploads\/2025\/09\/WhatsApp-Image-2025-09-25-at-09.37.32-1-75x75.jpeg 75w, https:\/\/atecordoba.org\/wp-content\/uploads\/2025\/09\/WhatsApp-Image-2025-09-25-at-09.37.32-1-350x350.jpeg 350w\" data-expand=\"700\" \/><\/a>\n                <\/div><\/figure><figure class='gallery-item'>\n                <div class='gallery-icon landscape'>\n                    <a href='https:\/\/atecordoba.org\/wp-content\/uploads\/2025\/09\/WhatsApp-Image-2025-09-25-at-09.37.32-2-scaled.jpeg'><img loading=\"lazy\" decoding=\"async\" width=\"150\" height=\"150\" src=\"\" class=\"attachment-thumbnail size-thumbnail lazyload\" alt=\"\" data-src=\"https:\/\/atecordoba.org\/wp-content\/uploads\/2025\/09\/WhatsApp-Image-2025-09-25-at-09.37.32-2-150x150.jpeg\" data-sizes=\"auto\" data-srcset=\"https:\/\/atecordoba.org\/wp-content\/uploads\/2025\/09\/WhatsApp-Image-2025-09-25-at-09.37.32-2-150x150.jpeg 150w, https:\/\/atecordoba.org\/wp-content\/uploads\/2025\/09\/WhatsApp-Image-2025-09-25-at-09.37.32-2-560x560.jpeg 560w, https:\/\/atecordoba.org\/wp-content\/uploads\/2025\/09\/WhatsApp-Image-2025-09-25-at-09.37.32-2-75x75.jpeg 75w, https:\/\/atecordoba.org\/wp-content\/uploads\/2025\/09\/WhatsApp-Image-2025-09-25-at-09.37.32-2-350x350.jpeg 350w\" data-expand=\"700\" \/><\/a>\n                <\/div><\/figure><br style=\"clear: both\" \/>\n            <\/div>\n\n","protected":false},"excerpt":{"rendered":"<p>Ayer en el Sindicato de Canillitas, la CTA Aut\u00f3noma de C\u00f3rdoba realiz\u00f3 un Encuentro Provincial de la Militancia donde present\u00f3 sus nuevas regionales del Valle de Paravachasca, Punilla Norte, Punilla Sur, Sierras Chicas y Sureste. El acto, encabezado por el secretario de CTAA C\u00f3rdoba y ATE C\u00f3rdoba Federico Giuliani, cont\u00f3 con la presencia del coordinador [&hellip;]<\/p>\n","protected":false},"author":7,"featured_media":50871,"comment_status":"open","ping_status":"open","sticky":false,"template":"","format":"standard","meta":{"_exactmetrics_skip_tracking":false,"_exactmetrics_sitenote_active":false,"_exactmetrics_sitenote_note":"","_exactmetrics_sitenote_category":0,"jnews-multi-image_gallery":[],"jnews_single_post":[],"jnews_primary_category":[],"jnews_social_meta":[],"jnews_review":[],"enable_review":"","type":"","name":"","summary":"","brand":"","sku":"","good":[],"bad":[],"score_override":"","override_value":"","rating":[],"price":[],"jnews_override_counter":[],"jnews_post_split":[],"footnotes":""},"categories":[92],"tags":[],"class_list":["post-50883","post","type-post","status-publish","format-standard","has-post-thumbnail","hentry","category-cta"],"jetpack_featured_media_url":"https:\/\/atecordoba.org\/wp-content\/uploads\/2025\/09\/WhatsApp-Image-2025-09-25-at-09.37.11-scaled-e1758821935992.jpeg","_links":{"self":[{"href":"https:\/\/atecordoba.org\/index.php?rest_route=\/wp\/v2\/posts\/50883","targetHints":{"allow":["GET"]}}],"collection":[{"href":"https:\/\/atecordoba.org\/index.php?rest_route=\/wp\/v2\/posts"}],"about":[{"href":"https:\/\/atecordoba.org\/index.php?rest_route=\/wp\/v2\/types\/post"}],"author":[{"embeddable":true,"href":"https:\/\/atecordoba.org\/index.php?rest_route=\/wp\/v2\/users\/7"}],"replies":[{"embeddable":true,"href":"https:\/\/atecordoba.org\/index.php?rest_route=%2Fwp%2Fv2%2Fcomments&post=50883"}],"version-history":[{"count":1,"href":"https:\/\/atecordoba.org\/index.php?rest_route=\/wp\/v2\/posts\/50883\/revisions"}],"predecessor-version":[{"id":50884,"href":"https:\/\/atecordoba.org\/index.php?rest_route=\/wp\/v2\/posts\/50883\/revisions\/50884"}],"wp:featuredmedia":[{"embeddable":true,"href":"https:\/\/atecordoba.org\/index.php?rest_route=\/wp\/v2\/media\/50871"}],"wp:attachment":[{"href":"https:\/\/atecordoba.org\/index.php?rest_route=%2Fwp%2Fv2%2Fmedia&parent=50883"}],"wp:term":[{"taxonomy":"category","embeddable":true,"href":"https:\/\/atecordoba.org\/index.php?rest_route=%2Fwp%2Fv2%2Fcategories&post=50883"},{"taxonomy":"post_tag","embeddable":true,"href":"https:\/\/atecordoba.org\/index.php?rest_route=%2Fwp%2Fv2%2Ftags&post=50883"}],"curies":[{"name":"wp","href":"https:\/\/api.w.org\/{rel}","templated":true}]}}