{"id":50847,"date":"2025-09-25T10:42:49","date_gmt":"2025-09-25T13:42:49","guid":{"rendered":"https:\/\/atecordoba.org\/?p=50847"},"modified":"2025-09-25T10:57:14","modified_gmt":"2025-09-25T13:57:14","slug":"mendiolaza-con-su-ataque-a-ate-la-intendenta-embarra-la-revocatoria-de-los-vecinos-a-su-gestion","status":"publish","type":"post","link":"https:\/\/atecordoba.org\/?p=50847","title":{"rendered":"Mendiolaza: con su ataque a ATE la intendenta embarra la revocatoria de los vecinos a su gesti\u00f3n"},"content":{"rendered":"<figure id=\"attachment_50848\" aria-describedby=\"caption-attachment-50848\" style=\"width: 618px\" class=\"wp-caption aligncenter\"><img loading=\"lazy\" decoding=\"async\" class=\"wp-image-50848\" src=\"https:\/\/atecordoba.org\/wp-content\/uploads\/2025\/09\/intedenta-mendiolaza.webp\" alt=\"\" width=\"618\" height=\"348\" \/><figcaption id=\"caption-attachment-50848\" class=\"wp-caption-text\">La intendenta de Mendiolaza, junto al ex ministro de Macri Guillermo Dietrich, denunciado por corrupci\u00f3n.<\/figcaption><\/figure>\n<p>Mientras designa como funcionario de su gabinete al referente del sindicato municipal local, la intendenta de Mendiolaza, Adela Arning, se encarga de atacar a la Asociaci\u00f3n Trabajadores del Estado (ATE). Con un comunicado de prensa trata de deslegitimar la impugnaci\u00f3n a la revocatoria de su gesti\u00f3n que llevan adelante las y los vecinos de la localidad, por su penoso gobierno.<\/p>\n<p>Arning difundi\u00f3 un sumario administrativo donde se acusa a un delegado municipal formar parte de una maniobra, para facilitar carnets de conducir de manera irregular. Para luego destacar que el acusado es \u201cdelegado de ATE\u201d, intentando ensuciar a nuestra organizaci\u00f3n sindical con dicha maniobra.<\/p>\n<p>En tal sentido, la ATE C\u00f3rdoba se vio obligada a informar que no tuvo, ni tiene ninguna intervenci\u00f3n en los hechos denunciados y que toda actuaci\u00f3n administrativa y judicial apunta exclusivamente contra el acusado, que por cierto goza de presunci\u00f3n de inocencia hasta que se esclarezcan las presuntas irregularidades.<\/p>\n<p>En consecuencia, el secretario General de la ATE provincial, Federico Giuliani, curs\u00f3 una carta documento a la intendenta, exigiendo unas clara rectificaci\u00f3n, ya que los dichos de las Municipalidad constituyen actos discriminatorios y lesivos de los derechos y garant\u00edas establecidas por los Tratados de la OIT, establecidos como obligatorios para la Argentina, y para Mendiolaza tambi\u00e9n.<\/p>\n<p>Cabe se\u00f1alar que los hechos denunciados se habr\u00edan realizado con anterioridad al ingreso de ATE como sindicato representativo de las y los municipales en la localidad que Arning gobierna. De esta forma, la intendenta apela a un recurso difamatorio con el \u00fanico objetivo de salvar su cuestionada gesti\u00f3n.<\/p>\n<p>Asimismo, vale recordar que a principios de su gesti\u00f3n la intendenta tuvo como Director \u00e1rea quien en ese momento era Secretario General del SETEM, sindicato local de municipales, quien fue destituido de su cargo dentro de dicha organizaci\u00f3n por sus propios afiliados. Esto demuestra claramente que Arling solo acepta relaciones con los sindicatos marcadas por la sumisi\u00f3n y la entrega de los derechos de los y las trabajadoras.<\/p>\n<p>Por ello ATE ratific\u00f3 su voluntad y compromiso \u201cpara representar a los y las trabajadoras municipales, trabajando para la mejora de los salarios y las condiciones de trabajo. Cualquier otra menci\u00f3n a nuestro sindicato forma para de la manipulaci\u00f3n pol\u00edtica de Arning\u201d.<\/p>\n","protected":false},"excerpt":{"rendered":"<p>Mientras designa como funcionario de su gabinete al referente del sindicato municipal local, la intendenta de Mendiolaza, Adela Arning, se encarga de atacar a la Asociaci\u00f3n Trabajadores del Estado (ATE). Con un comunicado de prensa trata de deslegitimar la impugnaci\u00f3n a la revocatoria de su gesti\u00f3n que llevan adelante las y los vecinos de la [&hellip;]<\/p>\n","protected":false},"author":7,"featured_media":50848,"comment_status":"open","ping_status":"open","sticky":false,"template":"","format":"standard","meta":{"_exactmetrics_skip_tracking":false,"_exactmetrics_sitenote_active":false,"_exactmetrics_sitenote_note":"","_exactmetrics_sitenote_category":0,"jnews-multi-image_gallery":[],"jnews_single_post":{"format":"standard","override":[{"template":"1","parallax":"1","fullscreen":"1","layout":"no-sidebar-narrow","sidebar":"default-sidebar","second_sidebar":"default-sidebar","sticky_sidebar":"1","share_position":"bottom","share_float_style":"share-monocrhome","show_share_counter":"1","show_view_counter":"1","show_post_meta":"1","show_post_author_image":"1","show_post_date":"1","post_date_format":"default","post_date_format_custom":"Y\/m\/d","show_post_category":"1","show_post_reading_time":"0","post_reading_time_wpm":"300","post_calculate_word_method":"str_word_count","show_zoom_button":"0","zoom_button_out_step":"2","zoom_button_in_step":"3","show_post_tag":"1","number_popup_post":"1","show_post_related":"1","show_inline_post_related":"0"}],"image_override":[{"single_post_thumbnail_size":"crop-500","single_post_gallery_size":"crop-500"}],"trending_post_position":"meta","trending_post_label":"Trending","sponsored_post_label":"Sponsored by","disable_ad":"0"},"jnews_primary_category":[],"jnews_social_meta":[],"jnews_review":[],"enable_review":"","type":"percentage","name":"","summary":"","brand":"","sku":"","good":[],"bad":[],"score_override":"","override_value":"","rating":[],"price":[],"jnews_override_counter":{"view_counter_number":"0","share_counter_number":"0","like_counter_number":"0","dislike_counter_number":"0"},"jnews_post_split":{"post_split":[{"template":"1","tag":"h2","numbering":"asc","mode":"normal","first":"0","enable_toc":"0","toc_type":"normal"}]},"footnotes":""},"categories":[20],"tags":[],"class_list":["post-50847","post","type-post","status-publish","format-standard","has-post-thumbnail","hentry","category-municipales"],"jetpack_featured_media_url":"https:\/\/atecordoba.org\/wp-content\/uploads\/2025\/09\/intedenta-mendiolaza-e1758808628580.webp","_links":{"self":[{"href":"https:\/\/atecordoba.org\/index.php?rest_route=\/wp\/v2\/posts\/50847","targetHints":{"allow":["GET"]}}],"collection":[{"href":"https:\/\/atecordoba.org\/index.php?rest_route=\/wp\/v2\/posts"}],"about":[{"href":"https:\/\/atecordoba.org\/index.php?rest_route=\/wp\/v2\/types\/post"}],"author":[{"embeddable":true,"href":"https:\/\/atecordoba.org\/index.php?rest_route=\/wp\/v2\/users\/7"}],"replies":[{"embeddable":true,"href":"https:\/\/atecordoba.org\/index.php?rest_route=%2Fwp%2Fv2%2Fcomments&post=50847"}],"version-history":[{"count":1,"href":"https:\/\/atecordoba.org\/index.php?rest_route=\/wp\/v2\/posts\/50847\/revisions"}],"predecessor-version":[{"id":50849,"href":"https:\/\/atecordoba.org\/index.php?rest_route=\/wp\/v2\/posts\/50847\/revisions\/50849"}],"wp:featuredmedia":[{"embeddable":true,"href":"https:\/\/atecordoba.org\/index.php?rest_route=\/wp\/v2\/media\/50848"}],"wp:attachment":[{"href":"https:\/\/atecordoba.org\/index.php?rest_route=%2Fwp%2Fv2%2Fmedia&parent=50847"}],"wp:term":[{"taxonomy":"category","embeddable":true,"href":"https:\/\/atecordoba.org\/index.php?rest_route=%2Fwp%2Fv2%2Fcategories&post=50847"},{"taxonomy":"post_tag","embeddable":true,"href":"https:\/\/atecordoba.org\/index.php?rest_route=%2Fwp%2Fv2%2Ftags&post=50847"}],"curies":[{"name":"wp","href":"https:\/\/api.w.org\/{rel}","templated":true}]}}