{"id":50840,"date":"2025-09-24T13:12:46","date_gmt":"2025-09-24T16:12:46","guid":{"rendered":"https:\/\/atecordoba.org\/?p=50840"},"modified":"2025-09-24T13:12:46","modified_gmt":"2025-09-24T16:12:46","slug":"ciclo-mano-a-mano-accion-politica-llevo-el-debate-sobre-discapacidad-a-la-seccional-ate-rio-tercero","status":"publish","type":"post","link":"https:\/\/atecordoba.org\/?p=50840","title":{"rendered":"Ciclo Mano a Mano: Acci\u00f3n Pol\u00edtica llev\u00f3 el debate sobre discapacidad a la seccional ATE R\u00edo Tercero"},"content":{"rendered":"<p><img loading=\"lazy\" decoding=\"async\" class=\"aligncenter wp-image-50841 \" src=\"https:\/\/atecordoba.org\/wp-content\/uploads\/2025\/09\/WhatsApp-Image-2025-09-24-at-10.14.58-1-1024x576.jpeg\" alt=\"\" width=\"620\" height=\"349\" \/>El pasado jueves 18 de setiembre se llev\u00f3 a cabo en la seccional ATE Rio Tercero una nueva edici\u00f3n del ciclo de charlas militantes Mano a Mano, organizada por la Secretaria de Acci\u00f3n Pol\u00edtica del Consejo Directivo Provincial (CDP), que abord\u00f3 la tem\u00e1tica de Discapacidad y su coyuntura dado el ataque a las pol\u00edticas p\u00fablicas en la materia que viene realizando el Gobierno de Javier Milei.<\/p>\n<p>Estuvieron\u00a0 presentes por el CDP la secretaria de Acci\u00f3n Pol\u00edtica Alejandra Agnone, la encargada del Departamento de Discapacidad de ATE C\u00f3rdoba, Vanesa Hern\u00e1ndez, y la abogada Mar\u00eda Noel Tapia Varela, presidenta de la Asociaci\u00f3n de Hermanos por la Salud Mental (AHESAM) y directora de la Sala de Salud Mental y Adicciones del Colegio de Abogados de C\u00f3rdoba.<img loading=\"lazy\" decoding=\"async\" class=\"aligncenter wp-image-50842 \" src=\"https:\/\/atecordoba.org\/wp-content\/uploads\/2025\/09\/WhatsApp-Image-2025-09-24-at-10.14.59-1-1024x497.jpeg\" alt=\"\" width=\"614\" height=\"298\" srcset=\"https:\/\/atecordoba.org\/wp-content\/uploads\/2025\/09\/WhatsApp-Image-2025-09-24-at-10.14.59-1-1024x497.jpeg 1024w, https:\/\/atecordoba.org\/wp-content\/uploads\/2025\/09\/WhatsApp-Image-2025-09-24-at-10.14.59-1-300x145.jpeg 300w, https:\/\/atecordoba.org\/wp-content\/uploads\/2025\/09\/WhatsApp-Image-2025-09-24-at-10.14.59-1-768x372.jpeg 768w, https:\/\/atecordoba.org\/wp-content\/uploads\/2025\/09\/WhatsApp-Image-2025-09-24-at-10.14.59-1-750x364.jpeg 750w, https:\/\/atecordoba.org\/wp-content\/uploads\/2025\/09\/WhatsApp-Image-2025-09-24-at-10.14.59-1-1140x553.jpeg 1140w, https:\/\/atecordoba.org\/wp-content\/uploads\/2025\/09\/WhatsApp-Image-2025-09-24-at-10.14.59-1.jpeg 1522w\" sizes=\"auto, (max-width: 614px) 100vw, 614px\" \/><\/p>\n<p>Como anfitri\u00f3n particip\u00f3 el secretario General de la Seccional de ATE R\u00edo Tercero, David Salto, junto a compa\u00f1eros de comisi\u00f3n directiva de dicha seccional y afiliados de la misma.<\/p>\n<p>\u201cEs un desaf\u00edo llevar al interior de la provincia las consignas de los ciclos Mano a Mano que venimos realizando desde la Secretaria, de suma importancia para dar estos debates y mucho m\u00e1s en tem\u00e1ticas como Discapacidad, que es un tema que sigue en crisis, y que nos atraviesa nos solo como estatales, a partir del retiro de las pol\u00edticas p\u00fablicas de contenci\u00f3n y gesti\u00f3n, sino tambi\u00e9n como sociedad. Debemos dar los espacios como sindicato para debatir estos temas\u201d, explic\u00f3 Agnone.<\/p>\n<p>Y remarc\u00f3 que \u201cfue muy emotivo el encuentro en la Seccional de Rio Tercero, compartimos experiencias, nos capacitamos y reflexionamos sobre la problem\u00e1tica, se vio reflejado el esp\u00edritu del encuentro\u201d.<img loading=\"lazy\" decoding=\"async\" class=\"aligncenter wp-image-50843 \" src=\"https:\/\/atecordoba.org\/wp-content\/uploads\/2025\/09\/WhatsApp-Image-2025-09-24-at-10.14.59-1024x503.jpeg\" alt=\"\" width=\"620\" height=\"304\" srcset=\"https:\/\/atecordoba.org\/wp-content\/uploads\/2025\/09\/WhatsApp-Image-2025-09-24-at-10.14.59-1024x503.jpeg 1024w, https:\/\/atecordoba.org\/wp-content\/uploads\/2025\/09\/WhatsApp-Image-2025-09-24-at-10.14.59-300x147.jpeg 300w, https:\/\/atecordoba.org\/wp-content\/uploads\/2025\/09\/WhatsApp-Image-2025-09-24-at-10.14.59-768x377.jpeg 768w, https:\/\/atecordoba.org\/wp-content\/uploads\/2025\/09\/WhatsApp-Image-2025-09-24-at-10.14.59-750x368.jpeg 750w, https:\/\/atecordoba.org\/wp-content\/uploads\/2025\/09\/WhatsApp-Image-2025-09-24-at-10.14.59-1140x560.jpeg 1140w, https:\/\/atecordoba.org\/wp-content\/uploads\/2025\/09\/WhatsApp-Image-2025-09-24-at-10.14.59.jpeg 1503w\" sizes=\"auto, (max-width: 620px) 100vw, 620px\" \/><\/p>\n<p>La dirigente explic\u00f3 que el desguace de organismos p\u00fablicos como la Administraci\u00f3n Nacional de Discapacidad (ANDIS), apenas asumido el gobierno de Milei \u201cno solo trajo aparejador la \u00a0p\u00e9rdida de puestos de trabajo, sino que adem\u00e1s evidenci\u00f3 que discapacidad no estaba en la agenda del gobierno. Por el contrario, su agenda est\u00e1 marcada por el desamparo de la poblaci\u00f3n con discapacidades y el retiro de pol\u00edticas p\u00fablicas\u201d.<\/p>\n<p>\u201cEl escenario pol\u00edtico sobre discapacidad va cambiando d\u00eda a d\u00eda, aunque finalmente la normativa fuera sancionada por el Senado con amplio respaldo parlamentario con vigencia hasta diciembre de 2026,\u00a0 todav\u00eda debe ser reglamentada\u201d, dijo Agnone.<\/p>\n<p>Aunque fue promulgada, el Ejecutivo suspendi\u00f3 la puesta en vigor de la norma argumentando falsamente falta de financiamiento, en una medida ilegal e in\u00e9dita de parte del Gobierno Nacional, lo que demuestra el nulo respeto por la Constituci\u00f3n de Milei.<img loading=\"lazy\" decoding=\"async\" class=\"aligncenter wp-image-50844 \" src=\"https:\/\/atecordoba.org\/wp-content\/uploads\/2025\/09\/WhatsApp-Image-2025-09-24-at-10.14.30-1024x472.jpeg\" alt=\"\" width=\"620\" height=\"286\" srcset=\"https:\/\/atecordoba.org\/wp-content\/uploads\/2025\/09\/WhatsApp-Image-2025-09-24-at-10.14.30-1024x472.jpeg 1024w, https:\/\/atecordoba.org\/wp-content\/uploads\/2025\/09\/WhatsApp-Image-2025-09-24-at-10.14.30-300x138.jpeg 300w, https:\/\/atecordoba.org\/wp-content\/uploads\/2025\/09\/WhatsApp-Image-2025-09-24-at-10.14.30-768x354.jpeg 768w, https:\/\/atecordoba.org\/wp-content\/uploads\/2025\/09\/WhatsApp-Image-2025-09-24-at-10.14.30-1536x708.jpeg 1536w, https:\/\/atecordoba.org\/wp-content\/uploads\/2025\/09\/WhatsApp-Image-2025-09-24-at-10.14.30-750x345.jpeg 750w, https:\/\/atecordoba.org\/wp-content\/uploads\/2025\/09\/WhatsApp-Image-2025-09-24-at-10.14.30-1140x525.jpeg 1140w, https:\/\/atecordoba.org\/wp-content\/uploads\/2025\/09\/WhatsApp-Image-2025-09-24-at-10.14.30.jpeg 1600w\" sizes=\"auto, (max-width: 620px) 100vw, 620px\" \/><\/p>\n<p>\u201cTambi\u00e9n cabe destacar que el cupo por discapacidad que se exige a los organismos p\u00fablicos no se cumplen en todos los casos, lo que da cuenta que a\u00fan falta un largo camino por recorrer. \u00a0\u00a0\u00a0No cabe ninguna duda que desde ATE vamos a seguir en la lucha por estos derechos llevando estos debates al territorio para brindar la formaci\u00f3n y concientizaci\u00f3n que el tema se merece, acompa\u00f1ando y exigiendo en las calles que no se vulneren m\u00e1s los derechos de las personas con discapacidad\u201d.<\/p>\n","protected":false},"excerpt":{"rendered":"<p>El pasado jueves 18 de setiembre se llev\u00f3 a cabo en la seccional ATE Rio Tercero una nueva edici\u00f3n del ciclo de charlas militantes Mano a Mano, organizada por la Secretaria de Acci\u00f3n Pol\u00edtica del Consejo Directivo Provincial (CDP), que abord\u00f3 la tem\u00e1tica de Discapacidad y su coyuntura dado el ataque a las pol\u00edticas p\u00fablicas [&hellip;]<\/p>\n","protected":false},"author":7,"featured_media":50841,"comment_status":"open","ping_status":"open","sticky":false,"template":"","format":"standard","meta":{"_exactmetrics_skip_tracking":false,"_exactmetrics_sitenote_active":false,"_exactmetrics_sitenote_note":"","_exactmetrics_sitenote_category":0,"jnews-multi-image_gallery":[],"jnews_single_post":{"format":"standard","override":[{"template":"1","parallax":"1","fullscreen":"1","layout":"no-sidebar-narrow","sidebar":"default-sidebar","second_sidebar":"default-sidebar","sticky_sidebar":"1","share_position":"bottom","share_float_style":"share-monocrhome","show_share_counter":"1","show_view_counter":"1","show_post_meta":"1","show_post_author_image":"1","show_post_date":"1","post_date_format":"default","post_date_format_custom":"Y\/m\/d","show_post_category":"1","show_post_reading_time":"0","post_reading_time_wpm":"300","post_calculate_word_method":"str_word_count","show_zoom_button":"0","zoom_button_out_step":"2","zoom_button_in_step":"3","show_post_tag":"1","number_popup_post":"1","show_post_related":"1","show_inline_post_related":"0"}],"image_override":[{"single_post_thumbnail_size":"crop-500","single_post_gallery_size":"crop-500"}],"trending_post_position":"meta","trending_post_label":"Trending","sponsored_post_label":"Sponsored by","disable_ad":"0"},"jnews_primary_category":[],"jnews_social_meta":[],"jnews_review":[],"enable_review":"","type":"percentage","name":"","summary":"","brand":"","sku":"","good":[],"bad":[],"score_override":"","override_value":"","rating":[],"price":[],"jnews_override_counter":{"view_counter_number":"0","share_counter_number":"0","like_counter_number":"0","dislike_counter_number":"0"},"jnews_post_split":{"post_split":[{"template":"1","tag":"h2","numbering":"asc","mode":"normal","first":"0","enable_toc":"0","toc_type":"normal"}]},"footnotes":""},"categories":[341],"tags":[],"class_list":["post-50840","post","type-post","status-publish","format-standard","has-post-thumbnail","hentry","category-cdp"],"jetpack_featured_media_url":"https:\/\/atecordoba.org\/wp-content\/uploads\/2025\/09\/WhatsApp-Image-2025-09-24-at-10.14.58-1-e1758728907319.jpeg","_links":{"self":[{"href":"https:\/\/atecordoba.org\/index.php?rest_route=\/wp\/v2\/posts\/50840","targetHints":{"allow":["GET"]}}],"collection":[{"href":"https:\/\/atecordoba.org\/index.php?rest_route=\/wp\/v2\/posts"}],"about":[{"href":"https:\/\/atecordoba.org\/index.php?rest_route=\/wp\/v2\/types\/post"}],"author":[{"embeddable":true,"href":"https:\/\/atecordoba.org\/index.php?rest_route=\/wp\/v2\/users\/7"}],"replies":[{"embeddable":true,"href":"https:\/\/atecordoba.org\/index.php?rest_route=%2Fwp%2Fv2%2Fcomments&post=50840"}],"version-history":[{"count":1,"href":"https:\/\/atecordoba.org\/index.php?rest_route=\/wp\/v2\/posts\/50840\/revisions"}],"predecessor-version":[{"id":50845,"href":"https:\/\/atecordoba.org\/index.php?rest_route=\/wp\/v2\/posts\/50840\/revisions\/50845"}],"wp:featuredmedia":[{"embeddable":true,"href":"https:\/\/atecordoba.org\/index.php?rest_route=\/wp\/v2\/media\/50841"}],"wp:attachment":[{"href":"https:\/\/atecordoba.org\/index.php?rest_route=%2Fwp%2Fv2%2Fmedia&parent=50840"}],"wp:term":[{"taxonomy":"category","embeddable":true,"href":"https:\/\/atecordoba.org\/index.php?rest_route=%2Fwp%2Fv2%2Fcategories&post=50840"},{"taxonomy":"post_tag","embeddable":true,"href":"https:\/\/atecordoba.org\/index.php?rest_route=%2Fwp%2Fv2%2Ftags&post=50840"}],"curies":[{"name":"wp","href":"https:\/\/api.w.org\/{rel}","templated":true}]}}