{"id":50834,"date":"2025-09-24T11:45:06","date_gmt":"2025-09-24T14:45:06","guid":{"rendered":"https:\/\/atecordoba.org\/?p=50834"},"modified":"2025-09-24T11:45:06","modified_gmt":"2025-09-24T14:45:06","slug":"ate-cordoba-repudia-el-nuevo-endeudamiento-con-ee-uu-y-la-entrega-de-soberania-nacional","status":"publish","type":"post","link":"https:\/\/atecordoba.org\/?p=50834","title":{"rendered":"ATE C\u00f3rdoba repudia el nuevo endeudamiento con EE.UU. y la entrega de soberan\u00eda nacional"},"content":{"rendered":"<p><img loading=\"lazy\" decoding=\"async\" class=\"aligncenter wp-image-50836 \" src=\"https:\/\/atecordoba.org\/wp-content\/uploads\/2025\/09\/milei-trump.avif\" alt=\"\" width=\"609\" height=\"406\" srcset=\"https:\/\/atecordoba.org\/wp-content\/uploads\/2025\/09\/milei-trump.avif 1000w, https:\/\/atecordoba.org\/wp-content\/uploads\/2025\/09\/milei-trump-300x200.avif 300w, https:\/\/atecordoba.org\/wp-content\/uploads\/2025\/09\/milei-trump-768x512.avif 768w, https:\/\/atecordoba.org\/wp-content\/uploads\/2025\/09\/milei-trump-750x500.avif 750w\" sizes=\"auto, (max-width: 609px) 100vw, 609px\" \/>Desde el Consejo Directivo Provincial de ATE C\u00f3rdoba, en representaci\u00f3n de los y las estatales de la provincia, como trabajadores y trabajadoras organizadas, expresamos nuestro m\u00e1s firme repudio al camino de endeudamiento que el gobierno de Javier Milei contin\u00faa profundizando.<\/p>\n<p>La visita a Estados Unidos de nuestro Presidente, como verdadero lacayo del pa\u00eds del norte, para solicitar nuevos fondos al Tesoro norteamericano y a otros organismos multilaterales no es un hecho aislado, sino la continuidad de una pol\u00edtica de subordinaci\u00f3n total al poder financiero internacional.<\/p>\n<p>La nueva deuda que se gestiona no est\u00e1 pensada para reactivar la econom\u00eda ni aliviar la situaci\u00f3n de las mayor\u00edas empobrecidas, sino para sostener la especulaci\u00f3n financiera, garantizar las ganancias de los grandes fondos de inversi\u00f3n y asegurar la sobrevida electoral del gobierno hasta octubre.<\/p>\n<p>Como ya ocurri\u00f3 con el acuerdo firmado con el FMI por Mauricio Macri y Luis &#8216;Toto&#8217; Caputo en 2018, esta deuda la pagar\u00e1 el pueblo argentino con m\u00e1s hambre, ajuste, privatizaciones, p\u00e9rdida de derechos y destrucci\u00f3n de las pol\u00edticas publicas y el aparato productivo.<\/p>\n<p>Mientras las mayor\u00edas populares enfrentan desempleo, hambre, recorte de salarios, destrucci\u00f3n de los sistemas de salud y educaci\u00f3n p\u00fablicas; los gobiernos celebran que los mercados \u201cconf\u00edan\u201d porque garantizan ajuste, disciplina fiscal y entrega.<\/p>\n<p>Asistimos hoy a la consolidaci\u00f3n\u00a0 de un modelo de &#8220;colonia financiera&#8221; tanto en Naci\u00f3n como en Provincia de C\u00f3rdoba.<\/p>\n<p>La farsa de la \u201cconfianza de los mercados\u201d oficia de excusa para profundizar el ajuste y vender soberan\u00eda.<\/p>\n<p>Sabemos que la deuda no es inversi\u00f3n ni desarrollo: es dependencia, condicionamiento y exclusi\u00f3n.<\/p>\n<p>En consecuencia, denunciamos:<\/p>\n<p>*La opacidad con la que se negocian estos compromisos.<\/p>\n<p>*El uso del endeudamiento para condicionar la soberan\u00eda, bajo presi\u00f3n del Departamento del Tesoro y Wall Street.<\/p>\n<p>*El avance de una nueva recolonizaci\u00f3n financiera que hipotecar\u00e1 por d\u00e9cadas nuestros recursos estrat\u00e9gicos y nuestra capacidad de decisi\u00f3n soberana.<\/p>\n<p>Reafirmamos nuestra convicci\u00f3n de que la deuda es con el Pueblo, no con los acreedores. La deuda ileg\u00edtima y fraudulenta no se paga: se investiga, se denuncia y se resiste.<\/p>\n<p>\u00a1Fuera el FMI y el Tesoro de Washington de nuestra pol\u00edtica econ\u00f3mica!<\/p>\n<p>\u00a1Ni Milei ni Llaryora!<\/p>\n<p>\u00a1La deuda es con el pueblo, no con los mercados!<\/p>\n<p>\u00a1Por una Argentina y una C\u00f3rdoba soberanas y justas, libres de deuda y de miseria planificada!<\/p>\n<p>Y convocamos a la organizaci\u00f3n y lucha militante hasta que caigan los gobiernos opresores y entreguistas y por la construcci\u00f3n de la soberan\u00eda popular<\/p>\n","protected":false},"excerpt":{"rendered":"<p>Desde el Consejo Directivo Provincial de ATE C\u00f3rdoba, en representaci\u00f3n de los y las estatales de la provincia, como trabajadores y trabajadoras organizadas, expresamos nuestro m\u00e1s firme repudio al camino de endeudamiento que el gobierno de Javier Milei contin\u00faa profundizando. La visita a Estados Unidos de nuestro Presidente, como verdadero lacayo del pa\u00eds del norte, [&hellip;]<\/p>\n","protected":false},"author":7,"featured_media":50836,"comment_status":"open","ping_status":"open","sticky":false,"template":"","format":"standard","meta":{"_exactmetrics_skip_tracking":false,"_exactmetrics_sitenote_active":false,"_exactmetrics_sitenote_note":"","_exactmetrics_sitenote_category":0,"jnews-multi-image_gallery":[],"jnews_single_post":[],"jnews_primary_category":[],"jnews_social_meta":[],"jnews_review":[],"enable_review":"","type":"","name":"","summary":"","brand":"","sku":"","good":[],"bad":[],"score_override":"","override_value":"","rating":[],"price":[],"jnews_override_counter":[],"jnews_post_split":[],"footnotes":""},"categories":[10],"tags":[],"class_list":["post-50834","post","type-post","status-publish","format-standard","has-post-thumbnail","hentry","category-accion-politica"],"jetpack_featured_media_url":"https:\/\/atecordoba.org\/wp-content\/uploads\/2025\/09\/milei-trump.avif","_links":{"self":[{"href":"https:\/\/atecordoba.org\/index.php?rest_route=\/wp\/v2\/posts\/50834","targetHints":{"allow":["GET"]}}],"collection":[{"href":"https:\/\/atecordoba.org\/index.php?rest_route=\/wp\/v2\/posts"}],"about":[{"href":"https:\/\/atecordoba.org\/index.php?rest_route=\/wp\/v2\/types\/post"}],"author":[{"embeddable":true,"href":"https:\/\/atecordoba.org\/index.php?rest_route=\/wp\/v2\/users\/7"}],"replies":[{"embeddable":true,"href":"https:\/\/atecordoba.org\/index.php?rest_route=%2Fwp%2Fv2%2Fcomments&post=50834"}],"version-history":[{"count":1,"href":"https:\/\/atecordoba.org\/index.php?rest_route=\/wp\/v2\/posts\/50834\/revisions"}],"predecessor-version":[{"id":50837,"href":"https:\/\/atecordoba.org\/index.php?rest_route=\/wp\/v2\/posts\/50834\/revisions\/50837"}],"wp:featuredmedia":[{"embeddable":true,"href":"https:\/\/atecordoba.org\/index.php?rest_route=\/wp\/v2\/media\/50836"}],"wp:attachment":[{"href":"https:\/\/atecordoba.org\/index.php?rest_route=%2Fwp%2Fv2%2Fmedia&parent=50834"}],"wp:term":[{"taxonomy":"category","embeddable":true,"href":"https:\/\/atecordoba.org\/index.php?rest_route=%2Fwp%2Fv2%2Fcategories&post=50834"},{"taxonomy":"post_tag","embeddable":true,"href":"https:\/\/atecordoba.org\/index.php?rest_route=%2Fwp%2Fv2%2Ftags&post=50834"}],"curies":[{"name":"wp","href":"https:\/\/api.w.org\/{rel}","templated":true}]}}