{"id":50830,"date":"2025-09-23T14:43:30","date_gmt":"2025-09-23T17:43:30","guid":{"rendered":"https:\/\/atecordoba.org\/?p=50830"},"modified":"2025-09-23T14:43:30","modified_gmt":"2025-09-23T17:43:30","slug":"cesar-theaux-declaro-como-imputado-en-la-causa-de-la-represion-a-la-ctaa","status":"publish","type":"post","link":"https:\/\/atecordoba.org\/?p=50830","title":{"rendered":"Cesar Theaux declar\u00f3 como imputado en la causa de la represi\u00f3n a la CTAA"},"content":{"rendered":"<figure id=\"attachment_50831\" aria-describedby=\"caption-attachment-50831\" style=\"width: 617px\" class=\"wp-caption aligncenter\"><img loading=\"lazy\" decoding=\"async\" class=\"wp-image-50831\" src=\"https:\/\/atecordoba.org\/wp-content\/uploads\/2025\/09\/WhatsApp-Image-2025-09-23-at-11.01.54-1024x768.jpeg\" alt=\"\" width=\"617\" height=\"463\" srcset=\"https:\/\/atecordoba.org\/wp-content\/uploads\/2025\/09\/WhatsApp-Image-2025-09-23-at-11.01.54-1024x768.jpeg 1024w, https:\/\/atecordoba.org\/wp-content\/uploads\/2025\/09\/WhatsApp-Image-2025-09-23-at-11.01.54-300x225.jpeg 300w, https:\/\/atecordoba.org\/wp-content\/uploads\/2025\/09\/WhatsApp-Image-2025-09-23-at-11.01.54-768x576.jpeg 768w, https:\/\/atecordoba.org\/wp-content\/uploads\/2025\/09\/WhatsApp-Image-2025-09-23-at-11.01.54-750x563.jpeg 750w, https:\/\/atecordoba.org\/wp-content\/uploads\/2025\/09\/WhatsApp-Image-2025-09-23-at-11.01.54-1140x855.jpeg 1140w, https:\/\/atecordoba.org\/wp-content\/uploads\/2025\/09\/WhatsApp-Image-2025-09-23-at-11.01.54.jpeg 1280w\" sizes=\"auto, (max-width: 617px) 100vw, 617px\" \/><figcaption id=\"caption-attachment-50831\" class=\"wp-caption-text\">C\u00e9sar Theaux, entre los abogados Claudio Orosz y Eugenio Biafore.<\/figcaption><\/figure>\n<p>Hoy por la ma\u00f1ana seee present\u00f3 en Tribunales II el secretario de DDHH de ATE C\u00f3rdoba, C\u00e9sar Theaux, para realizar su declaraci\u00f3n indagatoria en la fiscal\u00eda a cargo de Ernesto De Arag\u00f3n, en el marco de la causa donde result\u00f3 imputado tras haber sufrido la represi\u00f3n y posterior detenci\u00f3n durante la marcha de la CTAA a la Municipalidad de C\u00f3rdoba, en reclamo de alimentos para los merenderos y comederos barriales de la Federaci\u00f3n Nacional Territorial (FeNaT-CTAA).<\/p>\n<p>En aquella ocasi\u00f3n Theaux, a pesar de haberse identificado como abogado, termin\u00f3 detenido en el Penal de Bouwer, junto a otros y otras 14 compa\u00f1eras, incluido el secretario General de ATE C\u00f3rdoba, Federico Giuliani.<\/p>\n<p>Convocado por el fiscal De Arag\u00f3n, a cargo de las actuaciones referidas a la represi\u00f3n de la protesta social en el centro de la ciudad de C\u00f3rdoba, Theaux present\u00f3 un escrito junto a los letrados Claudio Orosz y Eugenio Biafore, explicando lo sucedido aquel 28 de agosto y rechazando la versi\u00f3n policial de los hechos, por falsa e inveros\u00edmil.<\/p>\n<p>El dirigente est\u00e1 imputado por los delitos\u00a0lesiones leves, resistencia a la autoridad y amenazas. En el escrito, cada acusaci\u00f3n fue desmentida.<\/p>\n<p>&#8220;Seg\u00fan el fiscal, Federico Giuliani y yo, a coro porque los dos habr\u00edamos repetido las mismas frases a los polic\u00edas, de manera inveros\u00edmil los habr\u00edamos amenazado con correrlos hasta sus casas, que conoc\u00edamos con anterioridad. Todo, en un hecho que ocurri\u00f3 en el transcurso de 7 minutos ya que llegamos al lugar a las 10.15 seg\u00fan su relato de los hechos y las detenciones se produjeron 10.22. Adem\u00e1s, quisimos prender fuego unas cubiertas, luego entramos por la fuerza a las oficinas de la Municipalidad. E inmediatamente fuimos reducidos. No sin antes da\u00f1ar un escritorio, lesionar a seis oficiales del polic\u00eda, todos con escoriaciones de 0.5 centimetros, con periodos de recuperaci\u00f3n de 7 a 15 d\u00edas. Y por \u00faltimo, seg\u00fan la acusaci\u00f3n del fiscal, produjimos a un ni\u00f1o un episodio psic\u00f3tico por nuestros hechos de violencia, que tiene s\u00edndrome autista. Una locura como todo lo que dice De Arag\u00f3n&#8221;, afirm\u00f3 Theaux en la puerta de Tribunales.<\/p>\n<p>El dirigente inform\u00f3 que el fiscal &#8220;no mostr\u00f3 ni mencion\u00f3 la prueba que posee&#8221; y que prometi\u00f3 que la pondr\u00e1 a disposici\u00f3n de las defensas los videos que tiene en su poder la polic\u00eda, una vez finalizadas las declaraciones indagatorias de los imputados.<\/p>\n<p>&nbsp;<\/p>\n<p>De esta forma, prosigue la causa judicial que criminaliza la protesta en C\u00f3rdoba, y est\u00e1 a cargo de un fiscal que muestra permanente ensa\u00f1amiento con ATE y la CTAA, por el solo hecho de ejercer el derecho constitucional a la protesta.<\/p>\n","protected":false},"excerpt":{"rendered":"<p>Hoy por la ma\u00f1ana seee present\u00f3 en Tribunales II el secretario de DDHH de ATE C\u00f3rdoba, C\u00e9sar Theaux, para realizar su declaraci\u00f3n indagatoria en la fiscal\u00eda a cargo de Ernesto De Arag\u00f3n, en el marco de la causa donde result\u00f3 imputado tras haber sufrido la represi\u00f3n y posterior detenci\u00f3n durante la marcha de la CTAA [&hellip;]<\/p>\n","protected":false},"author":7,"featured_media":50831,"comment_status":"open","ping_status":"open","sticky":false,"template":"","format":"standard","meta":{"_exactmetrics_skip_tracking":false,"_exactmetrics_sitenote_active":false,"_exactmetrics_sitenote_note":"","_exactmetrics_sitenote_category":0,"jnews-multi-image_gallery":[],"jnews_single_post":[],"jnews_primary_category":[],"jnews_social_meta":[],"jnews_review":[],"enable_review":"","type":"","name":"","summary":"","brand":"","sku":"","good":[],"bad":[],"score_override":"","override_value":"","rating":[],"price":[],"jnews_override_counter":[],"jnews_post_split":[],"footnotes":""},"categories":[341],"tags":[],"class_list":["post-50830","post","type-post","status-publish","format-standard","has-post-thumbnail","hentry","category-cdp"],"jetpack_featured_media_url":"https:\/\/atecordoba.org\/wp-content\/uploads\/2025\/09\/WhatsApp-Image-2025-09-23-at-11.01.54.jpeg","_links":{"self":[{"href":"https:\/\/atecordoba.org\/index.php?rest_route=\/wp\/v2\/posts\/50830","targetHints":{"allow":["GET"]}}],"collection":[{"href":"https:\/\/atecordoba.org\/index.php?rest_route=\/wp\/v2\/posts"}],"about":[{"href":"https:\/\/atecordoba.org\/index.php?rest_route=\/wp\/v2\/types\/post"}],"author":[{"embeddable":true,"href":"https:\/\/atecordoba.org\/index.php?rest_route=\/wp\/v2\/users\/7"}],"replies":[{"embeddable":true,"href":"https:\/\/atecordoba.org\/index.php?rest_route=%2Fwp%2Fv2%2Fcomments&post=50830"}],"version-history":[{"count":1,"href":"https:\/\/atecordoba.org\/index.php?rest_route=\/wp\/v2\/posts\/50830\/revisions"}],"predecessor-version":[{"id":50832,"href":"https:\/\/atecordoba.org\/index.php?rest_route=\/wp\/v2\/posts\/50830\/revisions\/50832"}],"wp:featuredmedia":[{"embeddable":true,"href":"https:\/\/atecordoba.org\/index.php?rest_route=\/wp\/v2\/media\/50831"}],"wp:attachment":[{"href":"https:\/\/atecordoba.org\/index.php?rest_route=%2Fwp%2Fv2%2Fmedia&parent=50830"}],"wp:term":[{"taxonomy":"category","embeddable":true,"href":"https:\/\/atecordoba.org\/index.php?rest_route=%2Fwp%2Fv2%2Fcategories&post=50830"},{"taxonomy":"post_tag","embeddable":true,"href":"https:\/\/atecordoba.org\/index.php?rest_route=%2Fwp%2Fv2%2Ftags&post=50830"}],"curies":[{"name":"wp","href":"https:\/\/api.w.org\/{rel}","templated":true}]}}