{"id":50823,"date":"2025-09-23T10:45:59","date_gmt":"2025-09-23T13:45:59","guid":{"rendered":"https:\/\/atecordoba.org\/?p=50823"},"modified":"2025-09-23T11:25:18","modified_gmt":"2025-09-23T14:25:18","slug":"villa-cura-brochero-ate-logra-acordar-con-el-ejecutivo-un-aumento-salarial-del-5-para-septiembre","status":"publish","type":"post","link":"https:\/\/atecordoba.org\/?p=50823","title":{"rendered":"Villa Cura Brochero: ATE logra acordar con el Ejecutivo un aumento salarial del 5% para septiembre"},"content":{"rendered":"<p><img loading=\"lazy\" decoding=\"async\" class=\"aligncenter wp-image-50824 size-full\" src=\"https:\/\/atecordoba.org\/wp-content\/uploads\/2025\/09\/brochero-1.png\" alt=\"\" width=\"628\" height=\"395\" srcset=\"https:\/\/atecordoba.org\/wp-content\/uploads\/2025\/09\/brochero-1.png 628w, https:\/\/atecordoba.org\/wp-content\/uploads\/2025\/09\/brochero-1-300x189.png 300w\" sizes=\"auto, (max-width: 628px) 100vw, 628px\" \/>En una reuni\u00f3n de la Mesa de Relaciones Laborales de la Municipalidad de Villa Cura Brochero, ATE acord\u00f3 un aumento salarial del 5% para todos los y las trabajadoras municipales de la localidad del Valle de Traslasierra.<\/p>\n<p>En la ocasi\u00f3n el Departamento Ejecutivo accedi\u00f3 a actualizar el \u00edtem refrigerio, al tiempo que ATE propuso discutir para el futuro que dicho pago sea equivalente al 5% del salario percibido.<\/p>\n<p>En representaci\u00f3n de la Municipalidad particip\u00f3 el secretario General de Gesti\u00f3n, Gerardo Cuello, en tanto la comitiva estatal estuvo integrada por los delegados Gustavo Cohen y Jos\u00e9 Tapia.<\/p>\n<p>Adem\u00e1s, el Ejecutivo volvi\u00f3 a comprometerse para llevar a cabo las recategorizaciones pendientes para el personal de planta permanente, as\u00ed como la entrega de las mudas de ropa de trabajo, aun no concretada.<\/p>\n<p>La pr\u00f3xima reuni\u00f3n qued\u00f3 fijada para el 24 de octubre, a los fines de acordar un nuevo acuerdo salarial.<\/p>\n","protected":false},"excerpt":{"rendered":"<p>En una reuni\u00f3n de la Mesa de Relaciones Laborales de la Municipalidad de Villa Cura Brochero, ATE acord\u00f3 un aumento salarial del 5% para todos los y las trabajadoras municipales de la localidad del Valle de Traslasierra. En la ocasi\u00f3n el Departamento Ejecutivo accedi\u00f3 a actualizar el \u00edtem refrigerio, al tiempo que ATE propuso discutir [&hellip;]<\/p>\n","protected":false},"author":7,"featured_media":50826,"comment_status":"open","ping_status":"open","sticky":false,"template":"","format":"standard","meta":{"_exactmetrics_skip_tracking":false,"_exactmetrics_sitenote_active":false,"_exactmetrics_sitenote_note":"","_exactmetrics_sitenote_category":0,"jnews-multi-image_gallery":[],"jnews_single_post":{"format":"standard","override":[{"template":"1","parallax":"1","fullscreen":"1","layout":"no-sidebar-narrow","sidebar":"default-sidebar","second_sidebar":"default-sidebar","sticky_sidebar":"1","share_position":"bottom","share_float_style":"share-monocrhome","show_share_counter":"1","show_view_counter":"1","show_post_meta":"1","show_post_author_image":"1","show_post_date":"1","post_date_format":"default","post_date_format_custom":"Y\/m\/d","show_post_category":"1","show_post_reading_time":"0","post_reading_time_wpm":"300","post_calculate_word_method":"str_word_count","show_zoom_button":"0","zoom_button_out_step":"2","zoom_button_in_step":"3","show_post_tag":"1","number_popup_post":"1","show_post_related":"1","show_inline_post_related":"0"}],"image_override":[{"single_post_thumbnail_size":"crop-500","single_post_gallery_size":"crop-500"}],"trending_post_position":"meta","trending_post_label":"Trending","sponsored_post_label":"Sponsored by","disable_ad":"0"},"jnews_primary_category":[],"jnews_social_meta":[],"jnews_review":[],"enable_review":"","type":"percentage","name":"","summary":"","brand":"","sku":"","good":[],"bad":[],"score_override":"","override_value":"","rating":[],"price":[],"jnews_override_counter":{"view_counter_number":"0","share_counter_number":"0","like_counter_number":"0","dislike_counter_number":"0"},"jnews_post_split":{"post_split":[{"template":"1","tag":"h2","numbering":"asc","mode":"normal","first":"0","enable_toc":"0","toc_type":"normal"}]},"footnotes":""},"categories":[20],"tags":[],"class_list":["post-50823","post","type-post","status-publish","format-standard","has-post-thumbnail","hentry","category-municipales"],"jetpack_featured_media_url":"https:\/\/atecordoba.org\/wp-content\/uploads\/2025\/09\/cura-brochero-naranja.jpeg","_links":{"self":[{"href":"https:\/\/atecordoba.org\/index.php?rest_route=\/wp\/v2\/posts\/50823","targetHints":{"allow":["GET"]}}],"collection":[{"href":"https:\/\/atecordoba.org\/index.php?rest_route=\/wp\/v2\/posts"}],"about":[{"href":"https:\/\/atecordoba.org\/index.php?rest_route=\/wp\/v2\/types\/post"}],"author":[{"embeddable":true,"href":"https:\/\/atecordoba.org\/index.php?rest_route=\/wp\/v2\/users\/7"}],"replies":[{"embeddable":true,"href":"https:\/\/atecordoba.org\/index.php?rest_route=%2Fwp%2Fv2%2Fcomments&post=50823"}],"version-history":[{"count":2,"href":"https:\/\/atecordoba.org\/index.php?rest_route=\/wp\/v2\/posts\/50823\/revisions"}],"predecessor-version":[{"id":50828,"href":"https:\/\/atecordoba.org\/index.php?rest_route=\/wp\/v2\/posts\/50823\/revisions\/50828"}],"wp:featuredmedia":[{"embeddable":true,"href":"https:\/\/atecordoba.org\/index.php?rest_route=\/wp\/v2\/media\/50826"}],"wp:attachment":[{"href":"https:\/\/atecordoba.org\/index.php?rest_route=%2Fwp%2Fv2%2Fmedia&parent=50823"}],"wp:term":[{"taxonomy":"category","embeddable":true,"href":"https:\/\/atecordoba.org\/index.php?rest_route=%2Fwp%2Fv2%2Fcategories&post=50823"},{"taxonomy":"post_tag","embeddable":true,"href":"https:\/\/atecordoba.org\/index.php?rest_route=%2Fwp%2Fv2%2Ftags&post=50823"}],"curies":[{"name":"wp","href":"https:\/\/api.w.org\/{rel}","templated":true}]}}