{"id":50815,"date":"2025-09-23T09:34:10","date_gmt":"2025-09-23T12:34:10","guid":{"rendered":"https:\/\/atecordoba.org\/?p=50815"},"modified":"2025-09-23T09:34:10","modified_gmt":"2025-09-23T12:34:10","slug":"ctaa-encuentro-provincial-de-la-militancia-y-presentacion-de-las-nuevas-regionales","status":"publish","type":"post","link":"https:\/\/atecordoba.org\/?p=50815","title":{"rendered":"CTAA: Encuentro Provincial de la Militancia y presentaci\u00f3n de las nuevas regionales"},"content":{"rendered":"<p><img loading=\"lazy\" decoding=\"async\" class=\"aligncenter wp-image-50816 \" src=\"https:\/\/atecordoba.org\/wp-content\/uploads\/2025\/09\/cta-encuentro-regionales-796x1024.jpg\" alt=\"\" width=\"614\" height=\"790\" srcset=\"https:\/\/atecordoba.org\/wp-content\/uploads\/2025\/09\/cta-encuentro-regionales-796x1024.jpg 796w, https:\/\/atecordoba.org\/wp-content\/uploads\/2025\/09\/cta-encuentro-regionales-233x300.jpg 233w, https:\/\/atecordoba.org\/wp-content\/uploads\/2025\/09\/cta-encuentro-regionales-768x988.jpg 768w, https:\/\/atecordoba.org\/wp-content\/uploads\/2025\/09\/cta-encuentro-regionales-750x965.jpg 750w, https:\/\/atecordoba.org\/wp-content\/uploads\/2025\/09\/cta-encuentro-regionales.jpg 1080w\" sizes=\"auto, (max-width: 614px) 100vw, 614px\" \/>Este mi\u00e9rcoles 24 de septiembre a las 15 horas la CTA Aut\u00f3noma C\u00f3rdoba realizar\u00e1 un Encuentro Provincial de la Militancia, en el Sindicato de Canillitas (Belgrano 170, C\u00f3rdoba Capital), dando un paso fundamental en la construcci\u00f3n de poder popular.<\/p>\n<p>En la oportunidad se presentar\u00e1 el lanzamiento de las nuevas regionales de la Central, que dan cuenta de la organizaci\u00f3n y el crecimiento territorial de la CTAA a lo largo y ancho de la provincia.<\/p>\n<p>\u201cPorque la organizaci\u00f3n de las y los trabajadores es el camino para enfrentar el ajuste y defender nuestros derechos\u201d, convoca la Central.<\/p>\n<p>En la oportunidad se definir\u00e1 el Plan de Lucha de cara a la nueva etapa que se viene, dando cuenta el rechazo frontal a la criminalizaci\u00f3n de la protesta social.<\/p>\n<h4>Relevante crecimiento en el territorio<\/h4>\n<p>Entre los principales temas a abordar durante el encuentro de ma\u00f1ana, figura el lanzamiento de nuevas regionales, que dan cuenta del crecimiento exponencial de la Central en toda la geograf\u00eda cordobesa, en gran medida respaldado por el trabajo militante y sistem\u00e1tico de la Federaci\u00f3n Nacional Territorial (FeNaT-CTAA).<\/p>\n<p>La conformaci\u00f3n de las nuevas regionales de la CTA-A tienen la debida certificaci\u00f3n de parte de la Conducci\u00f3n Nacional que ha tomado debida nota de esta situaci\u00f3n signada por la ocupaci\u00f3n del territorio provincial por parte de una Central que promueve la unidad, organizaci\u00f3n y poder popular.<\/p>\n<p><strong>Valle de Paravachasca: <\/strong>\u201cLa Comisi\u00f3n Ejecutiva Nacional (CEN) de acuerdo a lo resuelto en la reuni\u00f3n de Comisi\u00f3n Ejecutiva Nacional del d\u00eda 11 de septiembre y en uso de las facultades que le confiere el Art.18 de su Estatuto Social y en funci\u00f3n de adecuar la estructura organizativa de la Central de Trabajadores Argentinos Aut\u00f3noma, a las necesidades originadas por la incorporaci\u00f3n de gran cantidad de trabajadoras y trabajadores a la CTA-A de la Provincia de C\u00f3rdoba, decide crear la Comisi\u00f3n Ejecutiva Regional Paravachasca, que estar\u00e1 integrada por los distritos detallados m\u00e1s abajo. Y designar c\u00f3mo Comisi\u00f3n Promotora de la futura Regional al listado de compa\u00f1eros detallado m\u00e1s abajo que tendr\u00e1 a su cargo la conducci\u00f3n de \u00e9sta hasta tanto se decida la convocatoria a elecciones. La Comisi\u00f3n designada estar\u00e1 compuesta por los siguientes compa\u00f1eros: Comisi\u00f3n Promotora: Pablo C\u00e9sar Guzm\u00e1n; Cintia Alejandra Rosales; Marcela Isabela Cuello; Carlos Antonio L\u00f3pez.\u00a0 La Comisi\u00f3n Ejecutiva Regional Paravachasca abarca las localidades de Alta Gracia, Villa Ciudad del Parque, Yacanto, Villa Los Aromos, Anizacate, Villa Ciudad Am\u00e9rica\u201d.<\/p>\n<p><strong>Punilla Norte: <\/strong>Con los mismos argumentos la Comisi\u00f3n Ejecutiva Nacional de la CTA-A \u201cdecide crear la Comisi\u00f3n Ejecutiva Regional Punilla Norte, que estar\u00e1 integrada por los distritos detallados m\u00e1s abajo. Y nombrar una Comisi\u00f3n Promotora, que tendr\u00e1 a su cargo la conducci\u00f3n de \u00e9sta hasta tanto se decida la convocatoria a elecciones. La Comisi\u00f3n designada estar\u00e1 compuesta por los siguientes compa\u00f1eros: Juan Yacobs; Juan Manuel Vergara; Andrea Vronovich; Julia Ceballos. La Regional Punilla Norte comprende las localidades de Valle Hermoso, Villa Giardino, La Falda, Huerta Grande, La Cumbre, San Esteban, Capilla del Monte\u201d.<\/p>\n<p><strong>Punilla Sur: <\/strong>La CEN \u201cdecide crear la Comisi\u00f3n Ejecutiva Regional Punilla Sur, que estar\u00e1 integrada por los distritos detallados m\u00e1s abajo. Y designar c\u00f3mo Comisi\u00f3n Promotora de la futura Regional a los compa\u00f1eros detallados m\u00e1s abajo que tendr\u00e1n a su cargo la conducci\u00f3n de \u00e9sta hasta tanto se decida la convocatoria a elecciones. La Comisi\u00f3n designada estar\u00e1 compuesta por los siguientes compa\u00f1eros: Juan Pablo Pozzi; Fernanda Vittore; Sergio Iv\u00e1n Bailone; Paola Ver\u00f3nica Cuello. La Comisi\u00f3n Ejecutiva Regional Punilla Sur abarca las localidades de Villa Carlos Paz, San Roque,\u00a0 Bialet Mass\u00e9, Santa Mar\u00eda de Punilla, Cosqu\u00edn, Casa Grande, Tanti\u201d.<\/p>\n<p><strong>Sierras Chicas: <\/strong>La Conducci\u00f3n Nacional de la Central \u201cdecide crear la Comisi\u00f3n Ejecutiva Regional Sierras Chicas, que estar\u00e1 integrada por los distritos detallados m\u00e1s abajo. Y nombrar una Comisi\u00f3n Promotora, que tendr\u00e1 a su cargo la conducci\u00f3n de \u00e9sta hasta tanto se decida la convocatoria a elecciones. La Comisi\u00f3n designada estar\u00e1 compuesta por los siguientes compa\u00f1eros: Antonella Ailen Pucheta Ceballos; Jesica Alejandra Plante; Guillermina Pruneda; Jesica Daiana Rojas; Marcela Fabiana Ch\u00e1vez; Irina Silberman; Vladimir Su\u00e1rez. La Regional Sierras Chicas est\u00e1 conformada por las localidades de Unquillo, Mendiolaza, Agua de Oro, Sald\u00e1n, R\u00edo Ceballos, Salsipuedes, Ascochinga, Jes\u00fas Mar\u00eda\u201d.<\/p>\n<p><strong>Regional Sureste: <\/strong>Con id\u00e9ntica fundamentaci\u00f3n se \u201cdecide crear la Comisi\u00f3n Ejecutiva Regional Sureste y nombrar una Comisi\u00f3n Promotora, que tendr\u00e1 a su cargo la conducci\u00f3n de \u00e9sta hasta tanto se decida la convocatoria a elecciones. La Comisi\u00f3n designada estar\u00e1 compuesta por los siguientes compa\u00f1eros: Mariela Liendo, Luis Olivero, Mar\u00eda del Lourdes G\u00f3mez. La Regional Sureste comprende las localidades de Adelia Mar\u00eda, Bulnes, Sampacho, Malena, San Basilio, La Carlota, Huanchilla, Vicu\u00f1a Mackenna, Huinca Renanc\u00f3, Laboulaye, Jovita, Del Campillo, Villa Valeria, Mattaldi, Serrano, Pinc\u00e9n\u201d.<\/p>\n<p>Estas nuevas cinco regionales que ser\u00e1n presentadas este mi\u00e9rcoles en el Encuentro Provincial de la CTA-A, se agregan a las seis ya existentes: C\u00f3rdoba Capital; R\u00edo Cuarto; Villa Mar\u00eda; San Francisco; R\u00edo Tercero y Cruz del Eje, con la conducci\u00f3n de la Comisi\u00f3n Ejecutiva Provincial (CEP) que encabezan Federico Giuliani, Secretario General; junto a Silvia Alcoba y Walter Camino, secretarios adjuntos respectivamente de la Central.<\/p>\n","protected":false},"excerpt":{"rendered":"<p>Este mi\u00e9rcoles 24 de septiembre a las 15 horas la CTA Aut\u00f3noma C\u00f3rdoba realizar\u00e1 un Encuentro Provincial de la Militancia, en el Sindicato de Canillitas (Belgrano 170, C\u00f3rdoba Capital), dando un paso fundamental en la construcci\u00f3n de poder popular. En la oportunidad se presentar\u00e1 el lanzamiento de las nuevas regionales de la Central, que dan [&hellip;]<\/p>\n","protected":false},"author":7,"featured_media":50817,"comment_status":"open","ping_status":"open","sticky":false,"template":"","format":"standard","meta":{"_exactmetrics_skip_tracking":false,"_exactmetrics_sitenote_active":false,"_exactmetrics_sitenote_note":"","_exactmetrics_sitenote_category":0,"jnews-multi-image_gallery":[],"jnews_single_post":[],"jnews_primary_category":[],"jnews_social_meta":[],"jnews_review":[],"enable_review":"","type":"","name":"","summary":"","brand":"","sku":"","good":[],"bad":[],"score_override":"","override_value":"","rating":[],"price":[],"jnews_override_counter":[],"jnews_post_split":[],"footnotes":""},"categories":[92],"tags":[],"class_list":["post-50815","post","type-post","status-publish","format-standard","has-post-thumbnail","hentry","category-cta"],"jetpack_featured_media_url":"https:\/\/atecordoba.org\/wp-content\/uploads\/2025\/09\/cta-encuentro-regionales-1.jpg","_links":{"self":[{"href":"https:\/\/atecordoba.org\/index.php?rest_route=\/wp\/v2\/posts\/50815","targetHints":{"allow":["GET"]}}],"collection":[{"href":"https:\/\/atecordoba.org\/index.php?rest_route=\/wp\/v2\/posts"}],"about":[{"href":"https:\/\/atecordoba.org\/index.php?rest_route=\/wp\/v2\/types\/post"}],"author":[{"embeddable":true,"href":"https:\/\/atecordoba.org\/index.php?rest_route=\/wp\/v2\/users\/7"}],"replies":[{"embeddable":true,"href":"https:\/\/atecordoba.org\/index.php?rest_route=%2Fwp%2Fv2%2Fcomments&post=50815"}],"version-history":[{"count":1,"href":"https:\/\/atecordoba.org\/index.php?rest_route=\/wp\/v2\/posts\/50815\/revisions"}],"predecessor-version":[{"id":50818,"href":"https:\/\/atecordoba.org\/index.php?rest_route=\/wp\/v2\/posts\/50815\/revisions\/50818"}],"wp:featuredmedia":[{"embeddable":true,"href":"https:\/\/atecordoba.org\/index.php?rest_route=\/wp\/v2\/media\/50817"}],"wp:attachment":[{"href":"https:\/\/atecordoba.org\/index.php?rest_route=%2Fwp%2Fv2%2Fmedia&parent=50815"}],"wp:term":[{"taxonomy":"category","embeddable":true,"href":"https:\/\/atecordoba.org\/index.php?rest_route=%2Fwp%2Fv2%2Fcategories&post=50815"},{"taxonomy":"post_tag","embeddable":true,"href":"https:\/\/atecordoba.org\/index.php?rest_route=%2Fwp%2Fv2%2Ftags&post=50815"}],"curies":[{"name":"wp","href":"https:\/\/api.w.org\/{rel}","templated":true}]}}