{"id":50811,"date":"2025-09-22T12:43:05","date_gmt":"2025-09-22T15:43:05","guid":{"rendered":"https:\/\/atecordoba.org\/?p=50811"},"modified":"2025-09-22T12:43:05","modified_gmt":"2025-09-22T15:43:05","slug":"salsacate-pedido-de-audiencia-a-la-intendenta-figueroa","status":"publish","type":"post","link":"https:\/\/atecordoba.org\/?p=50811","title":{"rendered":"Salsacate: pedido de audiencia a la Intendenta Figueroa"},"content":{"rendered":"<p><img loading=\"lazy\" decoding=\"async\" class=\"aligncenter wp-image-50812 \" src=\"https:\/\/atecordoba.org\/wp-content\/uploads\/2025\/09\/salsacate-muni-1024x576.jpg\" alt=\"\" width=\"613\" height=\"345\" srcset=\"https:\/\/atecordoba.org\/wp-content\/uploads\/2025\/09\/salsacate-muni-1024x576.jpg 1024w, https:\/\/atecordoba.org\/wp-content\/uploads\/2025\/09\/salsacate-muni-300x169.jpg 300w, https:\/\/atecordoba.org\/wp-content\/uploads\/2025\/09\/salsacate-muni-768x432.jpg 768w, https:\/\/atecordoba.org\/wp-content\/uploads\/2025\/09\/salsacate-muni-750x422.jpg 750w, https:\/\/atecordoba.org\/wp-content\/uploads\/2025\/09\/salsacate-muni-1140x641.jpg 1140w, https:\/\/atecordoba.org\/wp-content\/uploads\/2025\/09\/salsacate-muni.jpg 1184w\" sizes=\"auto, (max-width: 613px) 100vw, 613px\" \/>En una nota dirigida a la intendenta de Salsacate, Karina Figueroa, ATE solicit\u00f3 hoy a la Municipalidad que el Departamento Ejecutivo conceda a nuestro gremio una audiencia, a los fines de abordar la agenda de reclamos gremiales de los y las trabajadores municipales de la localidad.<\/p>\n<p>El pedido se realiza en el marco de la paritaria de Salsacate, donde ATE debe tener un espacio de participaci\u00f3n en virtud de la representaci\u00f3n sindical de los y las trabajadoras de la Municipalidad, que reclaman una urgente recomposici\u00f3n salarial y la constituci\u00f3n de una Mesa de Relaciones Laborales que canalice las demandas del sector.<\/p>\n<p>&#8220;En virtud de las consideraciones expuestas, intimamos a que en el plazo de 48hs otorgue respuesta efectiva de cada uno de los extremos planteados, bajo apercibimiento de iniciar las acciones gremiales y legales correspondientes&#8221;, concluye la nota.<\/p>\n","protected":false},"excerpt":{"rendered":"<p>En una nota dirigida a la intendenta de Salsacate, Karina Figueroa, ATE solicit\u00f3 hoy a la Municipalidad que el Departamento Ejecutivo conceda a nuestro gremio una audiencia, a los fines de abordar la agenda de reclamos gremiales de los y las trabajadores municipales de la localidad. El pedido se realiza en el marco de la [&hellip;]<\/p>\n","protected":false},"author":7,"featured_media":50812,"comment_status":"open","ping_status":"open","sticky":false,"template":"","format":"standard","meta":{"_exactmetrics_skip_tracking":false,"_exactmetrics_sitenote_active":false,"_exactmetrics_sitenote_note":"","_exactmetrics_sitenote_category":0,"jnews-multi-image_gallery":[],"jnews_single_post":[],"jnews_primary_category":[],"jnews_social_meta":[],"jnews_review":[],"enable_review":"","type":"","name":"","summary":"","brand":"","sku":"","good":[],"bad":[],"score_override":"","override_value":"","rating":[],"price":[],"jnews_override_counter":[],"jnews_post_split":[],"footnotes":""},"categories":[20],"tags":[],"class_list":["post-50811","post","type-post","status-publish","format-standard","has-post-thumbnail","hentry","category-municipales"],"jetpack_featured_media_url":"https:\/\/atecordoba.org\/wp-content\/uploads\/2025\/09\/salsacate-muni.jpg","_links":{"self":[{"href":"https:\/\/atecordoba.org\/index.php?rest_route=\/wp\/v2\/posts\/50811","targetHints":{"allow":["GET"]}}],"collection":[{"href":"https:\/\/atecordoba.org\/index.php?rest_route=\/wp\/v2\/posts"}],"about":[{"href":"https:\/\/atecordoba.org\/index.php?rest_route=\/wp\/v2\/types\/post"}],"author":[{"embeddable":true,"href":"https:\/\/atecordoba.org\/index.php?rest_route=\/wp\/v2\/users\/7"}],"replies":[{"embeddable":true,"href":"https:\/\/atecordoba.org\/index.php?rest_route=%2Fwp%2Fv2%2Fcomments&post=50811"}],"version-history":[{"count":1,"href":"https:\/\/atecordoba.org\/index.php?rest_route=\/wp\/v2\/posts\/50811\/revisions"}],"predecessor-version":[{"id":50813,"href":"https:\/\/atecordoba.org\/index.php?rest_route=\/wp\/v2\/posts\/50811\/revisions\/50813"}],"wp:featuredmedia":[{"embeddable":true,"href":"https:\/\/atecordoba.org\/index.php?rest_route=\/wp\/v2\/media\/50812"}],"wp:attachment":[{"href":"https:\/\/atecordoba.org\/index.php?rest_route=%2Fwp%2Fv2%2Fmedia&parent=50811"}],"wp:term":[{"taxonomy":"category","embeddable":true,"href":"https:\/\/atecordoba.org\/index.php?rest_route=%2Fwp%2Fv2%2Fcategories&post=50811"},{"taxonomy":"post_tag","embeddable":true,"href":"https:\/\/atecordoba.org\/index.php?rest_route=%2Fwp%2Fv2%2Ftags&post=50811"}],"curies":[{"name":"wp","href":"https:\/\/api.w.org\/{rel}","templated":true}]}}