{"id":50805,"date":"2025-09-22T12:33:37","date_gmt":"2025-09-22T15:33:37","guid":{"rendered":"https:\/\/atecordoba.org\/?p=50805"},"modified":"2025-09-23T10:23:51","modified_gmt":"2025-09-23T13:23:51","slug":"giuliani-se-abstuvo-de-declarar-en-la-causa-por-la-represion-en-la-municipalidad-y-apunto-contra-de-aragon-parece-un-fiscal-del-navarrazo","status":"publish","type":"post","link":"https:\/\/atecordoba.org\/?p=50805","title":{"rendered":"Giuliani se abstuvo de declarar en la causa por la represi\u00f3n y apunt\u00f3 contra De Arag\u00f3n: &#8220;Parece un fiscal del Navarrazo&#8221;"},"content":{"rendered":"<p><img loading=\"lazy\" decoding=\"async\" class=\"aligncenter wp-image-50806 \" src=\"https:\/\/atecordoba.org\/wp-content\/uploads\/2025\/09\/WhatsApp-Image-2025-09-22-at-11.37.37.jpeg\" alt=\"\" width=\"622\" height=\"826\" srcset=\"https:\/\/atecordoba.org\/wp-content\/uploads\/2025\/09\/WhatsApp-Image-2025-09-22-at-11.37.37.jpeg 768w, https:\/\/atecordoba.org\/wp-content\/uploads\/2025\/09\/WhatsApp-Image-2025-09-22-at-11.37.37-226x300.jpeg 226w, https:\/\/atecordoba.org\/wp-content\/uploads\/2025\/09\/WhatsApp-Image-2025-09-22-at-11.37.37-750x996.jpeg 750w\" sizes=\"auto, (max-width: 622px) 100vw, 622px\" \/>El secretario General de ATE C\u00f3rdobas, Federico Giuliani, se present\u00f3 en Tribunales II hoy para responder al pedido de declaraci\u00f3n indagatoria realizado por el fiscal provincial Ernesto De Arag\u00f3n, en el marco de la causa de la represi\u00f3n policial a una protesta de la CTAA el 28 de agosto pasado.<\/p>\n<p><img loading=\"lazy\" decoding=\"async\" class=\"alignleft wp-image-50807 \" src=\"https:\/\/atecordoba.org\/wp-content\/uploads\/2025\/09\/WhatsApp-Image-2025-09-22-at-11.37.43-2.jpeg\" alt=\"\" width=\"308\" height=\"409\" \/>En el marco del secreto de sumario, Giuliani se hizo presente junto a la secretaria Adjunta de la CTAA y referente de la Federaci\u00f3n Nacional Territorial (FeNaT-CTAA), Silvia Alcoba, tambi\u00e9n detenida durante la represi\u00f3n y tambi\u00e9n v\u00edctima del ensa\u00f1amiento judicial contra ATE y la CTAA.\u00a0Giuliani se abstuvo de declarar y fustig\u00f3 al fiscal terminado el tr\u00e1mite.<\/p>\n<p>&#8220;De Arag\u00f3n parece un fiscal del Navarrazo, ese golpe civil y policial del \u201874 para comenzar a parar con la persecuci\u00f3n pol\u00edtica, policial y judicial la conflictividad pol\u00edtica que hab\u00eda en C\u00f3rdoba en ese momento. La Justicia hoy criminaliza la protesta social y judicializa a los luchadores, m\u00e1s una polic\u00eda que reprime, genera disciplinamiento de las organizaciones y terror en la militancia. Eso es lo que busca De Arag\u00f3n&#8221;, afirm\u00f3 el secretario General, en la puerta de Tribunales.<\/p>\n<p>El secreto de sumario se levantar\u00e1 el jueves pr\u00f3ximo de forma que cuando la defensa del dirigente tenga acceso a la causa el jueves dar\u00e1 la respuesta jur\u00eddica adecuada.<\/p>\n<p>&#8220;Este fiscal es un instrumento de poder pol\u00edtico y econ\u00f3mico para adoctrinar y amedrentar a los que luchamos, tambi\u00e9n tendr\u00e1 que dar cuenta por qu\u00e9 despleg\u00f3 semejante operativo de violencia policial y por qu\u00e9 me meti\u00f3 preso. En ese sentido, remarcamos el ensa\u00f1amiento personal conmigo, de orden pol\u00edtico, que expresa el ataque a ATE y la CTAA que no son obsecuentes con ning\u00fan partido ni gobierno ni patr\u00f3n. Somos aut\u00f3nomos y seguiremos gritando que en C\u00f3rdoba necesitamos salarios justos, la reincorporaci\u00f3n de los y las despedidas, que queremos mejores condiciones de trabajo, que en los barrios el hambre es un crimen y que reclamamos pol\u00edticas p\u00fablicas que garanticen unas vida digna.<\/p>\n<p>&nbsp;<\/p>\n","protected":false},"excerpt":{"rendered":"<p>El secretario General de ATE C\u00f3rdobas, Federico Giuliani, se present\u00f3 en Tribunales II hoy para responder al pedido de declaraci\u00f3n indagatoria realizado por el fiscal provincial Ernesto De Arag\u00f3n, en el marco de la causa de la represi\u00f3n policial a una protesta de la CTAA el 28 de agosto pasado. En el marco del secreto [&hellip;]<\/p>\n","protected":false},"author":7,"featured_media":50807,"comment_status":"open","ping_status":"open","sticky":false,"template":"","format":"standard","meta":{"_exactmetrics_skip_tracking":false,"_exactmetrics_sitenote_active":false,"_exactmetrics_sitenote_note":"","_exactmetrics_sitenote_category":0,"jnews-multi-image_gallery":[],"jnews_single_post":{"format":"standard","override":[{"template":"1","parallax":"1","fullscreen":"1","layout":"no-sidebar-narrow","sidebar":"default-sidebar","second_sidebar":"default-sidebar","sticky_sidebar":"1","share_position":"bottom","share_float_style":"share-monocrhome","show_share_counter":"1","show_view_counter":"1","show_post_meta":"1","show_post_author_image":"1","show_post_date":"1","post_date_format":"default","post_date_format_custom":"Y\/m\/d","show_post_category":"1","show_post_reading_time":"0","post_reading_time_wpm":"300","post_calculate_word_method":"str_word_count","show_zoom_button":"0","zoom_button_out_step":"2","zoom_button_in_step":"3","show_post_tag":"1","number_popup_post":"1","show_post_related":"1","show_inline_post_related":"0"}],"image_override":[{"single_post_thumbnail_size":"crop-500","single_post_gallery_size":"crop-500"}],"trending_post_position":"meta","trending_post_label":"Trending","sponsored_post_label":"Sponsored by","disable_ad":"0"},"jnews_primary_category":[],"jnews_social_meta":[],"jnews_review":[],"enable_review":"","type":"percentage","name":"","summary":"","brand":"","sku":"","good":[],"bad":[],"score_override":"","override_value":"","rating":[],"price":[],"jnews_override_counter":{"view_counter_number":"0","share_counter_number":"0","like_counter_number":"0","dislike_counter_number":"0"},"jnews_post_split":{"post_split":[{"template":"1","tag":"h2","numbering":"asc","mode":"normal","first":"0","enable_toc":"0","toc_type":"normal"}]},"footnotes":""},"categories":[341],"tags":[],"class_list":["post-50805","post","type-post","status-publish","format-standard","has-post-thumbnail","hentry","category-cdp"],"jetpack_featured_media_url":"https:\/\/atecordoba.org\/wp-content\/uploads\/2025\/09\/WhatsApp-Image-2025-09-22-at-11.37.43-2-e1758555187653.jpeg","_links":{"self":[{"href":"https:\/\/atecordoba.org\/index.php?rest_route=\/wp\/v2\/posts\/50805","targetHints":{"allow":["GET"]}}],"collection":[{"href":"https:\/\/atecordoba.org\/index.php?rest_route=\/wp\/v2\/posts"}],"about":[{"href":"https:\/\/atecordoba.org\/index.php?rest_route=\/wp\/v2\/types\/post"}],"author":[{"embeddable":true,"href":"https:\/\/atecordoba.org\/index.php?rest_route=\/wp\/v2\/users\/7"}],"replies":[{"embeddable":true,"href":"https:\/\/atecordoba.org\/index.php?rest_route=%2Fwp%2Fv2%2Fcomments&post=50805"}],"version-history":[{"count":3,"href":"https:\/\/atecordoba.org\/index.php?rest_route=\/wp\/v2\/posts\/50805\/revisions"}],"predecessor-version":[{"id":50821,"href":"https:\/\/atecordoba.org\/index.php?rest_route=\/wp\/v2\/posts\/50805\/revisions\/50821"}],"wp:featuredmedia":[{"embeddable":true,"href":"https:\/\/atecordoba.org\/index.php?rest_route=\/wp\/v2\/media\/50807"}],"wp:attachment":[{"href":"https:\/\/atecordoba.org\/index.php?rest_route=%2Fwp%2Fv2%2Fmedia&parent=50805"}],"wp:term":[{"taxonomy":"category","embeddable":true,"href":"https:\/\/atecordoba.org\/index.php?rest_route=%2Fwp%2Fv2%2Fcategories&post=50805"},{"taxonomy":"post_tag","embeddable":true,"href":"https:\/\/atecordoba.org\/index.php?rest_route=%2Fwp%2Fv2%2Ftags&post=50805"}],"curies":[{"name":"wp","href":"https:\/\/api.w.org\/{rel}","templated":true}]}}