{"id":5080,"date":"2015-04-16T16:34:26","date_gmt":"2015-04-16T19:34:26","guid":{"rendered":"http:\/\/www.atecordoba.org\/?p=5080"},"modified":"2015-04-16T16:34:26","modified_gmt":"2015-04-16T19:34:26","slug":"fabricaciones-militares-asamblea-y-corte-en-villa-maria-y-rio-tercero-por-el-pase-a-planta","status":"publish","type":"post","link":"https:\/\/atecordoba.org\/?p=5080","title":{"rendered":"Fabricaciones Militares: asamblea y corte en Villa Mar\u00eda y R\u00edo Tercero por el pase a planta"},"content":{"rendered":"<p><em>Las dos plantas citas en C\u00f3rdoba realizaron una medida de fuerza ayer, conjuntamente con las f\u00e1bricas de Azul, Jachal y Fray Luis Beltr\u00e1n, ante la falta de cumplimiento de los&nbsp;compromisos asumidos por el gobierno respecto al pase a planta permanente de los contratados y la concreci\u00f3n del convenio colectivo sectorial. Adem\u00e1s, los trabajadores exigieron que el Senado apruebe la ley que elimina la figura de &#8216;sujeto a privatizaci\u00f3n&#8217; del sector, que ya cuenta con media sanci\u00f3n de la C\u00e1mara de Diputados.<\/em><\/p>\n<figure id=\"attachment_5081\" aria-describedby=\"caption-attachment-5081\" style=\"width: 550px\" class=\"wp-caption aligncenter\"><a href=\"http:\/\/www.atecordoba.org\/wp-content\/uploads\/2015\/04\/1-e1429212289837.jpg\"><img loading=\"lazy\" decoding=\"async\" alt=\"1\" height=\"309\" src=\"http:\/\/www.atecordoba.org\/wp-content\/uploads\/2015\/04\/1-e1429212289837.jpg\" width=\"550\" class=\"wp-image-5081 size-full\"><\/a><figcaption id=\"caption-attachment-5081\" class=\"wp-caption-text\">Los trabajadores participaron masivamente de la medida de fuerza en R\u00edo Tercero<\/figcaption><\/figure>\n<p>&nbsp;<\/p>\n<p>En&nbsp;Villa Mar\u00eda los trabajadores&nbsp;realizaron un corte de la avenida Savio y ruta 2, al frente de la F\u00e1brica Militar en horas de la ma\u00f1ana y por la tarde mantuvieron -sin cortes- la protesta.<\/p>\n<p>La medida de fuerza se resolvi\u00f3 en un plenario que convoc\u00f3&nbsp;ATE y los establecimientos castrenses de esta ciudad, R\u00edo Tercero, Azul, Fray Luis Beltr\u00e1n y Rosario, como as\u00ed tambi\u00e9n en la sede central de\u2008Fabricaciones Militares.<\/p>\n<figure id=\"attachment_5082\" aria-describedby=\"caption-attachment-5082\" style=\"width: 550px\" class=\"wp-caption aligncenter\"><a href=\"http:\/\/www.atecordoba.org\/wp-content\/uploads\/2015\/04\/11-e1429212325116.jpg\"><img loading=\"lazy\" decoding=\"async\" alt=\"1\" height=\"309\" src=\"http:\/\/www.atecordoba.org\/wp-content\/uploads\/2015\/04\/11-e1429212325116.jpg\" width=\"550\" class=\"wp-image-5082 size-full\"><\/a><figcaption id=\"caption-attachment-5082\" class=\"wp-caption-text\">En Villa Mar\u00eda los compa\u00f1eros bloquearon el ingreso de la planta<\/figcaption><\/figure>\n<p>&nbsp;<\/p>\n<p>\u201cVamos a ir endureciendo si no tenemos respuesta a nuestros reclamos\u201d, dijo a los medios locales Walter Secondino, secretario General de ATE\u2008Villa Mar\u00eda.&nbsp;En el polvor\u00edn el 90% de los trabajadores son contratados. \u201cActualmente, de los 450 que tiene FMVM, son unos 80 los de planta y est\u00e1n a punto de jubilarse, por lo que, de no concretarse el pase a planta, la totalidad de los compa\u00f1eros ser\u00e1n precarizados\u201d, agreg\u00f3&nbsp;Fernando Mercado, secretario Gremial.<\/p>\n<figure id=\"attachment_5083\" aria-describedby=\"caption-attachment-5083\" style=\"width: 550px\" class=\"wp-caption aligncenter\"><a href=\"http:\/\/www.atecordoba.org\/wp-content\/uploads\/2015\/04\/11095589_814686818581286_4959083073557857856_o-e1429212447638.jpg\"><img loading=\"lazy\" decoding=\"async\" alt=\"11095589_814686818581286_4959083073557857856_o\" height=\"309\" src=\"http:\/\/www.atecordoba.org\/wp-content\/uploads\/2015\/04\/11095589_814686818581286_4959083073557857856_o-e1429212447638.jpg\" width=\"550\" class=\"wp-image-5083 size-full\"><\/a><figcaption id=\"caption-attachment-5083\" class=\"wp-caption-text\">El corte en Villa Mar\u00eda tambi\u00e9n tuvo custodia policial<\/figcaption><\/figure>\n<p>&nbsp;<\/p>\n<p>El segundo punto que motiv\u00f3 la protesta es la necesidad de un convenio sectorial, dado que actualmente est\u00e1n encuadrados como empleados de la administraci\u00f3n p\u00fablica y no intervienen en la negociaci\u00f3n salarial. \u201cEscuchamos a An\u00edbal Fern\u00e1ndez y a otros funcionarios nacionales que est\u00e1n preocupados porque si se termina este Gobierno, se caen los convenios colectivos pero nosotros hace 20 a\u00f1os que luchamos por un convenio propio. Ven\u00edamos trabajando bien, logrando acuerdos parciales, pero sin el convenio espec\u00edfico todo queda en la nada\u201d, afirm\u00f3 el dirigente. \u201cNosotros somos una unidad productiva y por eso es necesario tener un convenio propio, diferente al de la administraci\u00f3n\u201d.<\/p>\n<figure id=\"attachment_5084\" aria-describedby=\"caption-attachment-5084\" style=\"width: 550px\" class=\"wp-caption aligncenter\"><a href=\"http:\/\/www.atecordoba.org\/wp-content\/uploads\/2015\/04\/11154937_860823063963799_2734485608325290713_o-e1429212530675.jpg\"><img loading=\"lazy\" decoding=\"async\" alt=\"11154937_860823063963799_2734485608325290713_o\" height=\"309\" src=\"http:\/\/www.atecordoba.org\/wp-content\/uploads\/2015\/04\/11154937_860823063963799_2734485608325290713_o-e1429212530675.jpg\" width=\"550\" class=\"wp-image-5084 size-full\"><\/a><figcaption id=\"caption-attachment-5084\" class=\"wp-caption-text\">Cristian Colman, secretario General de R\u00edo Tercero, en di\u00e1logo con la prensa local.<\/figcaption><\/figure>\n<p>&nbsp;<\/p>\n<p>Adem\u00e1s, los compa\u00f1eros&nbsp;no ocultan su preocupaci\u00f3n por la ley a\u00fan vigente aprobada en los a\u00f1os 90 y que declara a todas las f\u00e1bricas militares \u201csujetas a privatizaci\u00f3n\u201d.<\/p>\n<p>\u201cNosotros hablamos el a\u00f1o pasado diputado por diputado y logramos que en diciembre de 2014 se le diera media sanci\u00f3n a la derogaci\u00f3n de esa norma en la C\u00e1mara baja. Nos prometieron que a comienzos de este a\u00f1o iban a aprobarla en el Senado, pero todav\u00eda no pas\u00f3 nada\u201d, cuestion\u00f3 Fernando Mercado.<\/p>\n<p>\u201cLa derogaci\u00f3n de esa ley la prometi\u00f3 el a\u00f1o pasado el ministro de Defensa, Agust\u00edn Rossi, y nosotros vamos a seguir luchando hasta que lo logremos\u201d, agreg\u00f3.<\/p>\n<figure id=\"attachment_5085\" aria-describedby=\"caption-attachment-5085\" style=\"width: 550px\" class=\"wp-caption aligncenter\"><a href=\"http:\/\/www.atecordoba.org\/wp-content\/uploads\/2015\/04\/10842117_822225301192304_3148122644209511009_o-e1429212634855.jpg\"><img loading=\"lazy\" decoding=\"async\" alt=\"10842117_822225301192304_3148122644209511009_o\" height=\"368\" src=\"http:\/\/www.atecordoba.org\/wp-content\/uploads\/2015\/04\/10842117_822225301192304_3148122644209511009_o-e1429212634855.jpg\" width=\"550\" class=\"wp-image-5085 size-full\"><\/a><figcaption id=\"caption-attachment-5085\" class=\"wp-caption-text\">Asamblea en la puerta de la F\u00e1brica en Fray Luis Beltr\u00e1n.<\/figcaption><\/figure>\n<p>&nbsp;<\/p>\n<h4>En R\u00edo Tercero<\/h4>\n<p>Por su parte, los trabajadores de la F\u00e1brica Militar de R\u00edo Tercero protestaron en la porter\u00eda uno de la planta.&nbsp;Seg\u00fan dijo&nbsp;el secretario General de la seccional, Cristian Colman, incluyendo la Central Nuclear Embalse, hay unos 1.700 trabajadores contratados en todo el pa\u00eds. &#8220;Hay que&nbsp;derogar la ley que a\u00fan mantiene sujetas a privatizaci\u00f3n a las f\u00e1bricas militares. Por otro lado, el convenio colectivo es una reclamo hist\u00f3rico del sector que tiene el compromiso de la Direcci\u00f3n, firmado por acta, y no se est\u00e1 cumpliendo hasta el momento&#8221;, subray\u00f3 el dirigente.<\/p>\n<figure id=\"attachment_5086\" aria-describedby=\"caption-attachment-5086\" style=\"width: 550px\" class=\"wp-caption aligncenter\"><a href=\"http:\/\/www.atecordoba.org\/wp-content\/uploads\/2015\/04\/10842054_860822723963833_876966684606754663_o-e1429212715283.jpg\"><img loading=\"lazy\" decoding=\"async\" alt=\"10842054_860822723963833_876966684606754663_o\" height=\"309\" src=\"http:\/\/www.atecordoba.org\/wp-content\/uploads\/2015\/04\/10842054_860822723963833_876966684606754663_o-e1429212715283.jpg\" width=\"550\" class=\"wp-image-5086 size-full\"><\/a><figcaption id=\"caption-attachment-5086\" class=\"wp-caption-text\">Los compa\u00f1eros reclaman terminar con la herencia de los &#8217;90.<\/figcaption><\/figure>\n<p>&nbsp;<\/p>\n<p>Los trabajadores tambi\u00e9n reclaman la equiparaci\u00f3n salarial de los compa\u00f1eros de la nueva f\u00e1brica de Jachal, recientemente inaugurada, cuyos habares est\u00e1n por debajo de lo que se cobra en el resto de la plantas.<\/p>\n<p><\/p>\n","protected":false},"excerpt":{"rendered":"<p>Las dos plantas citas en C\u00f3rdoba realizaron una medida de fuerza ayer, conjuntamente con las f\u00e1bricas de Azul, Jachal y Fray Luis Beltr\u00e1n, ante la falta de cumplimiento de los&nbsp;compromisos asumidos por el gobierno respecto al pase a planta permanente de los contratados y la concreci\u00f3n del convenio colectivo sectorial. Adem\u00e1s, los trabajadores exigieron que [&hellip;]<\/p>\n","protected":false},"author":1,"featured_media":19220,"comment_status":"open","ping_status":"open","sticky":false,"template":"","format":"standard","meta":{"_exactmetrics_skip_tracking":false,"_exactmetrics_sitenote_active":false,"_exactmetrics_sitenote_note":"","_exactmetrics_sitenote_category":0,"jnews-multi-image_gallery":[],"jnews_single_post":[],"jnews_primary_category":[],"jnews_social_meta":[],"jnews_review":[],"enable_review":"","type":"","name":"","summary":"","brand":"","sku":"","good":[],"bad":[],"score_override":"","override_value":"","rating":[],"price":[],"jnews_override_counter":[],"jnews_post_split":[],"footnotes":""},"categories":[17,18],"tags":[],"class_list":["post-5080","post","type-post","status-publish","format-standard","has-post-thumbnail","hentry","category-fabricaciones-militares","category-nacionales"],"jetpack_featured_media_url":"https:\/\/atecordoba.org\/wp-content\/uploads\/2020\/05\/logo-nuevochico-e1561581322808.png","_links":{"self":[{"href":"https:\/\/atecordoba.org\/index.php?rest_route=\/wp\/v2\/posts\/5080","targetHints":{"allow":["GET"]}}],"collection":[{"href":"https:\/\/atecordoba.org\/index.php?rest_route=\/wp\/v2\/posts"}],"about":[{"href":"https:\/\/atecordoba.org\/index.php?rest_route=\/wp\/v2\/types\/post"}],"author":[{"embeddable":true,"href":"https:\/\/atecordoba.org\/index.php?rest_route=\/wp\/v2\/users\/1"}],"replies":[{"embeddable":true,"href":"https:\/\/atecordoba.org\/index.php?rest_route=%2Fwp%2Fv2%2Fcomments&post=5080"}],"version-history":[{"count":0,"href":"https:\/\/atecordoba.org\/index.php?rest_route=\/wp\/v2\/posts\/5080\/revisions"}],"wp:featuredmedia":[{"embeddable":true,"href":"https:\/\/atecordoba.org\/index.php?rest_route=\/wp\/v2\/media\/19220"}],"wp:attachment":[{"href":"https:\/\/atecordoba.org\/index.php?rest_route=%2Fwp%2Fv2%2Fmedia&parent=5080"}],"wp:term":[{"taxonomy":"category","embeddable":true,"href":"https:\/\/atecordoba.org\/index.php?rest_route=%2Fwp%2Fv2%2Fcategories&post=5080"},{"taxonomy":"post_tag","embeddable":true,"href":"https:\/\/atecordoba.org\/index.php?rest_route=%2Fwp%2Fv2%2Ftags&post=5080"}],"curies":[{"name":"wp","href":"https:\/\/api.w.org\/{rel}","templated":true}]}}