{"id":50797,"date":"2025-09-22T09:54:40","date_gmt":"2025-09-22T12:54:40","guid":{"rendered":"https:\/\/atecordoba.org\/?p=50797"},"modified":"2025-09-22T09:59:31","modified_gmt":"2025-09-22T12:59:31","slug":"taller-de-capacitacion-sobre-convenios-colectivos-de-trabajo","status":"publish","type":"post","link":"https:\/\/atecordoba.org\/?p=50797","title":{"rendered":"Taller de Capacitaci\u00f3n sobre Convenios Colectivos de Trabajo"},"content":{"rendered":"<p><img loading=\"lazy\" decoding=\"async\" class=\"aligncenter wp-image-50798 \" src=\"https:\/\/atecordoba.org\/wp-content\/uploads\/2025\/09\/taller-cct-819x1024.jpg\" alt=\"\" width=\"586\" height=\"733\" \/>En le marco de las pol\u00edticas de formaci\u00f3n de dirigentes, activistas y delegados\/as del Estado, el Consejo Directivo Provincial (CDP) de ATE C\u00f3rdoba invita a participar del taller de capacitaci\u00f3n sobre Convenios Colectivos de Trabajo, que se desarrollar\u00e1 el pr\u00f3ximo lunes 29 de septiembre, de 9.30 a 14 horas.<\/p>\n<p>Se trata de una formaci\u00f3n sobre los principios y fundamentos de nuestra herramienta gremial m\u00e1s importante:\u00a0el Convenio Colectivo de Trabajo, que garantiza derechos y fortalece la organizaci\u00f3n sindical.<\/p>\n<p>Porque conocer nuestros derechos es el primer paso para defenderlos.<\/p>\n<p>&nbsp;<\/p>\n","protected":false},"excerpt":{"rendered":"<p>En le marco de las pol\u00edticas de formaci\u00f3n de dirigentes, activistas y delegados\/as del Estado, el Consejo Directivo Provincial (CDP) de ATE C\u00f3rdoba invita a participar del taller de capacitaci\u00f3n sobre Convenios Colectivos de Trabajo, que se desarrollar\u00e1 el pr\u00f3ximo lunes 29 de septiembre, de 9.30 a 14 horas. Se trata de una formaci\u00f3n sobre [&hellip;]<\/p>\n","protected":false},"author":7,"featured_media":50804,"comment_status":"open","ping_status":"open","sticky":false,"template":"","format":"standard","meta":{"_exactmetrics_skip_tracking":false,"_exactmetrics_sitenote_active":false,"_exactmetrics_sitenote_note":"","_exactmetrics_sitenote_category":0,"jnews-multi-image_gallery":[],"jnews_single_post":{"format":"standard","override":[{"template":"1","parallax":"1","fullscreen":"1","layout":"no-sidebar-narrow","sidebar":"default-sidebar","second_sidebar":"default-sidebar","sticky_sidebar":"1","share_position":"bottom","share_float_style":"share-monocrhome","show_share_counter":"1","show_view_counter":"1","show_post_meta":"1","show_post_author_image":"1","show_post_date":"1","post_date_format":"default","post_date_format_custom":"Y\/m\/d","show_post_category":"1","show_post_reading_time":"0","post_reading_time_wpm":"300","post_calculate_word_method":"str_word_count","show_zoom_button":"0","zoom_button_out_step":"2","zoom_button_in_step":"3","show_post_tag":"1","number_popup_post":"1","show_post_related":"1","show_inline_post_related":"0"}],"image_override":[{"single_post_thumbnail_size":"crop-500","single_post_gallery_size":"crop-500"}],"trending_post_position":"meta","trending_post_label":"Trending","sponsored_post_label":"Sponsored by","disable_ad":"0"},"jnews_primary_category":[],"jnews_social_meta":[],"jnews_review":[],"enable_review":"","type":"percentage","name":"","summary":"","brand":"","sku":"","good":[],"bad":[],"score_override":"","override_value":"","rating":[],"price":[],"jnews_override_counter":{"view_counter_number":"0","share_counter_number":"0","like_counter_number":"0","dislike_counter_number":"0"},"jnews_post_split":{"post_split":[{"template":"1","tag":"h2","numbering":"asc","mode":"normal","first":"0","enable_toc":"0","toc_type":"normal"}]},"footnotes":""},"categories":[88],"tags":[],"class_list":["post-50797","post","type-post","status-publish","format-standard","has-post-thumbnail","hentry","category-formacion"],"jetpack_featured_media_url":"https:\/\/atecordoba.org\/wp-content\/uploads\/2025\/09\/taller-cct-2.jpg","_links":{"self":[{"href":"https:\/\/atecordoba.org\/index.php?rest_route=\/wp\/v2\/posts\/50797","targetHints":{"allow":["GET"]}}],"collection":[{"href":"https:\/\/atecordoba.org\/index.php?rest_route=\/wp\/v2\/posts"}],"about":[{"href":"https:\/\/atecordoba.org\/index.php?rest_route=\/wp\/v2\/types\/post"}],"author":[{"embeddable":true,"href":"https:\/\/atecordoba.org\/index.php?rest_route=\/wp\/v2\/users\/7"}],"replies":[{"embeddable":true,"href":"https:\/\/atecordoba.org\/index.php?rest_route=%2Fwp%2Fv2%2Fcomments&post=50797"}],"version-history":[{"count":1,"href":"https:\/\/atecordoba.org\/index.php?rest_route=\/wp\/v2\/posts\/50797\/revisions"}],"predecessor-version":[{"id":50800,"href":"https:\/\/atecordoba.org\/index.php?rest_route=\/wp\/v2\/posts\/50797\/revisions\/50800"}],"wp:featuredmedia":[{"embeddable":true,"href":"https:\/\/atecordoba.org\/index.php?rest_route=\/wp\/v2\/media\/50804"}],"wp:attachment":[{"href":"https:\/\/atecordoba.org\/index.php?rest_route=%2Fwp%2Fv2%2Fmedia&parent=50797"}],"wp:term":[{"taxonomy":"category","embeddable":true,"href":"https:\/\/atecordoba.org\/index.php?rest_route=%2Fwp%2Fv2%2Fcategories&post=50797"},{"taxonomy":"post_tag","embeddable":true,"href":"https:\/\/atecordoba.org\/index.php?rest_route=%2Fwp%2Fv2%2Ftags&post=50797"}],"curies":[{"name":"wp","href":"https:\/\/api.w.org\/{rel}","templated":true}]}}