{"id":50789,"date":"2025-09-19T14:06:39","date_gmt":"2025-09-19T17:06:39","guid":{"rendered":"https:\/\/atecordoba.org\/?p=50789"},"modified":"2025-09-19T14:14:28","modified_gmt":"2025-09-19T17:14:28","slug":"ate-en-audiencia-con-la-direccion-del-hospital-regional-villa-dolores","status":"publish","type":"post","link":"https:\/\/atecordoba.org\/?p=50789","title":{"rendered":"ATE, en audiencia con la Direcci\u00f3n del Hospital Regional Villa Dolores"},"content":{"rendered":"<p><img loading=\"lazy\" decoding=\"async\" class=\"aligncenter wp-image-50790 \" src=\"https:\/\/atecordoba.org\/wp-content\/uploads\/2025\/09\/WhatsApp-Image-2025-09-19-at-13.06.08-1024x768.jpeg\" alt=\"\" width=\"634\" height=\"476\" srcset=\"https:\/\/atecordoba.org\/wp-content\/uploads\/2025\/09\/WhatsApp-Image-2025-09-19-at-13.06.08-1024x768.jpeg 1024w, https:\/\/atecordoba.org\/wp-content\/uploads\/2025\/09\/WhatsApp-Image-2025-09-19-at-13.06.08-300x225.jpeg 300w, https:\/\/atecordoba.org\/wp-content\/uploads\/2025\/09\/WhatsApp-Image-2025-09-19-at-13.06.08-768x576.jpeg 768w, https:\/\/atecordoba.org\/wp-content\/uploads\/2025\/09\/WhatsApp-Image-2025-09-19-at-13.06.08-1536x1152.jpeg 1536w, https:\/\/atecordoba.org\/wp-content\/uploads\/2025\/09\/WhatsApp-Image-2025-09-19-at-13.06.08-750x563.jpeg 750w, https:\/\/atecordoba.org\/wp-content\/uploads\/2025\/09\/WhatsApp-Image-2025-09-19-at-13.06.08-1140x855.jpeg 1140w, https:\/\/atecordoba.org\/wp-content\/uploads\/2025\/09\/WhatsApp-Image-2025-09-19-at-13.06.08.jpeg 1600w\" sizes=\"auto, (max-width: 634px) 100vw, 634px\" \/>Hoy se llev\u00f3 adelante una audiencia entre ATE y la Direcci\u00f3n del Hospital Regional Villa Dolores, donde se abord\u00f3 la situaci\u00f3n de dos compa\u00f1eros y compa\u00f1eras plateados previamente. Tras la audiencia qued\u00f3 pendiente resolver un tercer caso.<\/p>\n<p>En la oportunidad, estuvieron en la reuni\u00f3n el director del centro de salud, Ramiro Papera, junto a su colaborador Mart\u00edn Saba, mientras que por nuestro gremio participaron la delegada Claudia Ortega y la integrante del Consejo Directivo Provincial Milagros Sozzi.<\/p>\n<p>Fue parte de la conversaci\u00f3n la violencia laboral, acoso y persecuci\u00f3n, en casos puntuales a afiliados de ATE, ejercida por miembros del SEP que ocupan cargos jer\u00e1rquicos a dedo y afectan sus legajos a compa\u00f1eros que cumplen con los requisitos para concursar.<\/p>\n<p>En consecuencia, ATE elev\u00f3 la propuesta de brindar capacitaciones en violencia institucional en el Hospital Villa Dolores.<\/p>\n<p>\u201cLa salida a los reclamos no es con violencia, sino acercando posiciones y respetando la ley y a cada uno de nuestros compa\u00f1eros en su conjunto en la comunidad hospitalaria\u201d, concluy\u00f3 la delegada Milagros Sozzi.<\/p>\n","protected":false},"excerpt":{"rendered":"<p>Hoy se llev\u00f3 adelante una audiencia entre ATE y la Direcci\u00f3n del Hospital Regional Villa Dolores, donde se abord\u00f3 la situaci\u00f3n de dos compa\u00f1eros y compa\u00f1eras plateados previamente. Tras la audiencia qued\u00f3 pendiente resolver un tercer caso. En la oportunidad, estuvieron en la reuni\u00f3n el director del centro de salud, Ramiro Papera, junto a su [&hellip;]<\/p>\n","protected":false},"author":7,"featured_media":50792,"comment_status":"open","ping_status":"open","sticky":false,"template":"","format":"standard","meta":{"_exactmetrics_skip_tracking":false,"_exactmetrics_sitenote_active":false,"_exactmetrics_sitenote_note":"","_exactmetrics_sitenote_category":0,"jnews-multi-image_gallery":[],"jnews_single_post":{"format":"standard","override":[{"template":"1","parallax":"1","fullscreen":"1","layout":"no-sidebar-narrow","sidebar":"default-sidebar","second_sidebar":"default-sidebar","sticky_sidebar":"1","share_position":"bottom","share_float_style":"share-monocrhome","show_share_counter":"1","show_view_counter":"1","show_post_meta":"1","show_post_author_image":"1","show_post_date":"1","post_date_format":"default","post_date_format_custom":"Y\/m\/d","show_post_category":"1","show_post_reading_time":"0","post_reading_time_wpm":"300","post_calculate_word_method":"str_word_count","show_zoom_button":"0","zoom_button_out_step":"2","zoom_button_in_step":"3","show_post_tag":"1","number_popup_post":"1","show_post_related":"1","show_inline_post_related":"0"}],"image_override":[{"single_post_thumbnail_size":"crop-500","single_post_gallery_size":"crop-500"}],"trending_post_position":"meta","trending_post_label":"Trending","sponsored_post_label":"Sponsored by","disable_ad":"0"},"jnews_primary_category":[],"jnews_social_meta":[],"jnews_review":[],"enable_review":"","type":"percentage","name":"","summary":"","brand":"","sku":"","good":[],"bad":[],"score_override":"","override_value":"","rating":[],"price":[],"jnews_override_counter":{"view_counter_number":"0","share_counter_number":"0","like_counter_number":"0","dislike_counter_number":"0"},"jnews_post_split":{"post_split":[{"template":"1","tag":"h2","numbering":"asc","mode":"normal","first":"0","enable_toc":"0","toc_type":"normal"}]},"footnotes":""},"categories":[8],"tags":[],"class_list":["post-50789","post","type-post","status-publish","format-standard","has-post-thumbnail","hentry","category-provinciales"],"jetpack_featured_media_url":"https:\/\/atecordoba.org\/wp-content\/uploads\/2025\/09\/WhatsApp-Image-2025-06-19-at-13.00.45.jpeg","_links":{"self":[{"href":"https:\/\/atecordoba.org\/index.php?rest_route=\/wp\/v2\/posts\/50789","targetHints":{"allow":["GET"]}}],"collection":[{"href":"https:\/\/atecordoba.org\/index.php?rest_route=\/wp\/v2\/posts"}],"about":[{"href":"https:\/\/atecordoba.org\/index.php?rest_route=\/wp\/v2\/types\/post"}],"author":[{"embeddable":true,"href":"https:\/\/atecordoba.org\/index.php?rest_route=\/wp\/v2\/users\/7"}],"replies":[{"embeddable":true,"href":"https:\/\/atecordoba.org\/index.php?rest_route=%2Fwp%2Fv2%2Fcomments&post=50789"}],"version-history":[{"count":3,"href":"https:\/\/atecordoba.org\/index.php?rest_route=\/wp\/v2\/posts\/50789\/revisions"}],"predecessor-version":[{"id":50796,"href":"https:\/\/atecordoba.org\/index.php?rest_route=\/wp\/v2\/posts\/50789\/revisions\/50796"}],"wp:featuredmedia":[{"embeddable":true,"href":"https:\/\/atecordoba.org\/index.php?rest_route=\/wp\/v2\/media\/50792"}],"wp:attachment":[{"href":"https:\/\/atecordoba.org\/index.php?rest_route=%2Fwp%2Fv2%2Fmedia&parent=50789"}],"wp:term":[{"taxonomy":"category","embeddable":true,"href":"https:\/\/atecordoba.org\/index.php?rest_route=%2Fwp%2Fv2%2Fcategories&post=50789"},{"taxonomy":"post_tag","embeddable":true,"href":"https:\/\/atecordoba.org\/index.php?rest_route=%2Fwp%2Fv2%2Ftags&post=50789"}],"curies":[{"name":"wp","href":"https:\/\/api.w.org\/{rel}","templated":true}]}}