{"id":50781,"date":"2025-09-19T10:20:10","date_gmt":"2025-09-19T13:20:10","guid":{"rendered":"https:\/\/atecordoba.org\/?p=50781"},"modified":"2025-09-19T14:09:33","modified_gmt":"2025-09-19T17:09:33","slug":"ate-reclama-que-el-aumento-de-llaryora-en-salud-se-haga-extensivo-a-todo-el-sector","status":"publish","type":"post","link":"https:\/\/atecordoba.org\/?p=50781","title":{"rendered":"ATE reclama que el aumento de Llaryora en salud se haga extensivo a todo el sector de las leyes 7233 y 7625"},"content":{"rendered":"<p><img loading=\"lazy\" decoding=\"async\" class=\"aligncenter wp-image-50782 \" src=\"https:\/\/atecordoba.org\/wp-content\/uploads\/2025\/09\/12_08_Paro_Salud_San_Francisco_14-1024x768.jpg\" alt=\"\" width=\"618\" height=\"464\" srcset=\"https:\/\/atecordoba.org\/wp-content\/uploads\/2025\/09\/12_08_Paro_Salud_San_Francisco_14-1024x768.jpg 1024w, https:\/\/atecordoba.org\/wp-content\/uploads\/2025\/09\/12_08_Paro_Salud_San_Francisco_14-300x225.jpg 300w, https:\/\/atecordoba.org\/wp-content\/uploads\/2025\/09\/12_08_Paro_Salud_San_Francisco_14-768x576.jpg 768w, https:\/\/atecordoba.org\/wp-content\/uploads\/2025\/09\/12_08_Paro_Salud_San_Francisco_14-750x563.jpg 750w, https:\/\/atecordoba.org\/wp-content\/uploads\/2025\/09\/12_08_Paro_Salud_San_Francisco_14.jpg 1032w\" sizes=\"auto, (max-width: 618px) 100vw, 618px\" \/>Frente al anuncio del gobernador Mart\u00edn Llaryora de una mejora salarial de 300 mil pesos en promedio para 2833 profesionales del sector salud, ATE C\u00f3rdoba reclama que dicho aumento se haga extensivo al resto de los agentes del sector salud de las leyes 7233 y 7625, cuyos salarios no alcanzan para llegar a fin de mes.<\/p>\n<p>La medida del Gobierno de C\u00f3rdoba, m\u00e1s all\u00e1 del justo reconocimiento para un grupo espec\u00edfico de trabajadores del sistema sanitario provincial, establece una brecha salarial con el resto del sector que profundiza las inequidades salariales de quienes cada d\u00eda cuidan y defienden la salud de la poblaci\u00f3n. La medida va a generar rispidez al interior del equipo de salud, entre t\u00e9cnicos y licenciados de varias profesiones debido a que el t\u00edtulo ya se paga con diferente\u00a0 valor.<\/p>\n<p>Esta brecha, donde unos quedan al tope de la pir\u00e1mide salarial y otros por el piso, genera una injusticia inaceptable, ya que si bien las responsabilidades profesionales deben ser reconocidas salarialmente, la diferencia no puede ni debe ser tan profunda. En la pir\u00e1mide salarial siempre se debe imponer la premisa suprema: a igual tarea, igual remuneraci\u00f3n.<\/p>\n<p>Los sueldos no alcanzan, nadie llega a fin de mes y buena parte del personal est\u00e1 pidiendo adelantos de haberes cada mes. El gobierno lo sabe muy bien.<\/p>\n<p>Cabe se\u00f1alar que genera malestar entre los y las trabajadoras que estos anuncios se realicen en medio de la campa\u00f1a electoral, cuando la regulaci\u00f3n salarial por ley del grupo de profesionales estaba pendiente desde hace un a\u00f1o y que las paritarias provinciales est\u00e1n cerradas hasta marzo de 2026, seg\u00fan anunci\u00f3 el propio Gobierno de C\u00f3rdoba.<\/p>\n<p>De esta manera ATE reclama al Gobierno de Llaryora equidad salarial y aumento extraordinario extensivo para todo el equipo de salud de C\u00f3rdoba.<\/p>\n","protected":false},"excerpt":{"rendered":"<p>Frente al anuncio del gobernador Mart\u00edn Llaryora de una mejora salarial de 300 mil pesos en promedio para 2833 profesionales del sector salud, ATE C\u00f3rdoba reclama que dicho aumento se haga extensivo al resto de los agentes del sector salud de las leyes 7233 y 7625, cuyos salarios no alcanzan para llegar a fin de [&hellip;]<\/p>\n","protected":false},"author":7,"featured_media":50782,"comment_status":"open","ping_status":"open","sticky":false,"template":"","format":"standard","meta":{"_exactmetrics_skip_tracking":false,"_exactmetrics_sitenote_active":false,"_exactmetrics_sitenote_note":"","_exactmetrics_sitenote_category":0,"jnews-multi-image_gallery":[],"jnews_single_post":{"format":"standard","override":[{"template":"1","parallax":"1","fullscreen":"1","layout":"no-sidebar-narrow","sidebar":"default-sidebar","second_sidebar":"default-sidebar","sticky_sidebar":"1","share_position":"bottom","share_float_style":"share-monocrhome","show_share_counter":"1","show_view_counter":"1","show_post_meta":"1","show_post_author_image":"1","show_post_date":"1","post_date_format":"default","post_date_format_custom":"Y\/m\/d","show_post_category":"1","show_post_reading_time":"0","post_reading_time_wpm":"300","post_calculate_word_method":"str_word_count","show_zoom_button":"0","zoom_button_out_step":"2","zoom_button_in_step":"3","show_post_tag":"1","number_popup_post":"1","show_post_related":"1","show_inline_post_related":"0"}],"image_override":[{"single_post_thumbnail_size":"crop-500","single_post_gallery_size":"crop-500"}],"trending_post_position":"meta","trending_post_label":"Trending","sponsored_post_label":"Sponsored by","disable_ad":"0"},"jnews_primary_category":[],"jnews_social_meta":[],"jnews_review":[],"enable_review":"","type":"percentage","name":"","summary":"","brand":"","sku":"","good":[],"bad":[],"score_override":"","override_value":"","rating":[],"price":[],"jnews_override_counter":{"view_counter_number":"0","share_counter_number":"0","like_counter_number":"0","dislike_counter_number":"0"},"jnews_post_split":{"post_split":[{"template":"1","tag":"h2","numbering":"asc","mode":"normal","first":"0","enable_toc":"0","toc_type":"normal"}]},"footnotes":""},"categories":[8],"tags":[],"class_list":["post-50781","post","type-post","status-publish","format-standard","has-post-thumbnail","hentry","category-provinciales"],"jetpack_featured_media_url":"https:\/\/atecordoba.org\/wp-content\/uploads\/2025\/09\/12_08_Paro_Salud_San_Francisco_14.jpg","_links":{"self":[{"href":"https:\/\/atecordoba.org\/index.php?rest_route=\/wp\/v2\/posts\/50781","targetHints":{"allow":["GET"]}}],"collection":[{"href":"https:\/\/atecordoba.org\/index.php?rest_route=\/wp\/v2\/posts"}],"about":[{"href":"https:\/\/atecordoba.org\/index.php?rest_route=\/wp\/v2\/types\/post"}],"author":[{"embeddable":true,"href":"https:\/\/atecordoba.org\/index.php?rest_route=\/wp\/v2\/users\/7"}],"replies":[{"embeddable":true,"href":"https:\/\/atecordoba.org\/index.php?rest_route=%2Fwp%2Fv2%2Fcomments&post=50781"}],"version-history":[{"count":2,"href":"https:\/\/atecordoba.org\/index.php?rest_route=\/wp\/v2\/posts\/50781\/revisions"}],"predecessor-version":[{"id":50794,"href":"https:\/\/atecordoba.org\/index.php?rest_route=\/wp\/v2\/posts\/50781\/revisions\/50794"}],"wp:featuredmedia":[{"embeddable":true,"href":"https:\/\/atecordoba.org\/index.php?rest_route=\/wp\/v2\/media\/50782"}],"wp:attachment":[{"href":"https:\/\/atecordoba.org\/index.php?rest_route=%2Fwp%2Fv2%2Fmedia&parent=50781"}],"wp:term":[{"taxonomy":"category","embeddable":true,"href":"https:\/\/atecordoba.org\/index.php?rest_route=%2Fwp%2Fv2%2Fcategories&post=50781"},{"taxonomy":"post_tag","embeddable":true,"href":"https:\/\/atecordoba.org\/index.php?rest_route=%2Fwp%2Fv2%2Ftags&post=50781"}],"curies":[{"name":"wp","href":"https:\/\/api.w.org\/{rel}","templated":true}]}}