{"id":5074,"date":"2015-04-13T15:58:28","date_gmt":"2015-04-13T18:58:28","guid":{"rendered":"http:\/\/www.atecordoba.org\/?p=5074"},"modified":"2015-04-13T15:58:28","modified_gmt":"2015-04-13T18:58:28","slug":"asamblea-en-cordoba-eligio-los-congresales-para-el-proximo-congreso-provincial","status":"publish","type":"post","link":"https:\/\/atecordoba.org\/?p=5074","title":{"rendered":"Asamblea en C\u00f3rdoba eligi\u00f3 los congresales para el pr\u00f3ximo congreso provincial"},"content":{"rendered":"<p><em>A sal\u00f3n lleno, afiliados de ATE C\u00f3rdoba eligieron durante una asamblea realizada el viernes pasado los 66 congresales para el pr\u00f3ximo congreso provincial que se realizara el 24 de abril en R\u00edo Tercero.<\/em><\/p>\n<p><a href=\"http:\/\/www.atecordoba.org\/wp-content\/uploads\/2015\/04\/IMG_7552-e1428951145745.jpg\"><img loading=\"lazy\" decoding=\"async\" class=\"aligncenter size-full wp-image-5075\" src=\"http:\/\/www.atecordoba.org\/wp-content\/uploads\/2015\/04\/IMG_7552-e1428951145745.jpg\" alt=\"IMG_7552\" width=\"550\" height=\"309\" \/><\/a><\/p>\n<p>La asamblea estuvo presidida por nuestra secretaria General, Mar\u00eda Teresa Romero, flanqueada por el secretario Adjunto, Oscar Mengarelli, y la secretaria Administrativa, Mar\u00eda Liliana Salerno. En medio de un clima de algarab\u00eda los compa\u00f1eros eligieron por unanimidad los 66 congresales correspondientes al CDP, que se sumar\u00e1n a los representantes de las tres seccionales del interior para participar del Congreso Ordinario y Extraordinario de nuestro gremio en la provincia.<\/p>\n<p><a href=\"http:\/\/www.atecordoba.org\/wp-content\/uploads\/2015\/04\/IMG_7548-e1428951244923.jpg\"><img loading=\"lazy\" decoding=\"async\" class=\"aligncenter size-full wp-image-5076\" src=\"http:\/\/www.atecordoba.org\/wp-content\/uploads\/2015\/04\/IMG_7548-e1428951244923.jpg\" alt=\"IMG_7548\" width=\"550\" height=\"309\" \/><\/a><\/p>\n<p>La gran participaci\u00f3n de los compa\u00f1eros afiliados confluy\u00f3 con la amplia\u00a0representaci\u00f3n presente de los diversos sectores de trabajo del Estado nacional, provincial y municipal organizados en ATE.<\/p>\n<p><a href=\"http:\/\/www.atecordoba.org\/wp-content\/uploads\/2015\/04\/IMG_7536-e1428951435897.jpg\"><img loading=\"lazy\" decoding=\"async\" class=\"aligncenter size-full wp-image-5077\" src=\"http:\/\/www.atecordoba.org\/wp-content\/uploads\/2015\/04\/IMG_7536-e1428951435897.jpg\" alt=\"IMG_7536\" width=\"550\" height=\"309\" \/><\/a><\/p>\n<p>Romero destac\u00f3 la presencia de los compa\u00f1eros y el respeto entre todos &#8220;en este verdadero acto de democracia interna que es la representaci\u00f3n plural que caracteriza a nuestra ATE. Ac\u00e1 cada uno puede pensar como quiere, lo importante es representar bien a los trabajadores y defender honestamente sus intereses&#8221;. Adem\u00e1s, la dirigente destac\u00f3 que el pr\u00f3ximo ser\u00e1 su \u00faltimo Congreso como secretaria General, ya que este a\u00f1o concluye su mandato.<\/p>\n","protected":false},"excerpt":{"rendered":"<p>A sal\u00f3n lleno, afiliados de ATE C\u00f3rdoba eligieron durante una asamblea realizada el viernes pasado los 66 congresales para el pr\u00f3ximo congreso provincial que se realizara el 24 de abril en R\u00edo Tercero. La asamblea estuvo presidida por nuestra secretaria General, Mar\u00eda Teresa Romero, flanqueada por el secretario Adjunto, Oscar Mengarelli, y la secretaria Administrativa, [&hellip;]<\/p>\n","protected":false},"author":1,"featured_media":19220,"comment_status":"open","ping_status":"open","sticky":false,"template":"","format":"standard","meta":{"_exactmetrics_skip_tracking":false,"_exactmetrics_sitenote_active":false,"_exactmetrics_sitenote_note":"","_exactmetrics_sitenote_category":0,"jnews-multi-image_gallery":[],"jnews_single_post":[],"jnews_primary_category":[],"jnews_social_meta":[],"jnews_review":[],"enable_review":"","type":"","name":"","summary":"","brand":"","sku":"","good":[],"bad":[],"score_override":"","override_value":"","rating":[],"price":[],"jnews_override_counter":[],"jnews_post_split":[],"footnotes":""},"categories":[1],"tags":[],"class_list":["post-5074","post","type-post","status-publish","format-standard","has-post-thumbnail","hentry","category-sin-categoria"],"jetpack_featured_media_url":"https:\/\/atecordoba.org\/wp-content\/uploads\/2020\/05\/logo-nuevochico-e1561581322808.png","_links":{"self":[{"href":"https:\/\/atecordoba.org\/index.php?rest_route=\/wp\/v2\/posts\/5074","targetHints":{"allow":["GET"]}}],"collection":[{"href":"https:\/\/atecordoba.org\/index.php?rest_route=\/wp\/v2\/posts"}],"about":[{"href":"https:\/\/atecordoba.org\/index.php?rest_route=\/wp\/v2\/types\/post"}],"author":[{"embeddable":true,"href":"https:\/\/atecordoba.org\/index.php?rest_route=\/wp\/v2\/users\/1"}],"replies":[{"embeddable":true,"href":"https:\/\/atecordoba.org\/index.php?rest_route=%2Fwp%2Fv2%2Fcomments&post=5074"}],"version-history":[{"count":0,"href":"https:\/\/atecordoba.org\/index.php?rest_route=\/wp\/v2\/posts\/5074\/revisions"}],"wp:featuredmedia":[{"embeddable":true,"href":"https:\/\/atecordoba.org\/index.php?rest_route=\/wp\/v2\/media\/19220"}],"wp:attachment":[{"href":"https:\/\/atecordoba.org\/index.php?rest_route=%2Fwp%2Fv2%2Fmedia&parent=5074"}],"wp:term":[{"taxonomy":"category","embeddable":true,"href":"https:\/\/atecordoba.org\/index.php?rest_route=%2Fwp%2Fv2%2Fcategories&post=5074"},{"taxonomy":"post_tag","embeddable":true,"href":"https:\/\/atecordoba.org\/index.php?rest_route=%2Fwp%2Fv2%2Ftags&post=5074"}],"curies":[{"name":"wp","href":"https:\/\/api.w.org\/{rel}","templated":true}]}}