{"id":50733,"date":"2025-09-17T09:57:16","date_gmt":"2025-09-17T12:57:16","guid":{"rendered":"https:\/\/atecordoba.org\/?p=50733"},"modified":"2025-09-17T09:58:24","modified_gmt":"2025-09-17T12:58:24","slug":"villa-maria-ate-cordoba-sella-un-convenio-de-atencion-para-afiliados-as-con-la-mutual-maradona-salud","status":"publish","type":"post","link":"https:\/\/atecordoba.org\/?p=50733","title":{"rendered":"Villa Mar\u00eda: ATE C\u00f3rdoba sella un convenio de atenci\u00f3n para afiliados\/as con la Mutual Maradona Salud"},"content":{"rendered":"<p><img loading=\"lazy\" decoding=\"async\" class=\"alignright wp-image-50734 size-medium\" src=\"https:\/\/atecordoba.org\/wp-content\/uploads\/2025\/09\/maradona-salud-300x188.jpg\" alt=\"\" width=\"300\" height=\"188\" srcset=\"https:\/\/atecordoba.org\/wp-content\/uploads\/2025\/09\/maradona-salud-300x188.jpg 300w, https:\/\/atecordoba.org\/wp-content\/uploads\/2025\/09\/maradona-salud.jpg 460w\" sizes=\"auto, (max-width: 300px) 100vw, 300px\" \/>El pasado 1\u00ba de agosto el Consejo Directivo Provincial firm\u00f3 un convenio de servicios con la Asociaci\u00f3n Mutual Esteban Laureano Maradona Salud, entidad que presta servicios de salud en la localidad de Villa Mar\u00eda.<\/p>\n<p>La firma del convenio estuvo a cargo del secretario General de ATE C\u00f3rdoba, Federico Giuliani, y el secretario de Acci\u00f3n Social, Agust\u00edn Bertone.<\/p>\n<p>De esta forma, la totalidad de los y las afiliadas de ATE podr\u00e1n hacer uso de los servicios que brinda <a href=\"https:\/\/nueva.maradonasalud.com.ar\/\">Maradona Salud<\/a>, a trav\u00e9s de 74 profesionales de diversas especialidades -que facilitamos seguidamente- que incluyen toda la n\u00f3mina del listado de prestaciones de la mutual, con sus co-seguros correspondientes.<\/p>\n<p>ATE C\u00f3rdoba contin\u00faa as\u00ed brindando beneficios de acci\u00f3n para todos y todas las afiliadas estatales en la provincia.<\/p>\n<p><a href=\"https:\/\/atecordoba.org\/wp-content\/uploads\/2025\/09\/CONVENIO-ATE-CORDOBA-MARADONA-SALUD.pdf\" class=\"pdfemb-viewer\" style=\"\" data-width=\"max\" data-height=\"max\" data-toolbar=\"bottom\" data-toolbar-fixed=\"off\">CONVENIO ATE CORDOBA - MARADONA SALUD<\/a> <a href=\"https:\/\/atecordoba.org\/wp-content\/uploads\/2025\/09\/NOMENCLADOR-LAB-SEPTIEMBRE-2025-OTROS-CONVENIOS.pdf\" class=\"pdfemb-viewer\" style=\"\" data-width=\"max\" data-height=\"max\" data-toolbar=\"bottom\" data-toolbar-fixed=\"off\">NOMENCLADOR LAB SEPTIEMBRE 2025 - OTROS CONVENIOS<\/a> <a href=\"https:\/\/atecordoba.org\/wp-content\/uploads\/2025\/09\/NOMENCLADOR-ODONTO-OTROS-CONVENIOS.pdf\" class=\"pdfemb-viewer\" style=\"\" data-width=\"max\" data-height=\"max\" data-toolbar=\"bottom\" data-toolbar-fixed=\"off\">NOMENCLADOR ODONTO - OTROS CONVENIOS<\/a> <a href=\"https:\/\/atecordoba.org\/wp-content\/uploads\/2025\/09\/NOMENCLADOR-PREST-GENERALES-SEPTIEMBRE-2025-OTROS-CONVENIOS.pdf\" class=\"pdfemb-viewer\" style=\"\" data-width=\"max\" data-height=\"max\" data-toolbar=\"bottom\" data-toolbar-fixed=\"off\">NOMENCLADOR PREST GENERALES SEPTIEMBRE 2025 - OTROS CONVENIOS<\/a><\/p>\n<p>&nbsp;<\/p>\n","protected":false},"excerpt":{"rendered":"<p>El pasado 1\u00ba de agosto el Consejo Directivo Provincial firm\u00f3 un convenio de servicios con la Asociaci\u00f3n Mutual Esteban Laureano Maradona Salud, entidad que presta servicios de salud en la localidad de Villa Mar\u00eda. La firma del convenio estuvo a cargo del secretario General de ATE C\u00f3rdoba, Federico Giuliani, y el secretario de Acci\u00f3n Social, [&hellip;]<\/p>\n","protected":false},"author":7,"featured_media":50734,"comment_status":"open","ping_status":"open","sticky":false,"template":"","format":"standard","meta":{"_exactmetrics_skip_tracking":false,"_exactmetrics_sitenote_active":false,"_exactmetrics_sitenote_note":"","_exactmetrics_sitenote_category":0,"jnews-multi-image_gallery":[],"jnews_single_post":{"format":"standard","override":[{"template":"1","parallax":"1","fullscreen":"1","layout":"no-sidebar-narrow","sidebar":"default-sidebar","second_sidebar":"default-sidebar","sticky_sidebar":"1","share_position":"bottom","share_float_style":"share-monocrhome","show_share_counter":"1","show_view_counter":"1","show_post_meta":"1","show_post_author_image":"1","show_post_date":"1","post_date_format":"default","post_date_format_custom":"Y\/m\/d","show_post_category":"1","show_post_reading_time":"0","post_reading_time_wpm":"300","post_calculate_word_method":"str_word_count","show_zoom_button":"0","zoom_button_out_step":"2","zoom_button_in_step":"3","show_post_tag":"1","number_popup_post":"1","show_post_related":"1","show_inline_post_related":"0"}],"image_override":[{"single_post_thumbnail_size":"crop-500","single_post_gallery_size":"crop-500"}],"trending_post_position":"meta","trending_post_label":"Trending","sponsored_post_label":"Sponsored by","disable_ad":"0"},"jnews_primary_category":[],"jnews_social_meta":[],"jnews_review":[],"enable_review":"","type":"percentage","name":"","summary":"","brand":"","sku":"","good":[],"bad":[],"score_override":"","override_value":"","rating":[],"price":[],"jnews_override_counter":{"view_counter_number":"0","share_counter_number":"0","like_counter_number":"0","dislike_counter_number":"0"},"jnews_post_split":{"post_split":[{"template":"1","tag":"h2","numbering":"asc","mode":"normal","first":"0","enable_toc":"0","toc_type":"normal"}]},"footnotes":""},"categories":[10],"tags":[],"class_list":["post-50733","post","type-post","status-publish","format-standard","has-post-thumbnail","hentry","category-accion-politica"],"jetpack_featured_media_url":"https:\/\/atecordoba.org\/wp-content\/uploads\/2025\/09\/maradona-salud.jpg","_links":{"self":[{"href":"https:\/\/atecordoba.org\/index.php?rest_route=\/wp\/v2\/posts\/50733","targetHints":{"allow":["GET"]}}],"collection":[{"href":"https:\/\/atecordoba.org\/index.php?rest_route=\/wp\/v2\/posts"}],"about":[{"href":"https:\/\/atecordoba.org\/index.php?rest_route=\/wp\/v2\/types\/post"}],"author":[{"embeddable":true,"href":"https:\/\/atecordoba.org\/index.php?rest_route=\/wp\/v2\/users\/7"}],"replies":[{"embeddable":true,"href":"https:\/\/atecordoba.org\/index.php?rest_route=%2Fwp%2Fv2%2Fcomments&post=50733"}],"version-history":[{"count":2,"href":"https:\/\/atecordoba.org\/index.php?rest_route=\/wp\/v2\/posts\/50733\/revisions"}],"predecessor-version":[{"id":50740,"href":"https:\/\/atecordoba.org\/index.php?rest_route=\/wp\/v2\/posts\/50733\/revisions\/50740"}],"wp:featuredmedia":[{"embeddable":true,"href":"https:\/\/atecordoba.org\/index.php?rest_route=\/wp\/v2\/media\/50734"}],"wp:attachment":[{"href":"https:\/\/atecordoba.org\/index.php?rest_route=%2Fwp%2Fv2%2Fmedia&parent=50733"}],"wp:term":[{"taxonomy":"category","embeddable":true,"href":"https:\/\/atecordoba.org\/index.php?rest_route=%2Fwp%2Fv2%2Fcategories&post=50733"},{"taxonomy":"post_tag","embeddable":true,"href":"https:\/\/atecordoba.org\/index.php?rest_route=%2Fwp%2Fv2%2Ftags&post=50733"}],"curies":[{"name":"wp","href":"https:\/\/api.w.org\/{rel}","templated":true}]}}